{"id":224,"date":"2026-04-10T08:51:45","date_gmt":"2026-04-10T08:51:45","guid":{"rendered":"https:\/\/inforgomes.pt\/astronomy\/?p=224"},"modified":"2026-04-10T08:51:45","modified_gmt":"2026-04-10T08:51:45","slug":"sera-que-foi-detectado-o-primeiro-par-intimo-de-buracos-negros-super-massivos","status":"publish","type":"post","link":"https:\/\/inforgomes.pt\/astronomy\/2026\/04\/10\/sera-que-foi-detectado-o-primeiro-par-intimo-de-buracos-negros-super-massivos\/","title":{"rendered":"Ser\u00e1 que foi detectado o primeiro par \u00edntimo de buracos negros super-massivos?"},"content":{"rendered":"<div class=\"pld-like-dislike-wrap pld-template-1\">\r\n    <div class=\"pld-like-wrap  pld-common-wrap\">\r\n    <a href=\"javascript:void(0)\" class=\"pld-like-trigger pld-like-dislike-trigger  \" title=\"Gosto\" data-post-id=\"224\" data-trigger-type=\"like\" data-restriction=\"no\" data-already-liked=\"0\">\r\n                        <i class=\"fas fa-thumbs-up\"><\/i>\r\n                <\/a>\r\n    <span class=\"pld-like-count-wrap pld-count-wrap\">1    <\/span>\r\n<\/div><div class=\"pld-dislike-wrap  pld-common-wrap\">\r\n    <a href=\"javascript:void(0)\" class=\"pld-dislike-trigger pld-like-dislike-trigger  \" title=\"N\u00e3o gosto\" data-post-id=\"224\" data-trigger-type=\"dislike\" data-restriction=\"no\" data-already-liked=\"0\">\r\n                        <i class=\"fas fa-thumbs-down\"><\/i>\r\n                <\/a>\r\n    <span class=\"pld-dislike-count-wrap pld-count-wrap\">0<\/span>\r\n<\/div><\/div><p>&nbsp;<\/p>\n<p style=\"text-align: justify;\">Descobertas actuais sugerem a exist\u00eancia de um buraco negro super-massivo no centro de quase todas as grandes gal\u00e1xias, com uma massa milh\u00f5es ou mesmo milhares de milh\u00f5es de vezes superior \u00e0 do nosso Sol. Ainda n\u00e3o se sabe ao certo como \u00e9 que conseguem atingir massas t\u00e3o grandes. A simples acre\u00e7\u00e3o do g\u00e1s da \u00e1rea circundante demoraria demasiado tempo, pelo que \u00e9 prov\u00e1vel que tenham de se fundir com outros buracos negros massivos. J\u00e1 foram observadas colis\u00f5es de gal\u00e1xias em todo o nosso Universo. \u00c9, portanto, muito prov\u00e1vel que os buracos negros super-massivos no centro destas gal\u00e1xias em colis\u00e3o tamb\u00e9m se fundam, primeiro orbitando-se cada vez mais perto e, por fim, fundindo-se num s\u00f3.<\/p>\n<div id=\"attachment_225\" style=\"width: 1210px\" class=\"wp-caption aligncenter\"><img loading=\"lazy\" decoding=\"async\" aria-describedby=\"caption-attachment-225\" class=\"size-full wp-image-225\" src=\"https:\/\/inforgomes.pt\/astronomy\/wp-content\/uploads\/2026\/04\/ccvalg10042026-03.png\" alt=\"\" width=\"1200\" height=\"900\" srcset=\"https:\/\/inforgomes.pt\/astronomy\/wp-content\/uploads\/2026\/04\/ccvalg10042026-03.png 1200w, https:\/\/inforgomes.pt\/astronomy\/wp-content\/uploads\/2026\/04\/ccvalg10042026-03-300x225.png 300w, https:\/\/inforgomes.pt\/astronomy\/wp-content\/uploads\/2026\/04\/ccvalg10042026-03-1024x768.png 1024w, https:\/\/inforgomes.pt\/astronomy\/wp-content\/uploads\/2026\/04\/ccvalg10042026-03-768x576.png 768w, https:\/\/inforgomes.pt\/astronomy\/wp-content\/uploads\/2026\/04\/ccvalg10042026-03-400x300.png 400w\" sizes=\"auto, (max-width: 1200px) 100vw, 1200px\" \/><p id=\"caption-attachment-225\" class=\"wp-caption-text\">A representa\u00e7\u00e3o art\u00edstica mostra o centro da gal\u00e1xia Markarian 501, de onde s\u00e3o emanados dois jactos poderosos. O buraco negro super-massivo no centro, cuja exist\u00eancia j\u00e1 era conhecida, desvia parcialmente a luz do jacto que se encontra por detr\u00e1s dele, formando o chamado anel de Einstein. Este jacto curvado tem, muito provavelmente, origem num segundo buraco negro, ainda n\u00e3o observado. As observa\u00e7\u00f5es de r\u00e1dio s\u00e3o vis\u00edveis como contornos no fundo.<br \/>Cr\u00e9dito: Emma Kun\/Observat\u00f3rio HUN-REN Konkoly\/realizado com apoio da IA<\/p><\/div>\n<p class=\"body_text\" style=\"text-align: justify;\"><span style=\"font-family: Aldrich; font-size: 20px;\">Um revelador feixe de part\u00edculas<\/span><\/p>\n<p class=\"body_text\" style=\"text-align: justify;\">No entanto, os modelos te\u00f3ricos ainda n\u00e3o conseguem descrever com precis\u00e3o esta fase final. Para complicar ainda mais as coisas, ainda n\u00e3o foi detectado de forma fi\u00e1vel nenhum par \u00edntimo de buracos negros massivos, apesar de as colis\u00f5es entre gal\u00e1xias serem comuns em escalas c\u00f3smicas de tempo.<\/p>\n<p class=\"body_text\" style=\"text-align: justify;\">Uma equipa internacional liderada por Silke Britzen, do Instituto Max Planck de Radioastronomia em Bona, Alemanha, encontrou evid\u00eancias directas da exist\u00eancia de um par deste tipo no centro de Markarian 501. O seu trabalho foi aceite para publica\u00e7\u00e3o na revista Monthly Notices of the Royal Astronomical Society e aparecer\u00e1 numa pr\u00f3xima edi\u00e7\u00e3o.<\/p>\n<p class=\"body_text\" style=\"text-align: justify;\">O buraco negro no centro de Markarian 501 ejecta para o espa\u00e7o um poderoso jacto de part\u00edculas que viajam quase \u00e0 velocidade da luz. Para o estudo, a equipa analisou observa\u00e7\u00f5es de alta resolu\u00e7\u00e3o da regi\u00e3o. Estas abrangem v\u00e1rias frequ\u00eancias de r\u00e1dio e foram recolhidas ao longo de d\u00fazias de dias, num per\u00edodo de aproximadamente 23 anos. Estes dados de longo prazo revelam n\u00e3o s\u00f3 um \u00fanico jacto, mas tamb\u00e9m um segundo.<\/p>\n<p class=\"body_text\" style=\"text-align: justify;\">Trata-se da primeira imagem directa de um sistema deste tipo no centro de uma gal\u00e1xia e uma indica\u00e7\u00e3o clara da exist\u00eancia de um segundo buraco negro super-massivo. &#8220;Procur\u00e1mos durante tanto tempo e foi uma surpresa total n\u00e3o s\u00f3 poder ver um segundo jato, mas tamb\u00e9m acompanhar o seu movimento&#8221;, relata Silke Britzen.<\/p>\n<p class=\"body_text\" style=\"text-align: justify;\"><span style=\"font-family: Aldrich; font-size: 20px;\">Dan\u00e7a \u00edntima de buracos negros<\/span><\/p>\n<p class=\"body_text\" style=\"text-align: justify;\">O primeiro jato aponta para a Terra, raz\u00e3o pela qual nos parece particularmente brilhante e \u00e9 conhecido h\u00e1 muito tempo. O segundo jato est\u00e1 orientado de forma diferente e foi, por isso, mais dif\u00edcil de detectar. Ao longo de um per\u00edodo de apenas algumas semanas, os astr\u00f3nomos observaram mudan\u00e7as significativas: o segundo jacto come\u00e7a atr\u00e1s do buraco negro maior e move-se, \u00e0 sua volta, no sentido contr\u00e1rio ao dos ponteiros do rel\u00f3gio. Este processo repete-se. &#8220;Avaliar os dados foi como estar num navio. Todo o sistema de jactos est\u00e1 em movimento. Um sistema de dois buracos negros pode explicar isto: o plano orbital oscila&#8221;, explica Silke Britzen.<\/p>\n<p class=\"body_text\" style=\"text-align: justify;\">Num dia de observa\u00e7\u00e3o em Junho de 2022, a radia\u00e7\u00e3o emitida pelo sistema chegou at\u00e9 n\u00f3s por um percurso t\u00e3o sinuoso que parecia ter a forma de um anel &#8211; o chamado anel de Einstein. Uma explica\u00e7\u00e3o consistente com a interpreta\u00e7\u00e3o de um sistema bin\u00e1rio de buracos negros seria que o sistema estava perfeitamente alinhado com a Terra. A lente gravitacional do buraco negro conhecido em frente moldou ent\u00e3o a luz do segundo jato por detr\u00e1s.<\/p>\n<div id=\"attachment_226\" style=\"width: 1210px\" class=\"wp-caption aligncenter\"><img loading=\"lazy\" decoding=\"async\" aria-describedby=\"caption-attachment-226\" class=\"size-full wp-image-226\" src=\"https:\/\/inforgomes.pt\/astronomy\/wp-content\/uploads\/2026\/04\/ccvalg10042026-04.png\" alt=\"\" width=\"1200\" height=\"403\" srcset=\"https:\/\/inforgomes.pt\/astronomy\/wp-content\/uploads\/2026\/04\/ccvalg10042026-04.png 1200w, https:\/\/inforgomes.pt\/astronomy\/wp-content\/uploads\/2026\/04\/ccvalg10042026-04-300x101.png 300w, https:\/\/inforgomes.pt\/astronomy\/wp-content\/uploads\/2026\/04\/ccvalg10042026-04-1024x344.png 1024w, https:\/\/inforgomes.pt\/astronomy\/wp-content\/uploads\/2026\/04\/ccvalg10042026-04-768x258.png 768w, https:\/\/inforgomes.pt\/astronomy\/wp-content\/uploads\/2026\/04\/ccvalg10042026-04-500x168.png 500w\" sizes=\"auto, (max-width: 1200px) 100vw, 1200px\" \/><p id=\"caption-attachment-226\" class=\"wp-caption-text\">A representa\u00e7\u00e3o gr\u00e1fica mostra a regi\u00e3o central da gal\u00e1xia Markarian 501 a uma frequ\u00eancia de 43 gigahertz em tr\u00eas dias diferentes. Os contornos indicam a intensidade da emiss\u00e3o, enquanto os c\u00edrculos cinzentos assinalam regi\u00f5es brilhantes dentro do jacto, identificadas atrav\u00e9s de c\u00e1lculos de modelos. \u00c9 poss\u00edvel acompanhar o movimento dos jactos observando a evolu\u00e7\u00e3o destas regi\u00f5es. O jacto anteriormente conhecido (Jacto 1, linha laranja) que aponta para a Terra \u00e9 claramente vis\u00edvel. O segundo jacto rec\u00e9m-descoberto (Jacto 2, azul) alterou o seu aspecto no espa\u00e7o de algumas semanas. Ambos os fluxos de part\u00edculas t\u00eam origem pr\u00f3ximos um do outro, no n\u00facleo da gal\u00e1xia. A posi\u00e7\u00e3o do buraco negro (BH) associado ao Jacto 1 est\u00e1 marcada com uma seta.<br \/>Cr\u00e9dito: S. Britzen<\/p><\/div>\n<p class=\"body_text\" style=\"text-align: justify;\">Ao analisar a evolu\u00e7\u00e3o ao longo do tempo e os padr\u00f5es recorrentes no brilho dos jactos, os investigadores conseguiram deduzir que os dois buracos negros se orbitam um ao outro com um per\u00edodo de aproximadamente 121 dias. Est\u00e3o separados por uma dist\u00e2ncia cerca de 250 a 540 vezes superior \u00e0 dist\u00e2ncia entre a Terra e o Sol &#8211; uma dist\u00e2ncia min\u00fascula para objectos t\u00e3o extremos, com massas entre 100 milh\u00f5es e mil milh\u00f5es de vezes a do Sol. Dependendo das suas massas reais, a dist\u00e2ncia entre eles poderia diminuir t\u00e3o rapidamente que poderiam fundir-se em apenas 100 anos.<\/p>\n<p class=\"body_text\" style=\"text-align: justify;\"><span style=\"font-family: Aldrich; font-size: 20px;\">Contagem decrescente para o final<\/span><\/p>\n<p class=\"body_text\" style=\"text-align: justify;\">Devido \u00e0 grande dist\u00e2ncia entre a gal\u00e1xia Markarian 501 e a Terra, nem mesmo os m\u00e9todos de observa\u00e7\u00e3o mais avan\u00e7ados conseguem captar os dois buracos negros como objectos separados. Nem mesmo o EHT (Event Horizon Telescope), que nos forneceu as primeiras imagens de buracos negros em 2019 e 2022, \u00e9 suficientemente potente. A \u00f3rbita cada vez mais pequena do par em Markarian 501 n\u00e3o ser\u00e1, portanto, directamente observ\u00e1vel. No entanto, os cientistas esperam encontrar evid\u00eancias claras da separa\u00e7\u00e3o cada vez menor entre os dois buracos negros: o sistema dever\u00e1 emitir ondas gravitacionais em frequ\u00eancias muito baixas, que poder\u00e3o ser detetadas utilizando redes de temporiza\u00e7\u00e3o de pulsares.<\/p>\n<p class=\"body_text\" style=\"text-align: justify;\">Os sistemas bin\u00e1rios de buracos negros super-massivos j\u00e1 constituem a explica\u00e7\u00e3o mais prov\u00e1vel para o fundo de ondas gravitacionais observado, cujas evid\u00eancias foram encontradas em 2023 pela EPTA (European Pulsar Timing Array) e por outras institui\u00e7\u00f5es.<\/p>\n<p class=\"body_text\" style=\"text-align: justify;\">Markarian 501 \u00e9 agora uma das principais candidatas para atribuir a emiss\u00e3o de ondas gravitacionais, medida com as redes de temporiza\u00e7\u00e3o de pulsares, a um sistema bin\u00e1rio espec\u00edfico de buracos negros super-massivos. &#8220;Se forem detectadas ondas gravitacionais, poderemos at\u00e9 ver a sua frequ\u00eancia aumentar de forma constante \u00e0 medida que os dois gigantes espiralam para a colis\u00e3o, oferecendo uma oportunidade rara de assistir ao desenrolar de uma fus\u00e3o de buracos negros super-massivos&#8221;, salienta o co-autor H\u00e9ctor Olivares.<\/p>\n<p class=\"small_default\" style=\"text-align: justify;\"><a href=\"https:\/\/www.mpg.de\/26343356\/first-close-pair-of-supermassive-black-holes-detected\" target=\"_blank\" rel=\"noopener\">\/\/ Sociedade Max Planck (comunicado de imprensa)<\/a><br \/>\n<a href=\"https:\/\/academic.oup.com\/mnras\/advance-article\/doi\/10.1093\/mnras\/stag291\/8551337?login=false\" target=\"_blank\" rel=\"noopener\">\/\/ Artigo cient\u00edfico (Monthly Notices of the Royal Astronomical Society)<\/a><\/p>\n<p style=\"text-align: justify;\"><a href=\"https:\/\/www.ccvalg.pt\/astronomia\/noticias\/2026\/04\/10_buracos_negros_mkr_501.htm\" target=\"_blank\" rel=\"noopener\">CCVALG<\/a><br \/>\n10.04.2026<\/p>\n<p><code class=\"sr-shortcode\"><div class=\"stars-avg-rating\"><span class=\"rating-stars stars-style-solid\"><i class=\"fa\"><\/i><i class=\"fa\"><\/i><i class=\"fa\"><\/i><i class=\"fa\"><\/i><i class=\"fa\"><\/i><\/span><span class=\"rating-text\">Be the first to write a review<\/span><\/div><\/code><\/p>\n<p><img loading=\"lazy\" decoding=\"async\" class=\"alignnone wp-image-23\" src=\"https:\/\/inforgomes.pt\/astronomy\/wp-content\/uploads\/2026\/03\/ass-200.jpg\" alt=\"\" width=\"124\" height=\"124\" srcset=\"https:\/\/inforgomes.pt\/astronomy\/wp-content\/uploads\/2026\/03\/ass-200.jpg 200w, https:\/\/inforgomes.pt\/astronomy\/wp-content\/uploads\/2026\/03\/ass-200-150x150.jpg 150w\" sizes=\"auto, (max-width: 124px) 100vw, 124px\" \/><\/p>\n<p><span style=\"font-size: 20px;\">\ud83c\uddf5\ud83c\uddf9 <span style=\"font-size: 14px; font-family: Aldrich;\">Aqui escreve-se em Portugu\u00eas de Portugal (n\u00e3o adulterado), pr\u00e9-AO <span style=\"font-size: 20px;\">\ud83c\uddf5\ud83c\uddf9<\/span><\/span><\/span><\/p>\n<p><span style=\"font-size: 12px;\"><em><span style=\"font-size: 16px;\">Portal:<\/span><a href=\"https:\/\/inforgomes.pt\" target=\"_blank\" rel=\"noopener\"><span style=\"font-size: 16px;\"> https:\/\/inforgomes.pt\/<\/span><\/a><\/em><\/span><\/p>\n<p><div class=\"note\"><div class=\"noteclassic\"> <img loading=\"lazy\" decoding=\"async\" class=\"alignnone wp-image-12490\" src=\"https:\/\/apokalypsus.live\/cozinha\/wp-content\/uploads\/2026\/01\/apokalypsus-ass-oval-150transp.png\" alt=\"\" width=\"28\" height=\"30\" \/> <span style=\"font-size: 12px;\"><em>Webdesigner, Computer Networks and Systems, <\/em><\/span><span style=\"font-size: 12px;\"><em>Programmer, Astronomer, Photographer, Blogger, Culinary Cook<\/em><\/span><span style=\"font-size: 12px;\"><em>, Certificate Microsoft Network Server, <\/em><\/span><span style=\"font-size: 12px;\"><em>Administrative and Financial Manager, IA, Scientific Researcher, Digital Content Performer, Musician: Spanish Classical Viola, Double Bass, Vocalist and Drummer <\/em><\/div><\/div><em><br \/>\n<\/em><\/span><\/p>\n<p><img loading=\"lazy\" decoding=\"async\" class=\"alignnone wp-image-1758\" src=\"https:\/\/inforgomes.pt\/cozinha\/wp-content\/uploads\/2024\/03\/nao-AO.png\" alt=\"\" width=\"108\" height=\"108\" \/><img loading=\"lazy\" decoding=\"async\" class=\"alignnone wp-image-1791\" src=\"https:\/\/inforgomes.pt\/cozinha\/wp-content\/uploads\/2024\/03\/meio-ambiente.png\" alt=\"\" width=\"112\" height=\"115\" \/><\/p>\n<p>published in: 10.04.2026<\/p>\n<p>&nbsp;<\/p>\n<div class=\"pvc_clear\"><\/div>\n<p id=\"pvc_stats_224\" class=\"pvc_stats all  \" data-element-id=\"224\" style=\"\"><i class=\"pvc-stats-icon medium\" aria-hidden=\"true\"><svg aria-hidden=\"true\" focusable=\"false\" data-prefix=\"far\" data-icon=\"chart-bar\" role=\"img\" xmlns=\"http:\/\/www.w3.org\/2000\/svg\" viewBox=\"0 0 512 512\" class=\"svg-inline--fa fa-chart-bar fa-w-16 fa-2x\"><path fill=\"currentColor\" d=\"M396.8 352h22.4c6.4 0 12.8-6.4 12.8-12.8V108.8c0-6.4-6.4-12.8-12.8-12.8h-22.4c-6.4 0-12.8 6.4-12.8 12.8v230.4c0 6.4 6.4 12.8 12.8 12.8zm-192 0h22.4c6.4 0 12.8-6.4 12.8-12.8V140.8c0-6.4-6.4-12.8-12.8-12.8h-22.4c-6.4 0-12.8 6.4-12.8 12.8v198.4c0 6.4 6.4 12.8 12.8 12.8zm96 0h22.4c6.4 0 12.8-6.4 12.8-12.8V204.8c0-6.4-6.4-12.8-12.8-12.8h-22.4c-6.4 0-12.8 6.4-12.8 12.8v134.4c0 6.4 6.4 12.8 12.8 12.8zM496 400H48V80c0-8.84-7.16-16-16-16H16C7.16 64 0 71.16 0 80v336c0 17.67 14.33 32 32 32h464c8.84 0 16-7.16 16-16v-16c0-8.84-7.16-16-16-16zm-387.2-48h22.4c6.4 0 12.8-6.4 12.8-12.8v-70.4c0-6.4-6.4-12.8-12.8-12.8h-22.4c-6.4 0-12.8 6.4-12.8 12.8v70.4c0 6.4 6.4 12.8 12.8 12.8z\" class=\"\"><\/path><\/svg><\/i> <img loading=\"lazy\" decoding=\"async\" width=\"16\" height=\"16\" alt=\"Loading\" src=\"https:\/\/inforgomes.pt\/astronomy\/wp-content\/plugins\/page-views-count\/ajax-loader-2x.gif\" border=0 \/><\/p>\n<div class=\"pvc_clear\"><\/div>\n","protected":false},"excerpt":{"rendered":"<p>1 0 &nbsp; Descobertas actuais sugerem a exist\u00eancia de um buraco negro super-massivo no centro de quase todas as grandes gal\u00e1xias, com uma massa milh\u00f5es ou mesmo milhares de milh\u00f5es de vezes superior \u00e0 do nosso Sol. Ainda n\u00e3o se &hellip; <a href=\"https:\/\/inforgomes.pt\/astronomy\/2026\/04\/10\/sera-que-foi-detectado-o-primeiro-par-intimo-de-buracos-negros-super-massivos\/\">Continue reading <span class=\"meta-nav\">&rarr;<\/span><\/a><\/p>\n<div class=\"pvc_clear\"><\/div>\n<p id=\"pvc_stats_224\" class=\"pvc_stats all  \" data-element-id=\"224\" style=\"\"><i class=\"pvc-stats-icon medium\" aria-hidden=\"true\"><svg aria-hidden=\"true\" focusable=\"false\" data-prefix=\"far\" data-icon=\"chart-bar\" role=\"img\" xmlns=\"http:\/\/www.w3.org\/2000\/svg\" viewBox=\"0 0 512 512\" class=\"svg-inline--fa fa-chart-bar fa-w-16 fa-2x\"><path fill=\"currentColor\" d=\"M396.8 352h22.4c6.4 0 12.8-6.4 12.8-12.8V108.8c0-6.4-6.4-12.8-12.8-12.8h-22.4c-6.4 0-12.8 6.4-12.8 12.8v230.4c0 6.4 6.4 12.8 12.8 12.8zm-192 0h22.4c6.4 0 12.8-6.4 12.8-12.8V140.8c0-6.4-6.4-12.8-12.8-12.8h-22.4c-6.4 0-12.8 6.4-12.8 12.8v198.4c0 6.4 6.4 12.8 12.8 12.8zm96 0h22.4c6.4 0 12.8-6.4 12.8-12.8V204.8c0-6.4-6.4-12.8-12.8-12.8h-22.4c-6.4 0-12.8 6.4-12.8 12.8v134.4c0 6.4 6.4 12.8 12.8 12.8zM496 400H48V80c0-8.84-7.16-16-16-16H16C7.16 64 0 71.16 0 80v336c0 17.67 14.33 32 32 32h464c8.84 0 16-7.16 16-16v-16c0-8.84-7.16-16-16-16zm-387.2-48h22.4c6.4 0 12.8-6.4 12.8-12.8v-70.4c0-6.4-6.4-12.8-12.8-12.8h-22.4c-6.4 0-12.8 6.4-12.8 12.8v70.4c0 6.4 6.4 12.8 12.8 12.8z\" class=\"\"><\/path><\/svg><\/i> <img loading=\"lazy\" decoding=\"async\" width=\"16\" height=\"16\" alt=\"Loading\" src=\"https:\/\/inforgomes.pt\/astronomy\/wp-content\/plugins\/page-views-count\/ajax-loader-2x.gif\" border=0 \/><\/p>\n<div class=\"pvc_clear\"><\/div>\n","protected":false},"author":1,"featured_media":0,"comment_status":"open","ping_status":"open","sticky":false,"template":"","format":"standard","meta":{"sfsi_plus_gutenberg_text_before_share":"","sfsi_plus_gutenberg_show_text_before_share":"","sfsi_plus_gutenberg_icon_type":"","sfsi_plus_gutenberg_icon_alignemt":"","sfsi_plus_gutenburg_max_per_row":"","footnotes":""},"categories":[43,4,19,53,5,7],"tags":[],"class_list":["post-224","post","type-post","status-publish","format-standard","hentry","category-abr-2026","category-astronomia","category-astronomos","category-buracos-negros","category-ccvalg","category-universo"],"a3_pvc":{"activated":true,"total_views":6,"today_views":0},"_links":{"self":[{"href":"https:\/\/inforgomes.pt\/astronomy\/wp-json\/wp\/v2\/posts\/224","targetHints":{"allow":["GET"]}}],"collection":[{"href":"https:\/\/inforgomes.pt\/astronomy\/wp-json\/wp\/v2\/posts"}],"about":[{"href":"https:\/\/inforgomes.pt\/astronomy\/wp-json\/wp\/v2\/types\/post"}],"author":[{"embeddable":true,"href":"https:\/\/inforgomes.pt\/astronomy\/wp-json\/wp\/v2\/users\/1"}],"replies":[{"embeddable":true,"href":"https:\/\/inforgomes.pt\/astronomy\/wp-json\/wp\/v2\/comments?post=224"}],"version-history":[{"count":1,"href":"https:\/\/inforgomes.pt\/astronomy\/wp-json\/wp\/v2\/posts\/224\/revisions"}],"predecessor-version":[{"id":227,"href":"https:\/\/inforgomes.pt\/astronomy\/wp-json\/wp\/v2\/posts\/224\/revisions\/227"}],"wp:attachment":[{"href":"https:\/\/inforgomes.pt\/astronomy\/wp-json\/wp\/v2\/media?parent=224"}],"wp:term":[{"taxonomy":"category","embeddable":true,"href":"https:\/\/inforgomes.pt\/astronomy\/wp-json\/wp\/v2\/categories?post=224"},{"taxonomy":"post_tag","embeddable":true,"href":"https:\/\/inforgomes.pt\/astronomy\/wp-json\/wp\/v2\/tags?post=224"}],"curies":[{"name":"wp","href":"https:\/\/api.w.org\/{rel}","templated":true}]}}