{"id":260,"date":"2026-04-18T08:59:00","date_gmt":"2026-04-18T08:59:00","guid":{"rendered":"https:\/\/inforgomes.pt\/astronomy\/?p=260"},"modified":"2026-04-18T08:59:33","modified_gmt":"2026-04-18T08:59:33","slug":"sera-a-materia-escura-constituida-por-buracos-negros-de-outro-universo-um-novo-estudo-diz-que-sim","status":"publish","type":"post","link":"https:\/\/inforgomes.pt\/astronomy\/2026\/04\/18\/sera-a-materia-escura-constituida-por-buracos-negros-de-outro-universo-um-novo-estudo-diz-que-sim\/","title":{"rendered":"Ser\u00e1 a mat\u00e9ria escura constitu\u00edda por buracos negros de outro universo? Um novo estudo diz que sim"},"content":{"rendered":"<div class=\"pld-like-dislike-wrap pld-template-1\">\r\n    <div class=\"pld-like-wrap  pld-common-wrap\">\r\n    <a href=\"javascript:void(0)\" class=\"pld-like-trigger pld-like-dislike-trigger  \" title=\"Gosto\" data-post-id=\"260\" data-trigger-type=\"like\" data-restriction=\"no\" data-already-liked=\"0\">\r\n                        <i class=\"fas fa-thumbs-up\"><\/i>\r\n                <\/a>\r\n    <span class=\"pld-like-count-wrap pld-count-wrap\">0    <\/span>\r\n<\/div><div class=\"pld-dislike-wrap  pld-common-wrap\">\r\n    <a href=\"javascript:void(0)\" class=\"pld-dislike-trigger pld-like-dislike-trigger  \" title=\"N\u00e3o gosto\" data-post-id=\"260\" data-trigger-type=\"dislike\" data-restriction=\"no\" data-already-liked=\"0\">\r\n                        <i class=\"fas fa-thumbs-down\"><\/i>\r\n                <\/a>\r\n    <span class=\"pld-dislike-count-wrap pld-count-wrap\">0<\/span>\r\n<\/div><\/div><p>&nbsp;<\/p>\n<p style=\"text-align: justify;\"><em><span style=\"font-size: 20px;\">Os buracos negros s\u00e3o regi\u00f5es do espa\u00e7o-tempo nas quais <strong>grandes volumes de mat\u00e9ria s\u00e3o comprimidos num espa\u00e7o extremamente pequeno<\/strong>.<\/span><\/em><\/p>\n<div id=\"attachment_261\" style=\"width: 778px\" class=\"wp-caption aligncenter\"><img loading=\"lazy\" decoding=\"async\" aria-describedby=\"caption-attachment-261\" class=\"size-full wp-image-261\" src=\"https:\/\/inforgomes.pt\/astronomy\/wp-content\/uploads\/2026\/04\/ng17042026.png\" alt=\"\" width=\"768\" height=\"432\" srcset=\"https:\/\/inforgomes.pt\/astronomy\/wp-content\/uploads\/2026\/04\/ng17042026.png 768w, https:\/\/inforgomes.pt\/astronomy\/wp-content\/uploads\/2026\/04\/ng17042026-300x169.png 300w, https:\/\/inforgomes.pt\/astronomy\/wp-content\/uploads\/2026\/04\/ng17042026-500x281.png 500w\" sizes=\"auto, (max-width: 768px) 100vw, 768px\" \/><p id=\"caption-attachment-261\" class=\"wp-caption-text\"><br \/>iStock \u00a9 iStock<\/p><\/div>\n<p style=\"text-align: justify;\">Por sua vez, <strong>a mat\u00e9ria escura \u00e9 aquela que n\u00e3o absorve nem reflecte a luz<\/strong>, o que impede a sua detec\u00e7\u00e3o directa com os instrumentos desenvolvidos pela humanidade e que levou a que fosse apelidada de<strong> &#8220;a subst\u00e2ncia mais esquiva do universo&#8221;<\/strong>. Embora seja imposs\u00edvel saber com certeza, este elemento poder\u00e1 representar <strong>at\u00e9 85% do cosmos <\/strong>e desempenharia um papel fundamental como <strong>&#8220;cola&#8221; nas gal\u00e1xias<\/strong>.<\/p>\n<p style=\"text-align: justify;\">Mas <strong>que rela\u00e7\u00e3o existe entre os buracos negros e a mat\u00e9ria escura? <\/strong>Ao que parece, mais do que se poderia imaginar. Pelo menos, \u00e9 o que afirma <a href=\"https:\/\/www.port.ac.uk\/about-us\/structure-and-governance\/our-people\/our-staff\/enrique-gaztanaga\" target=\"_blank\" rel=\"noopener\" data-t=\"{&quot;n&quot;:&quot;destination&quot;,&quot;t&quot;:13,&quot;a&quot;:&quot;click&quot;,&quot;b&quot;:1,&quot;c.t&quot;:7}\">Enrique Gaztanaga<\/a>, professor de astrof\u00edsica da Universidade de Portsmouth, num artigo publicado no portal\u00a0<a href=\"https:\/\/theconversation.com\/could-dark-matter-be-made-of-black-holes-from-a-different-universe-278469\" target=\"_blank\" rel=\"noopener\" data-t=\"{&quot;n&quot;:&quot;destination&quot;,&quot;t&quot;:13,&quot;a&quot;:&quot;click&quot;,&quot;b&quot;:1,&quot;c.t&quot;:7}\"><em>The Conversation<\/em><\/a>. Atrav\u00e9s desse artigo, o cientista procurou explicar a sua investiga\u00e7\u00e3o mais recente, que <a href=\"https:\/\/journals.aps.org\/prd\/abstract\/10.1103\/pr4p-6m49\" target=\"_blank\" rel=\"noopener\" data-t=\"{&quot;n&quot;:&quot;destination&quot;,&quot;t&quot;:13,&quot;a&quot;:&quot;click&quot;,&quot;b&quot;:1,&quot;c.t&quot;:7}\">pode ser consultada na<em> Physical Review D<\/em><\/a> e que defende que <strong>a mat\u00e9ria escura seria composta por buracos negros &#8220;rel\u00edquias&#8221;<\/strong>, os quais se teriam formado num universo anterior ao Big Bang.<\/p>\n<p style=\"text-align: justify;\">Esta hip\u00f3tese surge da chamada cosmologia do salto (<em>Big Bounce<\/em>), um modelo em que o cosmos atravessa <strong>fases sucessivas de contrac\u00e7\u00e3o e expans\u00e3<\/strong>o. De acordo com a investiga\u00e7\u00e3o, o universo n\u00e3o nasceu de uma singularidade de densidade infinita, mas sim de um <strong>salto qu\u00e2ntico<\/strong> que permitiu a persist\u00eancia de estruturas f\u00edsicas de um per\u00edodo anterior \u00e0 grande expans\u00e3o inicial.<\/p>\n<p class=\"article-sub-heading\" style=\"text-align: justify;\"><span style=\"font-family: Aldrich; font-size: 20px;\">O SALTO c\u00f3smico<\/span><\/p>\n<p style=\"text-align: justify;\">Os autores do trabalho sugerem que o universo entrou em colapso antes de experimentar a expans\u00e3o actual, <strong>transformando o Big Bang num simples ponto de transi\u00e7\u00e3o<\/strong>. Este cen\u00e1rio permite que os buracos negros de dimens\u00f5es superiores tenham resistido ao processo, actuando como a <strong>cola gravitacional que mant\u00e9m a coes\u00e3o das gal\u00e1xias<\/strong> que observamos hoje.<\/p>\n<p style=\"text-align: justify;\">Ao contr\u00e1rio da vis\u00e3o tradicional que procura uma part\u00edcula subat\u00f3mica invis\u00edvel, esta abordagem utiliza a <strong><a href=\"https:\/\/www.nationalgeographic.pt\/ciencia\/cinco-chaves-imprescindiveis-para-compreender-teoria-relatividade_4528\" target=\"_blank\" rel=\"noopener\" data-t=\"{&quot;n&quot;:&quot;destination&quot;,&quot;t&quot;:13,&quot;a&quot;:&quot;click&quot;,&quot;b&quot;:1,&quot;c.t&quot;:7}\">relatividade geral<\/a><\/strong> e a <strong><a href=\"https:\/\/www.nationalgeographic.pt\/ciencia\/fisica-quantica-pontos-chave_4714\" target=\"_blank\" rel=\"noopener\" data-t=\"{&quot;n&quot;:&quot;destination&quot;,&quot;t&quot;:13,&quot;a&quot;:&quot;click&quot;,&quot;b&quot;:1,&quot;c.t&quot;:7}\">mec\u00e2nica qu\u00e2ntica<\/a><\/strong> para explicar a massa em falta. A mat\u00e9ria escura manifesta-se atrav\u00e9s da sua influ\u00eancia gravitacional e <strong>estes vest\u00edgios antigos possuem exactamente as propriedades de massa e aus\u00eancia de luz<\/strong> que os f\u00edsicos h\u00e1 d\u00e9cadas tentam identificar.<\/p>\n<p class=\"article-sub-heading\" style=\"text-align: justify;\"><span style=\"font-family: Aldrich; font-size: 20px;\">Buracos negros &#8220;rel\u00edquia&#8221;<\/span><\/p>\n<p style=\"text-align: justify;\">Existem dois mecanismos poss\u00edveis para o surgimento destas entidades: a <strong>sobreviv\u00eancia directa de objectos compactos <\/strong>ou o<strong> colapso da mat\u00e9ria durante a fase de contrac\u00e7\u00e3o<\/strong>. &#8220;As gal\u00e1xias e as estrelas na fase de contrac\u00e7\u00e3o colapsam efectivamente em buracos negros, apagando a maior parte da sua estrutura detalhada, mas conservando a sua massa&#8221;, afirma o investigador.<\/p>\n<p style=\"text-align: justify;\">Esta teoria poderia resolver as anomalias detectadas pelo telesc\u00f3pio James Webb, que localizou objectos extremamente vermelhos e massivos no amanhecer c\u00f3smico. Estes pontos luminosos parecem ser buracos negros super-massivos que cresceram com uma rapidez inexplic\u00e1vel para as leis da f\u00edsica padr\u00e3o, a menos que j\u00e1 existissem sementes anteriores ao salto.<\/p>\n<p style=\"text-align: justify;\">A proposta oferece um quadro te\u00f3rico em que a energia escura e a infla\u00e7\u00e3o emergem naturalmente devido \u00e0 estrutura finita do espa\u00e7o. Al\u00e9m disso, <strong>abre a possibilidade de que as ondas gravitacionais detectadas por instrumentos terrestres contenham sinais de uma fase anterior<\/strong>, permitindo que a ci\u00eancia explore eventos que ocorreram antes da forma\u00e7\u00e3o do nosso Sistema Solar.<\/p>\n<p style=\"text-align: justify;\">Embora ainda seja necess\u00e1rio contrastar estes dados com as medi\u00e7\u00f5es de precis\u00e3o do fundo c\u00f3smico de micro-ondas, a abordagem revela-se revolucion\u00e1ria para a astrof\u00edsica. Talvez o universo n\u00e3o tenha tido um in\u00edcio \u00fanico, mas sim um sistema que se expande ap\u00f3s ter ricocheteado, deixando para tr\u00e1s rel\u00edquias escuras que hoje definem a forma das gal\u00e1xias.<\/p>\n<p style=\"text-align: justify;\"><a href=\"https:\/\/www.msn.com\/pt-pt\/noticias\/other\/ser%C3%A1-a-mat%C3%A9ria-escura-constitu%C3%ADda-por-buracos-negros-de-outro-universo-um-novo-estudo-diz-que-sim\/ar-AA212yHH\" target=\"_blank\" rel=\"noopener\">National Geographic Portugal<\/a><br \/>\nRub\u00e9n Badillo<br \/>\n17.04.2026<\/p>\n<p><img loading=\"lazy\" decoding=\"async\" class=\"alignnone wp-image-23\" src=\"https:\/\/inforgomes.pt\/astronomy\/wp-content\/uploads\/2026\/03\/ass-200.jpg\" alt=\"\" width=\"124\" height=\"124\" srcset=\"https:\/\/inforgomes.pt\/astronomy\/wp-content\/uploads\/2026\/03\/ass-200.jpg 200w, https:\/\/inforgomes.pt\/astronomy\/wp-content\/uploads\/2026\/03\/ass-200-150x150.jpg 150w\" sizes=\"auto, (max-width: 124px) 100vw, 124px\" \/><\/p>\n<p><span style=\"font-size: 20px;\">\ud83c\uddf5\ud83c\uddf9 <span style=\"font-size: 14px; font-family: Aldrich;\">Aqui escreve-se em Portugu\u00eas de Portugal (n\u00e3o adulterado), pr\u00e9-AO <span style=\"font-size: 20px;\">\ud83c\uddf5\ud83c\uddf9<\/span><\/span><\/span><\/p>\n<p><span style=\"font-size: 12px;\"><em><span style=\"font-size: 16px;\">Portal:<\/span><a href=\"https:\/\/inforgomes.pt\" target=\"_blank\" rel=\"noopener\"><span style=\"font-size: 16px;\"> https:\/\/inforgomes.pt\/<\/span><\/a><\/em><\/span><\/p>\n<p><div class=\"note\"><div class=\"noteclassic\"> <img loading=\"lazy\" decoding=\"async\" class=\"alignnone wp-image-12490\" src=\"https:\/\/apokalypsus.live\/cozinha\/wp-content\/uploads\/2026\/01\/apokalypsus-ass-oval-150transp.png\" alt=\"\" width=\"28\" height=\"30\" \/> <span style=\"font-size: 12px;\"><em>Webdesigner, Computer Networks and Systems, <\/em><\/span><span style=\"font-size: 12px;\"><em>Programmer, Astronomer, Photographer, Blogger, Culinary Cook<\/em><\/span><span style=\"font-size: 12px;\"><em>, Certificate Microsoft Network Server, <\/em><\/span><span style=\"font-size: 12px;\"><em>Administrative and Financial Manager, IA, Scientific Researcher, Digital Content Performer, Musician: Spanish Classical Viola, Double Bass, Vocalist and Drummer <\/em><\/div><\/div><em><br \/>\n<\/em><\/span><\/p>\n<p><img loading=\"lazy\" decoding=\"async\" class=\"alignnone wp-image-1758\" src=\"https:\/\/inforgomes.pt\/cozinha\/wp-content\/uploads\/2024\/03\/nao-AO.png\" alt=\"\" width=\"108\" height=\"108\" \/><img loading=\"lazy\" decoding=\"async\" class=\"alignnone wp-image-1791\" src=\"https:\/\/inforgomes.pt\/cozinha\/wp-content\/uploads\/2024\/03\/meio-ambiente.png\" alt=\"\" width=\"112\" height=\"115\" \/><\/p>\n<p>published in: 18.04.2026<\/p>\n<p>&nbsp;<\/p>\n<div class=\"pvc_clear\"><\/div>\n<p id=\"pvc_stats_260\" class=\"pvc_stats all  \" data-element-id=\"260\" style=\"\"><i class=\"pvc-stats-icon medium\" aria-hidden=\"true\"><svg aria-hidden=\"true\" focusable=\"false\" data-prefix=\"far\" data-icon=\"chart-bar\" role=\"img\" xmlns=\"http:\/\/www.w3.org\/2000\/svg\" viewBox=\"0 0 512 512\" class=\"svg-inline--fa fa-chart-bar fa-w-16 fa-2x\"><path fill=\"currentColor\" d=\"M396.8 352h22.4c6.4 0 12.8-6.4 12.8-12.8V108.8c0-6.4-6.4-12.8-12.8-12.8h-22.4c-6.4 0-12.8 6.4-12.8 12.8v230.4c0 6.4 6.4 12.8 12.8 12.8zm-192 0h22.4c6.4 0 12.8-6.4 12.8-12.8V140.8c0-6.4-6.4-12.8-12.8-12.8h-22.4c-6.4 0-12.8 6.4-12.8 12.8v198.4c0 6.4 6.4 12.8 12.8 12.8zm96 0h22.4c6.4 0 12.8-6.4 12.8-12.8V204.8c0-6.4-6.4-12.8-12.8-12.8h-22.4c-6.4 0-12.8 6.4-12.8 12.8v134.4c0 6.4 6.4 12.8 12.8 12.8zM496 400H48V80c0-8.84-7.16-16-16-16H16C7.16 64 0 71.16 0 80v336c0 17.67 14.33 32 32 32h464c8.84 0 16-7.16 16-16v-16c0-8.84-7.16-16-16-16zm-387.2-48h22.4c6.4 0 12.8-6.4 12.8-12.8v-70.4c0-6.4-6.4-12.8-12.8-12.8h-22.4c-6.4 0-12.8 6.4-12.8 12.8v70.4c0 6.4 6.4 12.8 12.8 12.8z\" class=\"\"><\/path><\/svg><\/i> <img loading=\"lazy\" decoding=\"async\" width=\"16\" height=\"16\" alt=\"Loading\" src=\"https:\/\/inforgomes.pt\/astronomy\/wp-content\/plugins\/page-views-count\/ajax-loader-2x.gif\" border=0 \/><\/p>\n<div class=\"pvc_clear\"><\/div>\n","protected":false},"excerpt":{"rendered":"<p>0 0 &nbsp; Os buracos negros s\u00e3o regi\u00f5es do espa\u00e7o-tempo nas quais grandes volumes de mat\u00e9ria s\u00e3o comprimidos num espa\u00e7o extremamente pequeno. Por sua vez, a mat\u00e9ria escura \u00e9 aquela que n\u00e3o absorve nem reflecte a luz, o que impede &hellip; <a href=\"https:\/\/inforgomes.pt\/astronomy\/2026\/04\/18\/sera-a-materia-escura-constituida-por-buracos-negros-de-outro-universo-um-novo-estudo-diz-que-sim\/\">Continue reading <span class=\"meta-nav\">&rarr;<\/span><\/a><\/p>\n<div class=\"pvc_clear\"><\/div>\n<p id=\"pvc_stats_260\" class=\"pvc_stats all  \" data-element-id=\"260\" style=\"\"><i class=\"pvc-stats-icon medium\" aria-hidden=\"true\"><svg aria-hidden=\"true\" focusable=\"false\" data-prefix=\"far\" data-icon=\"chart-bar\" role=\"img\" xmlns=\"http:\/\/www.w3.org\/2000\/svg\" viewBox=\"0 0 512 512\" class=\"svg-inline--fa fa-chart-bar fa-w-16 fa-2x\"><path fill=\"currentColor\" d=\"M396.8 352h22.4c6.4 0 12.8-6.4 12.8-12.8V108.8c0-6.4-6.4-12.8-12.8-12.8h-22.4c-6.4 0-12.8 6.4-12.8 12.8v230.4c0 6.4 6.4 12.8 12.8 12.8zm-192 0h22.4c6.4 0 12.8-6.4 12.8-12.8V140.8c0-6.4-6.4-12.8-12.8-12.8h-22.4c-6.4 0-12.8 6.4-12.8 12.8v198.4c0 6.4 6.4 12.8 12.8 12.8zm96 0h22.4c6.4 0 12.8-6.4 12.8-12.8V204.8c0-6.4-6.4-12.8-12.8-12.8h-22.4c-6.4 0-12.8 6.4-12.8 12.8v134.4c0 6.4 6.4 12.8 12.8 12.8zM496 400H48V80c0-8.84-7.16-16-16-16H16C7.16 64 0 71.16 0 80v336c0 17.67 14.33 32 32 32h464c8.84 0 16-7.16 16-16v-16c0-8.84-7.16-16-16-16zm-387.2-48h22.4c6.4 0 12.8-6.4 12.8-12.8v-70.4c0-6.4-6.4-12.8-12.8-12.8h-22.4c-6.4 0-12.8 6.4-12.8 12.8v70.4c0 6.4 6.4 12.8 12.8 12.8z\" class=\"\"><\/path><\/svg><\/i> <img loading=\"lazy\" decoding=\"async\" width=\"16\" height=\"16\" alt=\"Loading\" src=\"https:\/\/inforgomes.pt\/astronomy\/wp-content\/plugins\/page-views-count\/ajax-loader-2x.gif\" border=0 \/><\/p>\n<div class=\"pvc_clear\"><\/div>\n","protected":false},"author":1,"featured_media":0,"comment_status":"open","ping_status":"open","sticky":false,"template":"","format":"standard","meta":{"sfsi_plus_gutenberg_text_before_share":"","sfsi_plus_gutenberg_show_text_before_share":"","sfsi_plus_gutenberg_icon_type":"","sfsi_plus_gutenberg_icon_alignemt":"","sfsi_plus_gutenburg_max_per_row":"","footnotes":""},"categories":[43,4,53,58,59,7],"tags":[],"class_list":["post-260","post","type-post","status-publish","format-standard","hentry","category-abr-2026","category-astronomia","category-buracos-negros","category-materia-escura","category-national-geographic-portugal","category-universo"],"a3_pvc":{"activated":true,"total_views":4,"today_views":0},"_links":{"self":[{"href":"https:\/\/inforgomes.pt\/astronomy\/wp-json\/wp\/v2\/posts\/260","targetHints":{"allow":["GET"]}}],"collection":[{"href":"https:\/\/inforgomes.pt\/astronomy\/wp-json\/wp\/v2\/posts"}],"about":[{"href":"https:\/\/inforgomes.pt\/astronomy\/wp-json\/wp\/v2\/types\/post"}],"author":[{"embeddable":true,"href":"https:\/\/inforgomes.pt\/astronomy\/wp-json\/wp\/v2\/users\/1"}],"replies":[{"embeddable":true,"href":"https:\/\/inforgomes.pt\/astronomy\/wp-json\/wp\/v2\/comments?post=260"}],"version-history":[{"count":2,"href":"https:\/\/inforgomes.pt\/astronomy\/wp-json\/wp\/v2\/posts\/260\/revisions"}],"predecessor-version":[{"id":263,"href":"https:\/\/inforgomes.pt\/astronomy\/wp-json\/wp\/v2\/posts\/260\/revisions\/263"}],"wp:attachment":[{"href":"https:\/\/inforgomes.pt\/astronomy\/wp-json\/wp\/v2\/media?parent=260"}],"wp:term":[{"taxonomy":"category","embeddable":true,"href":"https:\/\/inforgomes.pt\/astronomy\/wp-json\/wp\/v2\/categories?post=260"},{"taxonomy":"post_tag","embeddable":true,"href":"https:\/\/inforgomes.pt\/astronomy\/wp-json\/wp\/v2\/tags?post=260"}],"curies":[{"name":"wp","href":"https:\/\/api.w.org\/{rel}","templated":true}]}}