{"id":2483,"date":"2024-07-29T21:26:21","date_gmt":"2024-07-29T20:26:21","guid":{"rendered":"https:\/\/inforgomes.pt\/cozinha\/?p=2483"},"modified":"2024-10-05T07:20:40","modified_gmt":"2024-10-05T06:20:40","slug":"cordon-bleu-com-jardineira-de-legumes-e-batatas-fritas-na-airfryer-%e2%9d%a4%ef%b8%8f","status":"publish","type":"post","link":"https:\/\/inforgomes.pt\/cozinha\/2024\/07\/29\/cordon-bleu-com-jardineira-de-legumes-e-batatas-fritas-na-airfryer-%e2%9d%a4%ef%b8%8f\/","title":{"rendered":"Cordon Bleu com Jardineira de Legumes e Batatas Fritas na Airfryer  \u2764\ufe0f"},"content":{"rendered":"<div class=\"pld-like-dislike-wrap pld-template-4\">\r\n    <div class=\"pld-like-wrap  pld-common-wrap\">\r\n    <a href=\"javascript:void(0)\" class=\"pld-like-trigger pld-like-dislike-trigger  \" title=\"Gosto\" data-post-id=\"2483\" data-trigger-type=\"like\" data-restriction=\"no\" data-already-liked=\"0\">\r\n                        <i class=\"far fa-smile\"><\/i>\r\n                    <\/a>\r\n    <span class=\"pld-like-count-wrap pld-count-wrap\">0    <\/span>\r\n<\/div><div class=\"pld-dislike-wrap  pld-common-wrap\">\r\n    <a href=\"javascript:void(0)\" class=\"pld-dislike-trigger pld-like-dislike-trigger  \" title=\"N\u00e3o gosto\" data-post-id=\"2483\" data-trigger-type=\"dislike\" data-restriction=\"no\" data-already-liked=\"0\">\r\n                        <i class=\"far fa-frown\"><\/i>\r\n                    <\/a>\r\n    <span class=\"pld-dislike-count-wrap pld-count-wrap\">0<\/span>\r\n<\/div><\/div><p>&nbsp;<\/p>\n<div class=\"wpnts wpnts-importante\"><p> &#8211; N\u00e3o \u00e9 uma receita mas uma sugest\u00e3o para uma refei\u00e7\u00e3o r\u00e1pida, sem ter de recorrer a tachos e panelas. Simples, saborosa e quem possuir uma Airfryer com cuba dupla, poder\u00e1 preparar esta refei\u00e7\u00e3o colocando numa das divis\u00f3rias da cuba o Cordon Bleu e na outra divis\u00f3ria, as batatas pr\u00e9-fritas, programando independentemente as duas cubas.<\/p><\/div>\n<p><span style=\"font-size: 28px;\"><span style=\"font-size: 48px;\">\ud83c\uddf5\ud83c\uddf9<\/span> <span style=\"font-size: 20px; color: #ff0000; --darkreader-inline-color: #ff1a1a; font-family: Aldrich;\" data-darkreader-inline-color=\"\">A MINHA COZINHA \u00c0 LA CARTE<\/span><br \/>\n<\/span><span style=\"color: #ff0000;\" data-darkreader-inline-color=\"\"><span style=\"font-family: Aladin; font-size: 28px;\">Cordon Bleu com Jardineira de Legumes e Batatas Fritas na Airfryer <\/span><\/span><span style=\"color: #ff0000;\" data-darkreader-inline-color=\"\"><span style=\"font-family: Aladin; font-size: 28px;\"><span style=\"font-size: 24px;\">\ud83d\udc68\u200d\ud83c\udf73\ud83c\udf7d\ufe0f\u2668\ufe0f<\/span><\/span><\/span><\/p>\n<div id=\"attachment_2484\" style=\"width: 852px\" class=\"wp-caption aligncenter\"><img loading=\"lazy\" decoding=\"async\" aria-describedby=\"caption-attachment-2484\" class=\"size-full wp-image-2484\" src=\"https:\/\/inforgomes.pt\/cozinha\/wp-content\/uploads\/2024\/07\/CordonBleuLegumesBatatasFritas01.jpg\" alt=\"\" width=\"842\" height=\"642\" srcset=\"https:\/\/inforgomes.pt\/cozinha\/wp-content\/uploads\/2024\/07\/CordonBleuLegumesBatatasFritas01.jpg 842w, https:\/\/inforgomes.pt\/cozinha\/wp-content\/uploads\/2024\/07\/CordonBleuLegumesBatatasFritas01-300x229.jpg 300w, https:\/\/inforgomes.pt\/cozinha\/wp-content\/uploads\/2024\/07\/CordonBleuLegumesBatatasFritas01-768x586.jpg 768w, https:\/\/inforgomes.pt\/cozinha\/wp-content\/uploads\/2024\/07\/CordonBleuLegumesBatatasFritas01-393x300.jpg 393w\" sizes=\"auto, (max-width: 842px) 100vw, 842px\" \/><p id=\"caption-attachment-2484\" class=\"wp-caption-text\">\ud83c\uddf5\ud83c\uddf9 \u00a9 Copyright inforgomes.pt # Powered by F Gomes # 2000-2024 # All Rights Reserved \ud83c\uddf5\ud83c\uddf9<\/p><\/div>\n<p style=\"text-align: justify;\"><strong>Ingredientes:<\/strong><\/p>\n<p style=\"text-align: justify;\">&#8211; 2 Cordon Bleu (frango com recheio de fiambre e queijo) \u2744\ufe0f\u2744\ufe0f<br \/>\n&#8211; Jardineira de Legumes (2 pax) \u2744\ufe0f<br \/>\n&#8211; 1 emb. de Batatas pr\u00e9-Fritas para micro-ondas \u2744\ufe0f\u2744\ufe0f<br \/>\n&#8211; maionese q.b. \u2744\ufe0f<br \/>\n&#8211; 4 pimentas em gr\u00e3o de moinho q.b.<br \/>\n&#8211; alface e cebola em rodelas q.b.<br \/>\n&#8211; condimento de azeite extra-virgem com aroma de Trufa<br \/>\n&#8211; sal de mesa q.b.<\/p>\n<p style=\"text-align: justify;\"><strong>Prepara\u00e7\u00e3o:<\/strong><\/p>\n<p style=\"text-align: justify;\">01.- Na Airfryer de 6,4 lts. coloquei os Cordon Bleu (frango com recheio de fiambre e queijo) na forma de silicone (ou de papel) na cuba da Airfryer, pulverizei com azeite extra-virgem e programei 180\u00baC~20 minutos.<\/p>\n<p style=\"text-align: justify;\">02.- Na Airfryer de 4,4 lts., coloquei as batatas fritas para micro-ondas numa forma de silicone, pulverizei com azeite extra-virgem e esperei que os Cordon Bleu atingissem a contagem final de 3 minutos. Ent\u00e3o, programei 180\u00baC~3 minutos.<\/p>\n<p style=\"text-align: justify;\">03.- A jardineira de legumes era uma sobra da refei\u00e7\u00e3o anterior, por isso, foi directamente do frigor\u00edfico para o prato, onde envolvi com maionese e temperei com 4 pimentas em gr\u00e3o de moinho.<\/p>\n<p style=\"text-align: justify;\">04.- Juntei ao prato o Cordon Bleu, as Batatas Fritas e adicionei uma salada de alface frisada com rodelas de cebola, temperada com condimento de azeite extra virgem com aroma de Trufa. Uma del\u00edcia!!!<\/p>\n<div id=\"attachment_2485\" style=\"width: 852px\" class=\"wp-caption aligncenter\"><img loading=\"lazy\" decoding=\"async\" aria-describedby=\"caption-attachment-2485\" class=\"size-full wp-image-2485\" src=\"https:\/\/inforgomes.pt\/cozinha\/wp-content\/uploads\/2024\/07\/CordonBleuLegumesBatatasFritas02.jpg\" alt=\"\" width=\"842\" height=\"642\" srcset=\"https:\/\/inforgomes.pt\/cozinha\/wp-content\/uploads\/2024\/07\/CordonBleuLegumesBatatasFritas02.jpg 842w, https:\/\/inforgomes.pt\/cozinha\/wp-content\/uploads\/2024\/07\/CordonBleuLegumesBatatasFritas02-300x229.jpg 300w, https:\/\/inforgomes.pt\/cozinha\/wp-content\/uploads\/2024\/07\/CordonBleuLegumesBatatasFritas02-768x586.jpg 768w, https:\/\/inforgomes.pt\/cozinha\/wp-content\/uploads\/2024\/07\/CordonBleuLegumesBatatasFritas02-393x300.jpg 393w\" sizes=\"auto, (max-width: 842px) 100vw, 842px\" \/><p id=\"caption-attachment-2485\" class=\"wp-caption-text\">\ud83c\uddf5\ud83c\uddf9 \u00a9 Copyright inforgomes.pt # Powered by F Gomes # 2000-2024 # All Rights Reserved \ud83c\uddf5\ud83c\uddf9<\/p><\/div>\n<p>29.07.2024<\/p>\n<p>\u2744\ufe0f conservado no frio<br \/>\n\u2744\ufe0f\u2744\ufe0f ultra congelado<\/p>\n<p>Visita <a title=\"Contador de Visitas do MegaContador\" href=\"https:\/\/megacontador.com.br\/\"><img decoding=\"async\" src=\"https:\/\/megacontador.com.br\/img-TIGkGfdJ2DM36a51-5.gif\" alt=\"Contador de visitas\" border=\"0\" \/><\/a><\/p>\n<p><img loading=\"lazy\" decoding=\"async\" class=\"alignnone wp-image-1636\" src=\"https:\/\/inforgomes.pt\/cozinha\/wp-content\/uploads\/2024\/02\/BerlingerHaus44L-transp.png\" alt=\"\" width=\"154\" height=\"179\" srcset=\"https:\/\/inforgomes.pt\/cozinha\/wp-content\/uploads\/2024\/02\/BerlingerHaus44L-transp.png 378w, https:\/\/inforgomes.pt\/cozinha\/wp-content\/uploads\/2024\/02\/BerlingerHaus44L-transp-256x300.png 256w\" sizes=\"auto, (max-width: 154px) 100vw, 154px\" \/><img loading=\"lazy\" decoding=\"async\" class=\" wp-image-2710\" src=\"https:\/\/inforgomes.pt\/cozinha\/wp-content\/uploads\/2024\/09\/cecofry-advance-9000-window01a.jpg\" alt=\"\" width=\"189\" height=\"159\" srcset=\"https:\/\/inforgomes.pt\/cozinha\/wp-content\/uploads\/2024\/09\/cecofry-advance-9000-window01a.jpg 400w, https:\/\/inforgomes.pt\/cozinha\/wp-content\/uploads\/2024\/09\/cecofry-advance-9000-window01a-300x251.jpg 300w, https:\/\/inforgomes.pt\/cozinha\/wp-content\/uploads\/2024\/09\/cecofry-advance-9000-window01a-358x300.jpg 358w\" sizes=\"auto, (max-width: 189px) 100vw, 189px\" \/><\/p>\n<p><img loading=\"lazy\" decoding=\"async\" class=\"alignnone wp-image-1220\" src=\"https:\/\/inforgomes.pt\/cozinha\/wp-content\/uploads\/2023\/12\/bon-apetite.gif\" alt=\"\" width=\"137\" height=\"163\" \/><img loading=\"lazy\" decoding=\"async\" class=\"alignnone wp-image-1726\" src=\"https:\/\/inforgomes.pt\/cozinha\/wp-content\/uploads\/2024\/03\/huum-300x300.jpg\" alt=\"\" width=\"128\" height=\"128\" srcset=\"https:\/\/inforgomes.pt\/cozinha\/wp-content\/uploads\/2024\/03\/huum-300x300.jpg 300w, https:\/\/inforgomes.pt\/cozinha\/wp-content\/uploads\/2024\/03\/huum-150x150.jpg 150w, https:\/\/inforgomes.pt\/cozinha\/wp-content\/uploads\/2024\/03\/huum.jpg 512w\" sizes=\"auto, (max-width: 128px) 100vw, 128px\" \/><br \/>\n<img loading=\"lazy\" decoding=\"async\" class=\"alignnone wp-image-2603\" src=\"https:\/\/inforgomes.pt\/cozinha\/wp-content\/uploads\/2024\/08\/avatar14.png\" alt=\"\" width=\"164\" height=\"164\" srcset=\"https:\/\/inforgomes.pt\/cozinha\/wp-content\/uploads\/2024\/08\/avatar14.png 206w, https:\/\/inforgomes.pt\/cozinha\/wp-content\/uploads\/2024\/08\/avatar14-150x150.png 150w\" sizes=\"auto, (max-width: 164px) 100vw, 164px\" \/><img loading=\"lazy\" decoding=\"async\" class=\"alignnone wp-image-2863\" src=\"https:\/\/inforgomes.pt\/cozinha\/wp-content\/uploads\/2024\/10\/78-meio-transp.png\" alt=\"\" width=\"140\" height=\"159\" srcset=\"https:\/\/inforgomes.pt\/cozinha\/wp-content\/uploads\/2024\/10\/78-meio-transp.png 497w, https:\/\/inforgomes.pt\/cozinha\/wp-content\/uploads\/2024\/10\/78-meio-transp-262x300.png 262w\" sizes=\"auto, (max-width: 140px) 100vw, 140px\" \/> <img loading=\"lazy\" decoding=\"async\" class=\"alignnone wp-image-2520\" src=\"https:\/\/inforgomes.pt\/cozinha\/wp-content\/uploads\/2024\/08\/yin-yang-transp.png\" alt=\"\" width=\"151\" height=\"153\" \/><br \/>\n<span style=\"font-size: 12px;\"><em>Webdesigner, Computer Networks and Systems,<\/em><\/span><br \/>\n<span style=\"font-size: 12px;\"><em>Programmer, Astronomer, Photographer, Blogger, Culinary Cook,<\/em><\/span><br \/>\n<span style=\"font-size: 12px;\"><em>Digital Content, Certificate Microsoft Network Server,<\/em><\/span><br \/>\n<span style=\"font-size: 12px;\"><em>Administrative and Financial Manager, IA, Scientific Researcher,<br \/>\nPortal:<a href=\"https:\/\/inforgomes.pt\" target=\"_blank\" rel=\"noopener\"> https:\/\/inforgomes.pt\/<\/a><\/em><\/span><br \/>\n<img loading=\"lazy\" decoding=\"async\" class=\"alignnone wp-image-1223\" src=\"https:\/\/inforgomes.pt\/cozinha\/wp-content\/uploads\/2023\/11\/0-coracao_transp.png\" alt=\"\" width=\"136\" height=\"122\" \/> <img loading=\"lazy\" decoding=\"async\" class=\"alignnone wp-image-1758\" src=\"https:\/\/inforgomes.pt\/cozinha\/wp-content\/uploads\/2024\/03\/nao-AO.png\" alt=\"\" width=\"128\" height=\"128\" srcset=\"https:\/\/inforgomes.pt\/cozinha\/wp-content\/uploads\/2024\/03\/nao-AO.png 290w, https:\/\/inforgomes.pt\/cozinha\/wp-content\/uploads\/2024\/03\/nao-AO-150x150.png 150w\" sizes=\"auto, (max-width: 128px) 100vw, 128px\" \/> <img loading=\"lazy\" decoding=\"async\" class=\"alignnone wp-image-1791\" src=\"https:\/\/inforgomes.pt\/cozinha\/wp-content\/uploads\/2024\/03\/meio-ambiente.png\" alt=\"\" width=\"127\" height=\"130\" \/><\/p>\n<p>published in: 29\/07\/2024<\/p>\n<img decoding=\"async\" src=\"https:\/\/inforgomes.pt\/cozinha\/wp-content\/plugins\/qr-code-tag-for-wc-from-goaskle-com\/data\/qrct-2ad3049d5638b01f9dcbcfe0a08c684b.png\" class=\"qrctimage\" \/>\n<p>&nbsp;<\/p>\n<div class=\"pvc_clear\"><\/div>\n<p id=\"pvc_stats_2483\" class=\"pvc_stats all  \" data-element-id=\"2483\" style=\"\"><i class=\"pvc-stats-icon medium\" aria-hidden=\"true\"><svg aria-hidden=\"true\" focusable=\"false\" data-prefix=\"far\" data-icon=\"chart-bar\" role=\"img\" xmlns=\"http:\/\/www.w3.org\/2000\/svg\" viewBox=\"0 0 512 512\" class=\"svg-inline--fa fa-chart-bar fa-w-16 fa-2x\"><path fill=\"currentColor\" d=\"M396.8 352h22.4c6.4 0 12.8-6.4 12.8-12.8V108.8c0-6.4-6.4-12.8-12.8-12.8h-22.4c-6.4 0-12.8 6.4-12.8 12.8v230.4c0 6.4 6.4 12.8 12.8 12.8zm-192 0h22.4c6.4 0 12.8-6.4 12.8-12.8V140.8c0-6.4-6.4-12.8-12.8-12.8h-22.4c-6.4 0-12.8 6.4-12.8 12.8v198.4c0 6.4 6.4 12.8 12.8 12.8zm96 0h22.4c6.4 0 12.8-6.4 12.8-12.8V204.8c0-6.4-6.4-12.8-12.8-12.8h-22.4c-6.4 0-12.8 6.4-12.8 12.8v134.4c0 6.4 6.4 12.8 12.8 12.8zM496 400H48V80c0-8.84-7.16-16-16-16H16C7.16 64 0 71.16 0 80v336c0 17.67 14.33 32 32 32h464c8.84 0 16-7.16 16-16v-16c0-8.84-7.16-16-16-16zm-387.2-48h22.4c6.4 0 12.8-6.4 12.8-12.8v-70.4c0-6.4-6.4-12.8-12.8-12.8h-22.4c-6.4 0-12.8 6.4-12.8 12.8v70.4c0 6.4 6.4 12.8 12.8 12.8z\" class=\"\"><\/path><\/svg><\/i> <img loading=\"lazy\" decoding=\"async\" width=\"16\" height=\"16\" alt=\"Loading\" src=\"https:\/\/inforgomes.pt\/cozinha\/wp-content\/plugins\/page-views-count\/ajax-loader-2x.gif\" border=0 \/><\/p>\n<div class=\"pvc_clear\"><\/div>\n","protected":false},"excerpt":{"rendered":"<p>0 0 &nbsp; \ud83c\uddf5\ud83c\uddf9 A MINHA COZINHA \u00c0 LA CARTE Cordon Bleu com Jardineira de Legumes e Batatas Fritas na Airfryer \ud83d\udc68\u200d\ud83c\udf73\ud83c\udf7d\ufe0f\u2668\ufe0f Ingredientes: &#8211; 2 Cordon Bleu (frango com recheio de fiambre e queijo) \u2744\ufe0f\u2744\ufe0f &#8211; Jardineira de Legumes (2 &hellip; <a href=\"https:\/\/inforgomes.pt\/cozinha\/2024\/07\/29\/cordon-bleu-com-jardineira-de-legumes-e-batatas-fritas-na-airfryer-%e2%9d%a4%ef%b8%8f\/\">Continuar a ler <span class=\"meta-nav\">&rarr;<\/span><\/a><\/p>\n<div class=\"pvc_clear\"><\/div>\n<p id=\"pvc_stats_2483\" class=\"pvc_stats all  \" data-element-id=\"2483\" style=\"\"><i class=\"pvc-stats-icon medium\" aria-hidden=\"true\"><svg aria-hidden=\"true\" focusable=\"false\" data-prefix=\"far\" data-icon=\"chart-bar\" role=\"img\" xmlns=\"http:\/\/www.w3.org\/2000\/svg\" viewBox=\"0 0 512 512\" class=\"svg-inline--fa fa-chart-bar fa-w-16 fa-2x\"><path fill=\"currentColor\" d=\"M396.8 352h22.4c6.4 0 12.8-6.4 12.8-12.8V108.8c0-6.4-6.4-12.8-12.8-12.8h-22.4c-6.4 0-12.8 6.4-12.8 12.8v230.4c0 6.4 6.4 12.8 12.8 12.8zm-192 0h22.4c6.4 0 12.8-6.4 12.8-12.8V140.8c0-6.4-6.4-12.8-12.8-12.8h-22.4c-6.4 0-12.8 6.4-12.8 12.8v198.4c0 6.4 6.4 12.8 12.8 12.8zm96 0h22.4c6.4 0 12.8-6.4 12.8-12.8V204.8c0-6.4-6.4-12.8-12.8-12.8h-22.4c-6.4 0-12.8 6.4-12.8 12.8v134.4c0 6.4 6.4 12.8 12.8 12.8zM496 400H48V80c0-8.84-7.16-16-16-16H16C7.16 64 0 71.16 0 80v336c0 17.67 14.33 32 32 32h464c8.84 0 16-7.16 16-16v-16c0-8.84-7.16-16-16-16zm-387.2-48h22.4c6.4 0 12.8-6.4 12.8-12.8v-70.4c0-6.4-6.4-12.8-12.8-12.8h-22.4c-6.4 0-12.8 6.4-12.8 12.8v70.4c0 6.4 6.4 12.8 12.8 12.8z\" class=\"\"><\/path><\/svg><\/i> <img loading=\"lazy\" decoding=\"async\" width=\"16\" height=\"16\" alt=\"Loading\" src=\"https:\/\/inforgomes.pt\/cozinha\/wp-content\/plugins\/page-views-count\/ajax-loader-2x.gif\" border=0 \/><\/p>\n<div class=\"pvc_clear\"><\/div>\n","protected":false},"author":1,"featured_media":0,"comment_status":"open","ping_status":"open","sticky":false,"template":"","format":"standard","meta":{"footnotes":""},"categories":[2,147,270,256,95],"tags":[],"class_list":["post-2483","post","type-post","status-publish","format-standard","hentry","category-a-minha-cozinha","category-air-fryer","category-cordon-bleu-com-legumes-na-airfryer-","category-julho-2024","category-sugestoes"],"_links":{"self":[{"href":"https:\/\/inforgomes.pt\/cozinha\/wp-json\/wp\/v2\/posts\/2483","targetHints":{"allow":["GET"]}}],"collection":[{"href":"https:\/\/inforgomes.pt\/cozinha\/wp-json\/wp\/v2\/posts"}],"about":[{"href":"https:\/\/inforgomes.pt\/cozinha\/wp-json\/wp\/v2\/types\/post"}],"author":[{"embeddable":true,"href":"https:\/\/inforgomes.pt\/cozinha\/wp-json\/wp\/v2\/users\/1"}],"replies":[{"embeddable":true,"href":"https:\/\/inforgomes.pt\/cozinha\/wp-json\/wp\/v2\/comments?post=2483"}],"version-history":[{"count":7,"href":"https:\/\/inforgomes.pt\/cozinha\/wp-json\/wp\/v2\/posts\/2483\/revisions"}],"predecessor-version":[{"id":2947,"href":"https:\/\/inforgomes.pt\/cozinha\/wp-json\/wp\/v2\/posts\/2483\/revisions\/2947"}],"wp:attachment":[{"href":"https:\/\/inforgomes.pt\/cozinha\/wp-json\/wp\/v2\/media?parent=2483"}],"wp:term":[{"taxonomy":"category","embeddable":true,"href":"https:\/\/inforgomes.pt\/cozinha\/wp-json\/wp\/v2\/categories?post=2483"},{"taxonomy":"post_tag","embeddable":true,"href":"https:\/\/inforgomes.pt\/cozinha\/wp-json\/wp\/v2\/tags?post=2483"}],"curies":[{"name":"wp","href":"https:\/\/api.w.org\/{rel}","templated":true}]}}