{"id":1070,"date":"2026-02-26T21:00:08","date_gmt":"2026-02-26T20:00:08","guid":{"rendered":"https:\/\/inforgomes.pt\/social\/?p=1070"},"modified":"2026-02-26T21:00:08","modified_gmt":"2026-02-26T20:00:08","slug":"depois-de-poeiras-e-chuva-quando-volta-o-sol-a-portugal","status":"publish","type":"post","link":"https:\/\/inforgomes.pt\/social\/depois-de-poeiras-e-chuva-quando-volta-o-sol-a-portugal\/","title":{"rendered":"Depois de poeiras e chuva, quando volta o sol a Portugal?"},"content":{"rendered":"<div class=\"pld-like-dislike-wrap pld-template-1\">\r\n    <div class=\"pld-like-wrap  pld-common-wrap\">\r\n    <a href=\"javascript:void(0)\" class=\"pld-like-trigger pld-like-dislike-trigger  \" title=\"Gosto\" data-post-id=\"1070\" data-trigger-type=\"like\" data-restriction=\"no\" data-already-liked=\"0\">\r\n                        <i class=\"fas fa-thumbs-up\"><\/i>\r\n                <\/a>\r\n    <span class=\"pld-like-count-wrap pld-count-wrap\">1    <\/span>\r\n<\/div><div class=\"pld-dislike-wrap  pld-common-wrap\">\r\n    <a href=\"javascript:void(0)\" class=\"pld-dislike-trigger pld-like-dislike-trigger  \" title=\"N\u00e3o gosto\" data-post-id=\"1070\" data-trigger-type=\"dislike\" data-restriction=\"no\" data-already-liked=\"0\">\r\n                        <i class=\"fas fa-thumbs-down\"><\/i>\r\n                <\/a>\r\n    <span class=\"pld-dislike-count-wrap pld-count-wrap\">0<\/span>\r\n<\/div><\/div><p>&nbsp;<\/p>\n<p><span style=\"font-size: 20px; font-family: Aldrich; color: #ff0000; --darkreader-inline-color: var(--darkreader-text-ff0000, #ff1a1a);\" data-darkreader-inline-color=\"\"><span style=\"color: #00ff00;\" data-darkreader-inline-color=\"\"><span style=\"font-size: 36px;\">\ud83c\uddf5\ud83c\uddf9<\/span>\u00a0PORT<\/span>UGAL \/\/ METEOROLOGIA \/\/ SOL<\/span><\/p>\n<p style=\"text-align: justify;\">O passado s\u00e1bado e domingo foram dias de sonho em Portugal. Depois de semanas com chuva, frio e tempestades devastadoras, <a href=\"https:\/\/versa.iol.pt\/restaurante\/tempestade\/depois-das-tempestades-a-bonanca-e-servida-em-belem\/20260202\/697cc0e3d34e92a344983957\" target=\"_blank\" rel=\"noopener\" data-t=\"{&quot;n&quot;:&quot;destination&quot;,&quot;t&quot;:13,&quot;a&quot;:&quot;click&quot;,&quot;b&quot;:1,&quot;c.t&quot;:7}\">finalmente veio a bonan\u00e7a<\/a>, com sol e temperaturas a rondar os 25\u00baC em algumas regi\u00f5es. Contudo, como se costuma dizer, n\u00e3o h\u00e1 sol que sempre dure.<\/p>\n<div id=\"attachment_1071\" style=\"width: 778px\" class=\"wp-caption aligncenter\"><img loading=\"lazy\" decoding=\"async\" aria-describedby=\"caption-attachment-1071\" class=\"size-full wp-image-1071\" src=\"https:\/\/inforgomes.pt\/social\/wp-content\/uploads\/2026\/02\/versa26022026.png\" alt=\"\" width=\"768\" height=\"512\" srcset=\"https:\/\/inforgomes.pt\/social\/wp-content\/uploads\/2026\/02\/versa26022026.png 768w, https:\/\/inforgomes.pt\/social\/wp-content\/uploads\/2026\/02\/versa26022026-300x200.png 300w, https:\/\/inforgomes.pt\/social\/wp-content\/uploads\/2026\/02\/versa26022026-450x300.png 450w\" sizes=\"auto, (max-width: 768px) 100vw, 768px\" \/><p id=\"caption-attachment-1071\" class=\"wp-caption-text\">Poeiras chegam a Portugal | Fotografia: Unsplash<br \/>\u00a9 VERSA<\/p><\/div>\n<p style=\"text-align: justify;\">Para esta quarta-feira, 25 de Fevereiro, o Instituto Portugu\u00eas do Mar e da Atmosfera (IPMA) prev\u00ea &#8220;chuva, passando a aguaceiros dispersos diminuindo de frequ\u00eancia a partir da tarde&#8221;, especialmente no litoral oeste. Como se chuva n\u00e3o bastasse, para a regi\u00e3o Sul prev\u00ea-se a possibilidade de ocorr\u00eancia de trovoada e de queda de granizo durante a tarde, um cen\u00e1rio que traz de volta o inverno.<\/p>\n<p style=\"text-align: justify;\">O dia ficar\u00e1 ainda marcado pelas poeiras provenientes do deserto do Saara, que pintar\u00e3o o c\u00e9u de um laranja carregado e trar\u00e3o uma fraca qualidade do ar do qual a popula\u00e7\u00e3o se deve proteger, evitando actividade f\u00edsica ao ar livre e circula\u00e7\u00e3o sem m\u00e1scara.<\/p>\n<p style=\"text-align: justify;\">Mas, felizmente, este \u00e9 um cen\u00e1rio ef\u00e9mero. Ainda que seja sol de pouca dura, o bom tempo volta na quinta-feira, 26, dia em que o IPMA anuncia &#8220;c\u00e9u pouco nublado ou limpo, apresentando per\u00edodos de mais nebulosidade at\u00e9 ao meio da manh\u00e3&#8221;. E h\u00e1, ainda, mais uma boa not\u00edcia: &#8220;Subida da temperatura m\u00e1xima&#8221;. Por contraste, infelizmente, a\u00a0temperatura m\u00ednima vai descer.<\/p>\n<p style=\"text-align: justify;\">J\u00e1 sexta-feira, 27, h\u00e1 novamente previs\u00e3o de chuva\u00a0nas regi\u00f5es Norte e Centro, mau tempo que vai embora logo no s\u00e1bado, 28, com a previs\u00e3o de &#8220;c\u00e9u em geral pouco nublado&#8221;.<\/p>\n<p style=\"text-align: justify;\">Que venha s\u00e1bado e o bom tempo depressa.<\/p>\n<p style=\"text-align: justify;\"><a href=\"https:\/\/www.msn.com\/pt-pt\/noticias\/other\/depois-de-poeiras-e-chuva-quando-volta-o-sol-a-portugal\/ar-AA1X2Vl2\" target=\"_blank\" rel=\"noopener\">Versa<\/a><br \/>\nRafaela Sim\u00f5es<br \/>\n25.02.2026<\/p>\n<p>Visita: <a href=\"https:\/\/www.counter12.com\"><img decoding=\"async\" src=\"https:\/\/www.counter12.com\/img-81WWCA610CWZZxza-26.gif\" alt=\"contador gratuito\" border=\"0\" \/><\/a><\/p>\n<p style=\"text-align: justify;\"><div class=\"note\"><div class=\"notewarning\">- Neste Blogue, escreve-se em Portugu\u00eas \ud83c\uddf5\ud83c\uddf9 de Portugal (n\u00e3o adulterado pela coloniza\u00e7\u00e3o do AO).<\/div><\/div><\/p>\n<p><img loading=\"lazy\" decoding=\"async\" class=\"alignnone wp-image-1223\" src=\"https:\/\/inforgomes.pt\/cozinha\/wp-content\/uploads\/2023\/11\/0-coracao_transp.png\" alt=\"\" width=\"136\" height=\"122\" \/><img loading=\"lazy\" decoding=\"async\" class=\"alignnone wp-image-1758\" src=\"https:\/\/inforgomes.pt\/cozinha\/wp-content\/uploads\/2024\/03\/nao-AO.png\" alt=\"\" width=\"128\" height=\"128\" \/><img loading=\"lazy\" decoding=\"async\" class=\"alignnone wp-image-1791\" src=\"https:\/\/inforgomes.pt\/cozinha\/wp-content\/uploads\/2024\/03\/meio-ambiente.png\" alt=\"\" width=\"127\" height=\"130\" \/><\/p>\n<p>&nbsp;<\/p>\n<div class=\"pvc_clear\"><\/div>\n<p id=\"pvc_stats_1070\" class=\"pvc_stats all  \" data-element-id=\"1070\" style=\"\"><i class=\"pvc-stats-icon medium\" aria-hidden=\"true\"><svg aria-hidden=\"true\" focusable=\"false\" data-prefix=\"far\" data-icon=\"chart-bar\" role=\"img\" xmlns=\"http:\/\/www.w3.org\/2000\/svg\" viewBox=\"0 0 512 512\" class=\"svg-inline--fa fa-chart-bar fa-w-16 fa-2x\"><path fill=\"currentColor\" d=\"M396.8 352h22.4c6.4 0 12.8-6.4 12.8-12.8V108.8c0-6.4-6.4-12.8-12.8-12.8h-22.4c-6.4 0-12.8 6.4-12.8 12.8v230.4c0 6.4 6.4 12.8 12.8 12.8zm-192 0h22.4c6.4 0 12.8-6.4 12.8-12.8V140.8c0-6.4-6.4-12.8-12.8-12.8h-22.4c-6.4 0-12.8 6.4-12.8 12.8v198.4c0 6.4 6.4 12.8 12.8 12.8zm96 0h22.4c6.4 0 12.8-6.4 12.8-12.8V204.8c0-6.4-6.4-12.8-12.8-12.8h-22.4c-6.4 0-12.8 6.4-12.8 12.8v134.4c0 6.4 6.4 12.8 12.8 12.8zM496 400H48V80c0-8.84-7.16-16-16-16H16C7.16 64 0 71.16 0 80v336c0 17.67 14.33 32 32 32h464c8.84 0 16-7.16 16-16v-16c0-8.84-7.16-16-16-16zm-387.2-48h22.4c6.4 0 12.8-6.4 12.8-12.8v-70.4c0-6.4-6.4-12.8-12.8-12.8h-22.4c-6.4 0-12.8 6.4-12.8 12.8v70.4c0 6.4 6.4 12.8 12.8 12.8z\" class=\"\"><\/path><\/svg><\/i> <img loading=\"lazy\" decoding=\"async\" width=\"16\" height=\"16\" alt=\"Loading\" src=\"https:\/\/inforgomes.pt\/social\/wp-content\/plugins\/page-views-count\/ajax-loader-2x.gif\" border=0 \/><\/p>\n<div class=\"pvc_clear\"><\/div>\n","protected":false},"excerpt":{"rendered":"<p>1 0 &nbsp; \ud83c\uddf5\ud83c\uddf9\u00a0PORTUGAL \/\/ METEOROLOGIA \/\/ SOL O passado s\u00e1bado e domingo foram dias de sonho em Portugal. Depois de semanas com chuva, frio e tempestades devastadoras, finalmente veio a bonan\u00e7a, com sol e temperaturas a rondar os 25\u00baC &hellip; <a href=\"https:\/\/inforgomes.pt\/social\/depois-de-poeiras-e-chuva-quando-volta-o-sol-a-portugal\/\">Continue reading <span class=\"meta-nav\">&rarr;<\/span><\/a><\/p>\n<div class=\"pvc_clear\"><\/div>\n<p id=\"pvc_stats_1070\" class=\"pvc_stats all  \" data-element-id=\"1070\" style=\"\"><i class=\"pvc-stats-icon medium\" aria-hidden=\"true\"><svg aria-hidden=\"true\" focusable=\"false\" data-prefix=\"far\" data-icon=\"chart-bar\" role=\"img\" xmlns=\"http:\/\/www.w3.org\/2000\/svg\" viewBox=\"0 0 512 512\" class=\"svg-inline--fa fa-chart-bar fa-w-16 fa-2x\"><path fill=\"currentColor\" d=\"M396.8 352h22.4c6.4 0 12.8-6.4 12.8-12.8V108.8c0-6.4-6.4-12.8-12.8-12.8h-22.4c-6.4 0-12.8 6.4-12.8 12.8v230.4c0 6.4 6.4 12.8 12.8 12.8zm-192 0h22.4c6.4 0 12.8-6.4 12.8-12.8V140.8c0-6.4-6.4-12.8-12.8-12.8h-22.4c-6.4 0-12.8 6.4-12.8 12.8v198.4c0 6.4 6.4 12.8 12.8 12.8zm96 0h22.4c6.4 0 12.8-6.4 12.8-12.8V204.8c0-6.4-6.4-12.8-12.8-12.8h-22.4c-6.4 0-12.8 6.4-12.8 12.8v134.4c0 6.4 6.4 12.8 12.8 12.8zM496 400H48V80c0-8.84-7.16-16-16-16H16C7.16 64 0 71.16 0 80v336c0 17.67 14.33 32 32 32h464c8.84 0 16-7.16 16-16v-16c0-8.84-7.16-16-16-16zm-387.2-48h22.4c6.4 0 12.8-6.4 12.8-12.8v-70.4c0-6.4-6.4-12.8-12.8-12.8h-22.4c-6.4 0-12.8 6.4-12.8 12.8v70.4c0 6.4 6.4 12.8 12.8 12.8z\" class=\"\"><\/path><\/svg><\/i> <img loading=\"lazy\" decoding=\"async\" width=\"16\" height=\"16\" alt=\"Loading\" src=\"https:\/\/inforgomes.pt\/social\/wp-content\/plugins\/page-views-count\/ajax-loader-2x.gif\" border=0 \/><\/p>\n<div class=\"pvc_clear\"><\/div>\n","protected":false},"author":1,"featured_media":0,"comment_status":"open","ping_status":"open","sticky":false,"template":"","format":"standard","meta":{"footnotes":""},"categories":[93,235,52,14],"tags":[],"class_list":["post-1070","post","type-post","status-publish","format-standard","hentry","category-bonanca","category-fevereiro-2026","category-meteorologia","category-portugal"],"a3_pvc":{"activated":true,"total_views":6,"today_views":0},"_links":{"self":[{"href":"https:\/\/inforgomes.pt\/social\/wp-json\/wp\/v2\/posts\/1070","targetHints":{"allow":["GET"]}}],"collection":[{"href":"https:\/\/inforgomes.pt\/social\/wp-json\/wp\/v2\/posts"}],"about":[{"href":"https:\/\/inforgomes.pt\/social\/wp-json\/wp\/v2\/types\/post"}],"author":[{"embeddable":true,"href":"https:\/\/inforgomes.pt\/social\/wp-json\/wp\/v2\/users\/1"}],"replies":[{"embeddable":true,"href":"https:\/\/inforgomes.pt\/social\/wp-json\/wp\/v2\/comments?post=1070"}],"version-history":[{"count":1,"href":"https:\/\/inforgomes.pt\/social\/wp-json\/wp\/v2\/posts\/1070\/revisions"}],"predecessor-version":[{"id":1072,"href":"https:\/\/inforgomes.pt\/social\/wp-json\/wp\/v2\/posts\/1070\/revisions\/1072"}],"wp:attachment":[{"href":"https:\/\/inforgomes.pt\/social\/wp-json\/wp\/v2\/media?parent=1070"}],"wp:term":[{"taxonomy":"category","embeddable":true,"href":"https:\/\/inforgomes.pt\/social\/wp-json\/wp\/v2\/categories?post=1070"},{"taxonomy":"post_tag","embeddable":true,"href":"https:\/\/inforgomes.pt\/social\/wp-json\/wp\/v2\/tags?post=1070"}],"curies":[{"name":"wp","href":"https:\/\/api.w.org\/{rel}","templated":true}]}}