{"id":1073,"date":"2026-02-27T17:25:11","date_gmt":"2026-02-27T16:25:11","guid":{"rendered":"https:\/\/inforgomes.pt\/social\/?p=1073"},"modified":"2026-02-27T17:28:19","modified_gmt":"2026-02-27T16:28:19","slug":"bom-tempo-tem-os-dias-contados-vem-ai-a-gota-fria-o-que-e-e-que-fara","status":"publish","type":"post","link":"https:\/\/inforgomes.pt\/social\/bom-tempo-tem-os-dias-contados-vem-ai-a-gota-fria-o-que-e-e-que-fara\/","title":{"rendered":"Bom tempo tem os dias contados. Vem a\u00ed a gota fria: O que \u00e9? E que far\u00e1?"},"content":{"rendered":"<div class=\"pld-like-dislike-wrap pld-template-1\">\r\n    <div class=\"pld-like-wrap  pld-common-wrap\">\r\n    <a href=\"javascript:void(0)\" class=\"pld-like-trigger pld-like-dislike-trigger  \" title=\"Gosto\" data-post-id=\"1073\" data-trigger-type=\"like\" data-restriction=\"no\" data-already-liked=\"0\">\r\n                        <i class=\"fas fa-thumbs-up\"><\/i>\r\n                <\/a>\r\n    <span class=\"pld-like-count-wrap pld-count-wrap\">0    <\/span>\r\n<\/div><div class=\"pld-dislike-wrap  pld-common-wrap\">\r\n    <a href=\"javascript:void(0)\" class=\"pld-dislike-trigger pld-like-dislike-trigger  \" title=\"N\u00e3o gosto\" data-post-id=\"1073\" data-trigger-type=\"dislike\" data-restriction=\"no\" data-already-liked=\"0\">\r\n                        <i class=\"fas fa-thumbs-down\"><\/i>\r\n                <\/a>\r\n    <span class=\"pld-dislike-count-wrap pld-count-wrap\">0<\/span>\r\n<\/div><\/div><p>&nbsp;<\/p>\n<p><span style=\"font-size: 20px; font-family: Aldrich; color: #ff0000; --darkreader-inline-color: var(--darkreader-text-ff0000, #ff1a1a);\" data-darkreader-inline-color=\"\"><span style=\"color: #00ff00;\" data-darkreader-inline-color=\"\"><span style=\"font-size: 36px;\">\ud83c\uddf5\ud83c\uddf9<\/span>\u00a0PORT<\/span>UGAL \/\/ METEOROLOGIA \/\/ TEMPO<\/span><\/p>\n<p style=\"text-align: justify;\"><strong>\u00c0 excep\u00e7\u00e3o de sexta-feira, dia 27, o tempo dever\u00e1 continuar est\u00e1vel e seco at\u00e9 domingo. Contudo, o in\u00edcio de Mar\u00e7o poder\u00e1 marcar o regresso dos aguaceiros, trovoada e granizo a Portugal continental.<\/strong><\/p>\n<p style=\"text-align: justify;\">Depois de uma segunda quinzena de Fevereiro em que, regra geral, a chuva deu tr\u00e9guas e at\u00e9 houve temperaturas acima da m\u00e9dia para a \u00e9poca, o cen\u00e1rio parece estar prestes a mudar novamente. A primeira semana de Mar\u00e7o ser\u00e1 de chuva e descida das temperaturas devido \u00e0 forma\u00e7\u00e3o de uma gota fria. Mas o que \u00e9 que isto significa?<\/p>\n<p style=\"text-align: justify;\">A aproxima\u00e7\u00e3o de uma depress\u00e3o em altitude, tamb\u00e9m denominada gota fria ou DANA (em castelhano), vai provocar uma mudan\u00e7a do estado do tempo em Portugal continental, a partir do in\u00edcio da pr\u00f3xima semana.<\/p>\n<p style=\"text-align: justify;\">De acordo com o Meteored Portugal, contudo, as depress\u00f5es isoladas em altitude &#8220;s\u00e3o conhecidas pela sua traject\u00f3ria err\u00e1tica, o que torna muito dif\u00edcil prever com precis\u00e3o a distribui\u00e7\u00e3o geogr\u00e1fica e intensidade da precipita\u00e7\u00e3o convectiva e de car\u00e1cter irregular que geralmente lhes est\u00e1 associada&#8221;.<\/p>\n<p style=\"text-align: justify;\">Ou seja, \u00e9 muito dif\u00edcil prever, para j\u00e1, a chuva acumulada. Neste momento, os mapas insistem que poder\u00e1 chover em qualquer zona do territ\u00f3rio de Portugal continental, com acumula\u00e7\u00f5es entre 5 mm e 20 mm.<\/p>\n<p style=\"text-align: justify;\">\u00c9, ali\u00e1s, &#8220;muito prov\u00e1vel que, por causa da traject\u00f3ria deste centro de baixas press\u00f5es, os valores de chuva acumulada se alterem v\u00e1rias vezes nas pr\u00f3ximas actualiza\u00e7\u00f5es do modelo Europeu&#8221;, conforme detalha o comunicado da Meteored sobre os poss\u00edveis efeitos da gota fria no tempo em Portugal.<\/p>\n<p style=\"text-align: justify;\">Ainda assim, de momento, os mapas sugerem que as \u00e1reas potencialmente mais afectadas seriam, com valores a rondar os 20 mm de precipita\u00e7\u00e3o acumulada: Regi\u00e3o Norte (excepto distrito de Bragan\u00e7a), Grande Lisboa, Pen\u00ednsula de Set\u00fabal, Beira Alta, Beira Baixa e toda a zona fronteiri\u00e7a do Alentejo com Espanha.<\/p>\n<p style=\"text-align: justify;\">De acordo com o ge\u00f3grafo e especialista Alfredo Gra\u00e7a, a partir do final da madrugada ou in\u00edcio da manh\u00e3 de segunda-feira, dia 2 de Mar\u00e7o, prev\u00ea-se que uma frente fria associada a uma depress\u00e3o atl\u00e2ntica situada a noroeste das Ilhas Brit\u00e2nicas, entre pelo litoral Norte e Centro de Portugal continental, espalhe precipita\u00e7\u00e3o gradualmente para as restantes regi\u00f5es do pa\u00eds.<\/p>\n<p style=\"text-align: justify;\">A interac\u00e7\u00e3o entre a frente fria associada \u00e0 referida depress\u00e3o atl\u00e2ntica, uma massa de ar mais frio de origem polar em altitude e a presen\u00e7a pr\u00e9via de ar mais quente e h\u00famido a sul, favorecer\u00e1 o aprofundamento de um centro de baixas press\u00f5es que poder\u00e1 evoluir para uma gota fria.<\/p>\n<p style=\"text-align: justify;\">Ora, isso vai significar a predomin\u00e2ncia de aguaceiros, trovoadas e granizo durante segunda e ter\u00e7a-feira, dias 2 e 3 de Mar\u00e7o. Inicialmente, &#8220;a precipita\u00e7\u00e3o em Portugal continental ser\u00e1 gerada pela frente fria, mas posteriormente dever-se-\u00e1 \u00e0 depress\u00e3o isolada em altitude&#8221;, refere a mesma nota.<\/p>\n<p style=\"text-align: justify;\">Segundo a previs\u00e3o actual do modelo europeu, a gota fria s\u00f3 se dever\u00e1 come\u00e7ar a formar no per\u00edodo entre o fim da tarde de segunda e a meia-noite de ter\u00e7a-feira, &#8220;quando o sistema evoluir para uma depress\u00e3o que se desligar\u00e1 da circula\u00e7\u00e3o principal, isolando-se em altitude na sua desloca\u00e7\u00e3o para sul, e com o seu centro a posicionar-se entre a Pen\u00ednsula Ib\u00e9rica e Marrocos&#8221;.<\/p>\n<p style=\"text-align: justify;\"><span style=\"font-family: Aldrich; font-size: 20px;\">E at\u00e9 l\u00e1?<\/span><\/p>\n<p style=\"text-align: justify;\">At\u00e9 \u00e0 pr\u00f3xima segunda-feira, o tempo dever\u00e1 continuar est\u00e1vel e seco, com excep\u00e7\u00e3o de sexta-feira, dia 27. Se \u00e9 facto que as temperaturas diurnas t\u00eam sido bastante agrad\u00e1veis por estes dias, espera-se uma descida significativa das mesmas entre hoje e amanh\u00e3.<\/p>\n<p style=\"text-align: justify;\">Em causa est\u00e1 a aproxima\u00e7\u00e3o de uma massa de ar polar, que ir\u00e1 contribuir para a descida dos term\u00f3metros em praticamente todo o continente.<\/p>\n<p style=\"text-align: justify;\">De acordo com o Instituto Portugu\u00eas do Mar e da Atmosfera (IPMA), al\u00e9m do acentuado arrefecimento nocturno (que tamb\u00e9m tem marcado esta \u00faltima semana), haver\u00e1 uma descida da temperatura m\u00e1xima, em especial nas regi\u00f5es Norte e Centro.<\/p>\n<p style=\"text-align: justify;\">Em Lisboa, as temperaturas dever\u00e3o variar entre os 10 e os 17 graus na sexta-feira, enquanto hoje chegaram aos 22. Tamb\u00e9m no Porto a m\u00e1xima esperada desce de 17 para 15 graus. S\u00f3 Faro mant\u00e9m o cen\u00e1rio de hoje: as temperaturas v\u00e3o variar entre os 10 e os 23 graus na sexta-feira.<\/p>\n<p style=\"text-align: justify;\">No s\u00e1bado, dever\u00e1 registar-se novamente uma pequena subida da temperatura m\u00e1xima no Norte e Centro.<\/p>\n<p style=\"text-align: justify;\"><a href=\"https:\/\/www.msn.com\/pt-pt\/noticias\/ultimas\/bom-tempo-tem-os-dias-contados-vem-a%C3%AD-a-gota-fria-o-que-%C3%A9-e-que-far%C3%A1\/ar-AA1X9xA6\" target=\"_blank\" rel=\"noopener\">Not\u00edcias ao Minuto<\/a><br \/>\n26.02.2026<\/p>\n<p>Visita: <a href=\"https:\/\/www.counter12.com\"><img decoding=\"async\" src=\"https:\/\/www.counter12.com\/img-37W40BcCy349235W-26.gif\" alt=\"conter12\" border=\"0\" \/><\/a><\/p>\n<p style=\"text-align: justify;\"><div class=\"note\"><div class=\"notewarning\">- Neste Blogue, escreve-se em Portugu\u00eas \ud83c\uddf5\ud83c\uddf9 de Portugal (n\u00e3o adulterado pela coloniza\u00e7\u00e3o do AO).<\/div><\/div><\/p>\n<p><img loading=\"lazy\" decoding=\"async\" class=\"alignnone wp-image-1223\" src=\"https:\/\/inforgomes.pt\/cozinha\/wp-content\/uploads\/2023\/11\/0-coracao_transp.png\" alt=\"\" width=\"136\" height=\"122\" \/><img loading=\"lazy\" decoding=\"async\" class=\"alignnone wp-image-1758\" src=\"https:\/\/inforgomes.pt\/cozinha\/wp-content\/uploads\/2024\/03\/nao-AO.png\" alt=\"\" width=\"128\" height=\"128\" \/><img loading=\"lazy\" decoding=\"async\" class=\"alignnone wp-image-1791\" src=\"https:\/\/inforgomes.pt\/cozinha\/wp-content\/uploads\/2024\/03\/meio-ambiente.png\" alt=\"\" width=\"127\" height=\"130\" \/><\/p>\n<p>&nbsp;<\/p>\n<div class=\"pvc_clear\"><\/div>\n<p id=\"pvc_stats_1073\" class=\"pvc_stats all  \" data-element-id=\"1073\" style=\"\"><i class=\"pvc-stats-icon medium\" aria-hidden=\"true\"><svg aria-hidden=\"true\" focusable=\"false\" data-prefix=\"far\" data-icon=\"chart-bar\" role=\"img\" xmlns=\"http:\/\/www.w3.org\/2000\/svg\" viewBox=\"0 0 512 512\" class=\"svg-inline--fa fa-chart-bar fa-w-16 fa-2x\"><path fill=\"currentColor\" d=\"M396.8 352h22.4c6.4 0 12.8-6.4 12.8-12.8V108.8c0-6.4-6.4-12.8-12.8-12.8h-22.4c-6.4 0-12.8 6.4-12.8 12.8v230.4c0 6.4 6.4 12.8 12.8 12.8zm-192 0h22.4c6.4 0 12.8-6.4 12.8-12.8V140.8c0-6.4-6.4-12.8-12.8-12.8h-22.4c-6.4 0-12.8 6.4-12.8 12.8v198.4c0 6.4 6.4 12.8 12.8 12.8zm96 0h22.4c6.4 0 12.8-6.4 12.8-12.8V204.8c0-6.4-6.4-12.8-12.8-12.8h-22.4c-6.4 0-12.8 6.4-12.8 12.8v134.4c0 6.4 6.4 12.8 12.8 12.8zM496 400H48V80c0-8.84-7.16-16-16-16H16C7.16 64 0 71.16 0 80v336c0 17.67 14.33 32 32 32h464c8.84 0 16-7.16 16-16v-16c0-8.84-7.16-16-16-16zm-387.2-48h22.4c6.4 0 12.8-6.4 12.8-12.8v-70.4c0-6.4-6.4-12.8-12.8-12.8h-22.4c-6.4 0-12.8 6.4-12.8 12.8v70.4c0 6.4 6.4 12.8 12.8 12.8z\" class=\"\"><\/path><\/svg><\/i> <img loading=\"lazy\" decoding=\"async\" width=\"16\" height=\"16\" alt=\"Loading\" src=\"https:\/\/inforgomes.pt\/social\/wp-content\/plugins\/page-views-count\/ajax-loader-2x.gif\" border=0 \/><\/p>\n<div class=\"pvc_clear\"><\/div>\n","protected":false},"excerpt":{"rendered":"<p>0 0 &nbsp; \ud83c\uddf5\ud83c\uddf9\u00a0PORTUGAL \/\/ METEOROLOGIA \/\/ TEMPO \u00c0 excep\u00e7\u00e3o de sexta-feira, dia 27, o tempo dever\u00e1 continuar est\u00e1vel e seco at\u00e9 domingo. Contudo, o in\u00edcio de Mar\u00e7o poder\u00e1 marcar o regresso dos aguaceiros, trovoada e granizo a Portugal continental. &hellip; <a href=\"https:\/\/inforgomes.pt\/social\/bom-tempo-tem-os-dias-contados-vem-ai-a-gota-fria-o-que-e-e-que-fara\/\">Continue reading <span class=\"meta-nav\">&rarr;<\/span><\/a><\/p>\n<div class=\"pvc_clear\"><\/div>\n<p id=\"pvc_stats_1073\" class=\"pvc_stats all  \" data-element-id=\"1073\" style=\"\"><i class=\"pvc-stats-icon medium\" aria-hidden=\"true\"><svg aria-hidden=\"true\" focusable=\"false\" data-prefix=\"far\" data-icon=\"chart-bar\" role=\"img\" xmlns=\"http:\/\/www.w3.org\/2000\/svg\" viewBox=\"0 0 512 512\" class=\"svg-inline--fa fa-chart-bar fa-w-16 fa-2x\"><path fill=\"currentColor\" d=\"M396.8 352h22.4c6.4 0 12.8-6.4 12.8-12.8V108.8c0-6.4-6.4-12.8-12.8-12.8h-22.4c-6.4 0-12.8 6.4-12.8 12.8v230.4c0 6.4 6.4 12.8 12.8 12.8zm-192 0h22.4c6.4 0 12.8-6.4 12.8-12.8V140.8c0-6.4-6.4-12.8-12.8-12.8h-22.4c-6.4 0-12.8 6.4-12.8 12.8v198.4c0 6.4 6.4 12.8 12.8 12.8zm96 0h22.4c6.4 0 12.8-6.4 12.8-12.8V204.8c0-6.4-6.4-12.8-12.8-12.8h-22.4c-6.4 0-12.8 6.4-12.8 12.8v134.4c0 6.4 6.4 12.8 12.8 12.8zM496 400H48V80c0-8.84-7.16-16-16-16H16C7.16 64 0 71.16 0 80v336c0 17.67 14.33 32 32 32h464c8.84 0 16-7.16 16-16v-16c0-8.84-7.16-16-16-16zm-387.2-48h22.4c6.4 0 12.8-6.4 12.8-12.8v-70.4c0-6.4-6.4-12.8-12.8-12.8h-22.4c-6.4 0-12.8 6.4-12.8 12.8v70.4c0 6.4 6.4 12.8 12.8 12.8z\" class=\"\"><\/path><\/svg><\/i> <img loading=\"lazy\" decoding=\"async\" width=\"16\" height=\"16\" alt=\"Loading\" src=\"https:\/\/inforgomes.pt\/social\/wp-content\/plugins\/page-views-count\/ajax-loader-2x.gif\" border=0 \/><\/p>\n<div class=\"pvc_clear\"><\/div>\n","protected":false},"author":1,"featured_media":0,"comment_status":"open","ping_status":"open","sticky":false,"template":"","format":"standard","meta":{"footnotes":""},"categories":[235,51,52,92,14],"tags":[],"class_list":["post-1073","post","type-post","status-publish","format-standard","hentry","category-fevereiro-2026","category-mau-tempo","category-meteorologia","category-noticias-ao-minuto","category-portugal"],"a3_pvc":{"activated":true,"total_views":6,"today_views":0},"_links":{"self":[{"href":"https:\/\/inforgomes.pt\/social\/wp-json\/wp\/v2\/posts\/1073","targetHints":{"allow":["GET"]}}],"collection":[{"href":"https:\/\/inforgomes.pt\/social\/wp-json\/wp\/v2\/posts"}],"about":[{"href":"https:\/\/inforgomes.pt\/social\/wp-json\/wp\/v2\/types\/post"}],"author":[{"embeddable":true,"href":"https:\/\/inforgomes.pt\/social\/wp-json\/wp\/v2\/users\/1"}],"replies":[{"embeddable":true,"href":"https:\/\/inforgomes.pt\/social\/wp-json\/wp\/v2\/comments?post=1073"}],"version-history":[{"count":3,"href":"https:\/\/inforgomes.pt\/social\/wp-json\/wp\/v2\/posts\/1073\/revisions"}],"predecessor-version":[{"id":1076,"href":"https:\/\/inforgomes.pt\/social\/wp-json\/wp\/v2\/posts\/1073\/revisions\/1076"}],"wp:attachment":[{"href":"https:\/\/inforgomes.pt\/social\/wp-json\/wp\/v2\/media?parent=1073"}],"wp:term":[{"taxonomy":"category","embeddable":true,"href":"https:\/\/inforgomes.pt\/social\/wp-json\/wp\/v2\/categories?post=1073"},{"taxonomy":"post_tag","embeddable":true,"href":"https:\/\/inforgomes.pt\/social\/wp-json\/wp\/v2\/tags?post=1073"}],"curies":[{"name":"wp","href":"https:\/\/api.w.org\/{rel}","templated":true}]}}