{"id":1077,"date":"2026-02-27T20:29:22","date_gmt":"2026-02-27T19:29:22","guid":{"rendered":"https:\/\/inforgomes.pt\/social\/?p=1077"},"modified":"2026-02-27T20:29:22","modified_gmt":"2026-02-27T19:29:22","slug":"a-mentira-das-lajes","status":"publish","type":"post","link":"https:\/\/inforgomes.pt\/social\/a-mentira-das-lajes\/","title":{"rendered":"A mentira das Lajes"},"content":{"rendered":"<div class=\"pld-like-dislike-wrap pld-template-1\">\r\n    <div class=\"pld-like-wrap  pld-common-wrap\">\r\n    <a href=\"javascript:void(0)\" class=\"pld-like-trigger pld-like-dislike-trigger  \" title=\"Gosto\" data-post-id=\"1077\" data-trigger-type=\"like\" data-restriction=\"no\" data-already-liked=\"0\">\r\n                        <i class=\"fas fa-thumbs-up\"><\/i>\r\n                <\/a>\r\n    <span class=\"pld-like-count-wrap pld-count-wrap\">1    <\/span>\r\n<\/div><div class=\"pld-dislike-wrap  pld-common-wrap\">\r\n    <a href=\"javascript:void(0)\" class=\"pld-dislike-trigger pld-like-dislike-trigger  \" title=\"N\u00e3o gosto\" data-post-id=\"1077\" data-trigger-type=\"dislike\" data-restriction=\"no\" data-already-liked=\"0\">\r\n                        <i class=\"fas fa-thumbs-down\"><\/i>\r\n                <\/a>\r\n    <span class=\"pld-dislike-count-wrap pld-count-wrap\">0<\/span>\r\n<\/div><\/div><p>&nbsp;<\/p>\n<p><span style=\"font-size: 20px; font-family: Aldrich; color: #ff0000;\" data-darkreader-inline-color=\"\"><span style=\"font-size: 36px;\">\ud83c\uddf5\ud83c\uddf9<\/span>\u00a0OPINI\u00c3O<\/span><\/p>\n<p style=\"text-align: justify;\">As rela\u00e7\u00f5es entre Estados n\u00e3o se baseiam apenas na conflu\u00eancia de interesses, nem na dimens\u00e3o ou for\u00e7a relativa de cada um. Que Paulo Rangel queira agradar \u00e0 Administra\u00e7\u00e3o norte-americana, ainda que Trump nem saiba onde fica Portugal, isso \u00e9 l\u00e1 com ele. Que o fa\u00e7a \u00e0 custa do respeito pr\u00f3prio que \u00e9 devido ao nosso Pa\u00eds e enquanto chefe da diplomacia portuguesa j\u00e1 nos envergonha a todos.<\/p>\n<p style=\"text-align: justify;\">N\u00e3o \u00e9 a primeira vez que o inquilino do Pal\u00e1cio das Necessidades tortura os factos para efeitos ret\u00f3ricos. O ministro de Estado e dos Neg\u00f3cios Estrangeiros, a prop\u00f3sito do aumento do n\u00famero de aeronaves militares estacionadas na ilha Terceira e da utiliza\u00e7\u00e3o pelos EUA da Base das Lajes para opera\u00e7\u00f5es militares contra o Ir\u00e3o, afirmou aos jornalistas que \u201cqualquer outra opera\u00e7\u00e3o n\u00e3o tem de ser nem autorizada, nem conhecida, nem comunicada.\u201d<\/p>\n<p style=\"text-align: justify;\">Vamos ent\u00e3o aos factos. O <em>Acordo de Coopera\u00e7\u00e3o e Defesa<\/em>, actualmente em vigor, data de 1995 e veio substituir o de 1951. O <em>Acordo de Coopera\u00e7\u00e3o e Defesa<\/em> integra ainda dois outros acordos (menos conhecidos, mas n\u00e3o menos relevantes): o <em>Acordo Laboral<\/em>, que regula as rela\u00e7\u00f5es laborais dos portugueses ao servi\u00e7o dos EUA, e o <em>Acordo T\u00e9cnico,<\/em> que autoriza e regula a utiliza\u00e7\u00e3o de infra-estruturas das, e nas, Lajes pelos norte-americanos.<\/p>\n<p style=\"text-align: justify;\">\u00c9 este \u00faltimo que determina que Portugal cede aos EUA autoriza\u00e7\u00e3o para a utiliza\u00e7\u00e3o das instala\u00e7\u00f5es e para o tr\u00e2nsito de avi\u00f5es militares na base e pelo espa\u00e7o a\u00e9reo dos A\u00e7ores e que Portugal \u201cencarar\u00e1 favoravelmente\u201d os pedidos de utiliza\u00e7\u00e3o da Base para opera\u00e7\u00f5es militares decorrentes de decis\u00f5es de organiza\u00e7\u00f5es internacionais de que os dois pa\u00edses sejam membros como, por exemplo, a NATO.<\/p>\n<p style=\"text-align: justify;\">Qualquer outra utiliza\u00e7\u00e3o por parte dos EUA que n\u00e3o se enquadre nesse tipo de opera\u00e7\u00f5es dever\u00e1 ter autoriza\u00e7\u00e3o pr\u00e9via da parte portuguesa. De resto, nem se compreenderia que assim n\u00e3o fosse atendendo, inclusivamente, aos princ\u00edpios nucleares das rela\u00e7\u00f5es entre Estados, dos quais avultam a igualdade soberana dos Estados, a n\u00e3o inger\u00eancia nos assuntos internos, a proibi\u00e7\u00e3o do uso da for\u00e7a, a autodetermina\u00e7\u00e3o dos povos, a resolu\u00e7\u00e3o pacifica dos conflitos, entre outros.<\/p>\n<p style=\"text-align: justify;\">Nestes quase 80 anos, aquela base evidenciou a sua relev\u00e2ncia geo-estrat\u00e9gica com destaque, por exemplo, na Guerra do Golfo (1991), em que serviu de apoio a 12 mil opera\u00e7\u00f5es de avi\u00f5es, com 33 reabastecedores a operarem nas Lajes, um n\u00famero muito superior aos 12 recentemente utilizados na opera\u00e7\u00e3o contra o Ir\u00e3o e que, j\u00e1 agora, s\u00e3o muito semelhantes aos registados da II Guerra do Golfo, j\u00e1 em 2003.<\/p>\n<p style=\"text-align: justify;\">Portanto, a ideia de que os EUA podem usar aquela base, ainda que ao abrigo do <em>Acordo de Coopera\u00e7\u00e3o e Defesa<\/em>, sem dar cavaco ao Estado portugu\u00eas, confere-nos uma subalternidade e uma menoriza\u00e7\u00e3o que enfraquece a nossa posi\u00e7\u00e3o negocial e ofende a dignidade institucional e soberana de um dos Estados mais antigos da Europa, com mais de 880 anos de Hist\u00f3ria.<\/p>\n<p style=\"text-align: justify;\">Por fim, o Estado Portugu\u00eas, t\u00e3o lesto em agradar e em n\u00e3o se dar ao respeito, tem sido praticamente inexistente na exig\u00eancia que se imp\u00f5e de resolver o passivo ambiental que resulta da presen\u00e7a norte-americana nas Lajes e ainda menos presente em potenciar a posi\u00e7\u00e3o geo-estrat\u00e9gica \u00fanica que os A\u00e7ores nos conferem no Atl\u00e2ntico Norte. Isto sim, seria uma forma de valorizar o que \u00e9 nosso e de refor\u00e7ar a nossa posi\u00e7\u00e3o face aos EUA.<\/p>\n<p style=\"text-align: justify;\"><a href=\"https:\/\/www.dn.pt\/opiniao-dn\/a-mentira-das-lajes\" target=\"_blank\" rel=\"noopener\">Di\u00e1rio de Not\u00edcias<\/a><br \/>\nAndr\u00e9 Franqueira Rodrigues<br \/>\nEurodeputado pelo PS e membro da Comiss\u00e3o de Defesa do Parlamento Europeu<br \/>\n27.02.2026<\/p>\n<p>Visita: <a href=\"https:\/\/www.counter12.com\"><img decoding=\"async\" src=\"https:\/\/www.counter12.com\/img-37W40BcCy349235W-26.gif\" alt=\"conter12\" border=\"0\" \/><\/a><\/p>\n<p style=\"text-align: justify;\"><div class=\"note\"><div class=\"notewarning\">- Neste Blogue, escreve-se em Portugu\u00eas \ud83c\uddf5\ud83c\uddf9 de Portugal (n\u00e3o adulterado pela coloniza\u00e7\u00e3o do AO).<\/div><\/div><\/p>\n<p><img loading=\"lazy\" decoding=\"async\" class=\"alignnone wp-image-1223\" src=\"https:\/\/inforgomes.pt\/cozinha\/wp-content\/uploads\/2023\/11\/0-coracao_transp.png\" alt=\"\" width=\"136\" height=\"122\" \/><img loading=\"lazy\" decoding=\"async\" class=\"alignnone wp-image-1758\" src=\"https:\/\/inforgomes.pt\/cozinha\/wp-content\/uploads\/2024\/03\/nao-AO.png\" alt=\"\" width=\"128\" height=\"128\" \/><img loading=\"lazy\" decoding=\"async\" class=\"alignnone wp-image-1791\" src=\"https:\/\/inforgomes.pt\/cozinha\/wp-content\/uploads\/2024\/03\/meio-ambiente.png\" alt=\"\" width=\"127\" height=\"130\" \/><\/p>\n<p>&nbsp;<\/p>\n<div class=\"pvc_clear\"><\/div>\n<p id=\"pvc_stats_1077\" class=\"pvc_stats all  \" data-element-id=\"1077\" style=\"\"><i class=\"pvc-stats-icon medium\" aria-hidden=\"true\"><svg aria-hidden=\"true\" focusable=\"false\" data-prefix=\"far\" data-icon=\"chart-bar\" role=\"img\" xmlns=\"http:\/\/www.w3.org\/2000\/svg\" viewBox=\"0 0 512 512\" class=\"svg-inline--fa fa-chart-bar fa-w-16 fa-2x\"><path fill=\"currentColor\" d=\"M396.8 352h22.4c6.4 0 12.8-6.4 12.8-12.8V108.8c0-6.4-6.4-12.8-12.8-12.8h-22.4c-6.4 0-12.8 6.4-12.8 12.8v230.4c0 6.4 6.4 12.8 12.8 12.8zm-192 0h22.4c6.4 0 12.8-6.4 12.8-12.8V140.8c0-6.4-6.4-12.8-12.8-12.8h-22.4c-6.4 0-12.8 6.4-12.8 12.8v198.4c0 6.4 6.4 12.8 12.8 12.8zm96 0h22.4c6.4 0 12.8-6.4 12.8-12.8V204.8c0-6.4-6.4-12.8-12.8-12.8h-22.4c-6.4 0-12.8 6.4-12.8 12.8v134.4c0 6.4 6.4 12.8 12.8 12.8zM496 400H48V80c0-8.84-7.16-16-16-16H16C7.16 64 0 71.16 0 80v336c0 17.67 14.33 32 32 32h464c8.84 0 16-7.16 16-16v-16c0-8.84-7.16-16-16-16zm-387.2-48h22.4c6.4 0 12.8-6.4 12.8-12.8v-70.4c0-6.4-6.4-12.8-12.8-12.8h-22.4c-6.4 0-12.8 6.4-12.8 12.8v70.4c0 6.4 6.4 12.8 12.8 12.8z\" class=\"\"><\/path><\/svg><\/i> <img loading=\"lazy\" decoding=\"async\" width=\"16\" height=\"16\" alt=\"Loading\" src=\"https:\/\/inforgomes.pt\/social\/wp-content\/plugins\/page-views-count\/ajax-loader-2x.gif\" border=0 \/><\/p>\n<div class=\"pvc_clear\"><\/div>\n","protected":false},"excerpt":{"rendered":"<p>1 0 &nbsp; \ud83c\uddf5\ud83c\uddf9\u00a0OPINI\u00c3O As rela\u00e7\u00f5es entre Estados n\u00e3o se baseiam apenas na conflu\u00eancia de interesses, nem na dimens\u00e3o ou for\u00e7a relativa de cada um. Que Paulo Rangel queira agradar \u00e0 Administra\u00e7\u00e3o norte-americana, ainda que Trump nem saiba onde fica &hellip; <a href=\"https:\/\/inforgomes.pt\/social\/a-mentira-das-lajes\/\">Continue reading <span class=\"meta-nav\">&rarr;<\/span><\/a><\/p>\n<div class=\"pvc_clear\"><\/div>\n<p id=\"pvc_stats_1077\" class=\"pvc_stats all  \" data-element-id=\"1077\" style=\"\"><i class=\"pvc-stats-icon medium\" aria-hidden=\"true\"><svg aria-hidden=\"true\" focusable=\"false\" data-prefix=\"far\" data-icon=\"chart-bar\" role=\"img\" xmlns=\"http:\/\/www.w3.org\/2000\/svg\" viewBox=\"0 0 512 512\" class=\"svg-inline--fa fa-chart-bar fa-w-16 fa-2x\"><path fill=\"currentColor\" d=\"M396.8 352h22.4c6.4 0 12.8-6.4 12.8-12.8V108.8c0-6.4-6.4-12.8-12.8-12.8h-22.4c-6.4 0-12.8 6.4-12.8 12.8v230.4c0 6.4 6.4 12.8 12.8 12.8zm-192 0h22.4c6.4 0 12.8-6.4 12.8-12.8V140.8c0-6.4-6.4-12.8-12.8-12.8h-22.4c-6.4 0-12.8 6.4-12.8 12.8v198.4c0 6.4 6.4 12.8 12.8 12.8zm96 0h22.4c6.4 0 12.8-6.4 12.8-12.8V204.8c0-6.4-6.4-12.8-12.8-12.8h-22.4c-6.4 0-12.8 6.4-12.8 12.8v134.4c0 6.4 6.4 12.8 12.8 12.8zM496 400H48V80c0-8.84-7.16-16-16-16H16C7.16 64 0 71.16 0 80v336c0 17.67 14.33 32 32 32h464c8.84 0 16-7.16 16-16v-16c0-8.84-7.16-16-16-16zm-387.2-48h22.4c6.4 0 12.8-6.4 12.8-12.8v-70.4c0-6.4-6.4-12.8-12.8-12.8h-22.4c-6.4 0-12.8 6.4-12.8 12.8v70.4c0 6.4 6.4 12.8 12.8 12.8z\" class=\"\"><\/path><\/svg><\/i> <img loading=\"lazy\" decoding=\"async\" width=\"16\" height=\"16\" alt=\"Loading\" src=\"https:\/\/inforgomes.pt\/social\/wp-content\/plugins\/page-views-count\/ajax-loader-2x.gif\" border=0 \/><\/p>\n<div class=\"pvc_clear\"><\/div>\n","protected":false},"author":1,"featured_media":0,"comment_status":"open","ping_status":"open","sticky":false,"template":"","format":"standard","meta":{"footnotes":""},"categories":[299,3,235,4,14],"tags":[],"class_list":["post-1077","post","type-post","status-publish","format-standard","hentry","category-andre-franqueira-rodrigues","category-diario-de-noticias","category-fevereiro-2026","category-opiniao","category-portugal"],"a3_pvc":{"activated":true,"total_views":5,"today_views":0},"_links":{"self":[{"href":"https:\/\/inforgomes.pt\/social\/wp-json\/wp\/v2\/posts\/1077","targetHints":{"allow":["GET"]}}],"collection":[{"href":"https:\/\/inforgomes.pt\/social\/wp-json\/wp\/v2\/posts"}],"about":[{"href":"https:\/\/inforgomes.pt\/social\/wp-json\/wp\/v2\/types\/post"}],"author":[{"embeddable":true,"href":"https:\/\/inforgomes.pt\/social\/wp-json\/wp\/v2\/users\/1"}],"replies":[{"embeddable":true,"href":"https:\/\/inforgomes.pt\/social\/wp-json\/wp\/v2\/comments?post=1077"}],"version-history":[{"count":1,"href":"https:\/\/inforgomes.pt\/social\/wp-json\/wp\/v2\/posts\/1077\/revisions"}],"predecessor-version":[{"id":1078,"href":"https:\/\/inforgomes.pt\/social\/wp-json\/wp\/v2\/posts\/1077\/revisions\/1078"}],"wp:attachment":[{"href":"https:\/\/inforgomes.pt\/social\/wp-json\/wp\/v2\/media?parent=1077"}],"wp:term":[{"taxonomy":"category","embeddable":true,"href":"https:\/\/inforgomes.pt\/social\/wp-json\/wp\/v2\/categories?post=1077"},{"taxonomy":"post_tag","embeddable":true,"href":"https:\/\/inforgomes.pt\/social\/wp-json\/wp\/v2\/tags?post=1077"}],"curies":[{"name":"wp","href":"https:\/\/api.w.org\/{rel}","templated":true}]}}