{"id":1079,"date":"2026-02-28T01:45:06","date_gmt":"2026-02-28T00:45:06","guid":{"rendered":"https:\/\/inforgomes.pt\/social\/?p=1079"},"modified":"2026-02-28T01:45:45","modified_gmt":"2026-02-28T00:45:45","slug":"poeiras-mais-concentradas-devem-chegar-ja-na-primeira-semana-de-marco","status":"publish","type":"post","link":"https:\/\/inforgomes.pt\/social\/poeiras-mais-concentradas-devem-chegar-ja-na-primeira-semana-de-marco\/","title":{"rendered":"Poeiras mais concentradas devem chegar j\u00e1 na primeira semana de Mar\u00e7o"},"content":{"rendered":"<div class=\"pld-like-dislike-wrap pld-template-1\">\r\n    <div class=\"pld-like-wrap  pld-common-wrap\">\r\n    <a href=\"javascript:void(0)\" class=\"pld-like-trigger pld-like-dislike-trigger  \" title=\"Gosto\" data-post-id=\"1079\" data-trigger-type=\"like\" data-restriction=\"no\" data-already-liked=\"0\">\r\n                        <i class=\"fas fa-thumbs-up\"><\/i>\r\n                <\/a>\r\n    <span class=\"pld-like-count-wrap pld-count-wrap\">0    <\/span>\r\n<\/div><div class=\"pld-dislike-wrap  pld-common-wrap\">\r\n    <a href=\"javascript:void(0)\" class=\"pld-dislike-trigger pld-like-dislike-trigger  \" title=\"N\u00e3o gosto\" data-post-id=\"1079\" data-trigger-type=\"dislike\" data-restriction=\"no\" data-already-liked=\"0\">\r\n                        <i class=\"fas fa-thumbs-down\"><\/i>\r\n                <\/a>\r\n    <span class=\"pld-dislike-count-wrap pld-count-wrap\">0<\/span>\r\n<\/div><\/div><p>&nbsp;<\/p>\n<p><span style=\"font-size: 20px; font-family: Aldrich; color: #ff0000; --darkreader-inline-color: var(--darkreader-text-ff0000, #ff1a1a);\" data-darkreader-inline-color=\"\"><span style=\"color: #00ff00;\" data-darkreader-inline-color=\"\"><span style=\"font-size: 36px;\">\ud83c\uddf5\ud83c\uddf9<\/span>\u00a0PORT<\/span>UGAL \/\/ POEIRAS<\/span><\/p>\n<p style=\"text-align: justify;\"><strong>O IPMA deixou um alerta acerca das poeiras em suspens\u00e3o sobre Portugal continental, referindo que est\u00e1 previsto que o transporte ocorra em direc\u00e7\u00e3o ao territ\u00f3rio continental a 2 de Mar\u00e7o, segunda-feira. Situa\u00e7\u00e3o meteorol\u00f3gica para os &#8220;dias seguintes favorece a persist\u00eancia de poeiras em suspens\u00e3o at\u00e9 5 de Mar\u00e7o.&#8221;<\/strong><\/p>\n<div id=\"attachment_1080\" style=\"width: 778px\" class=\"wp-caption aligncenter\"><img loading=\"lazy\" decoding=\"async\" aria-describedby=\"caption-attachment-1080\" class=\"size-full wp-image-1080\" src=\"https:\/\/inforgomes.pt\/social\/wp-content\/uploads\/2026\/02\/nm28022026.webp\" alt=\"\" width=\"768\" height=\"432\" srcset=\"https:\/\/inforgomes.pt\/social\/wp-content\/uploads\/2026\/02\/nm28022026.webp 768w, https:\/\/inforgomes.pt\/social\/wp-content\/uploads\/2026\/02\/nm28022026-300x169.webp 300w, https:\/\/inforgomes.pt\/social\/wp-content\/uploads\/2026\/02\/nm28022026-500x281.webp 500w\" sizes=\"auto, (max-width: 768px) 100vw, 768px\" \/><p id=\"caption-attachment-1080\" class=\"wp-caption-text\">Poeiras vindas do norte de \u00c1frica sobre Portugal continental<br \/>\u00a9 Reinaldo Rodrigues\/Global Imagens<\/p><\/div>\n<p style=\"text-align: justify;\">O Instituto Portugu\u00eas do Mar e da Atmosfera (IPMA) fez, esta sexta-feira, uma previs\u00e3o sobre as poeiras que t\u00eam vindo a ser tema h\u00e1 j\u00e1 alguns dias, mas que podem ser mais &#8220;persistentes&#8221; na pr\u00f3xima semana.<\/p>\n<p style=\"text-align: justify;\">&#8220;Hoje, dia 27, poeiras com origem no deserto do Saara encontravam-se junto \u00e0s ilhas Can\u00e1rias estendendo-se para norte e eram vis\u00edveis \u00e0s 15 UTC [16h em Lisboa] atrav\u00e9s da imagem do sat\u00e9lite MTG&#8221;, come\u00e7a por ler-se na nota, sendo a imagem referida a primeira que aparece na publica\u00e7\u00e3o (que pode ver abaixo).<\/p>\n<p style=\"text-align: justify;\">Explicam os especialistas que est\u00e1 previsto que &#8220;o transporte de poeiras ocorra em direc\u00e7\u00e3o ao territ\u00f3rio continental a 2 de Mar\u00e7o, progredindo gradualmente de Sul para Norte, inseridas num fluxo de sul, definido por uma depress\u00e3o centrada em Marrocos e pela aproxima\u00e7\u00e3o de uma superf\u00edcie frontal fria ao continente.&#8221;<\/p>\n<p style=\"text-align: justify;\">O IPMA adianta ainda que a situa\u00e7\u00e3o meteorol\u00f3gica para os dias seguintes &#8220;favorece a persist\u00eancia de poeiras em suspens\u00e3o at\u00e9 dia 5 de Mar\u00e7o, podendo apresentar concentra\u00e7\u00f5es mais elevadas do que as observadas no dia 24 de Fevereiro.&#8221;<\/p>\n<p class=\"news_h3 article-sub-heading\" style=\"text-align: justify;\"><span style=\"font-family: Aldrich; font-size: 20px;\">Poeiras em suspens\u00e3o sobre Portugal continental: Que esperar?<\/span><\/p>\n<p style=\"text-align: justify;\">Na publica\u00e7\u00e3o partilhada durante a tarde desta sexta-feira, os especialistas referem que os efeitos mais vis\u00edveis das poeiras em suspens\u00e3o &#8220;s\u00e3o a altera\u00e7\u00e3o da cor do c\u00e9u, pois encontram-se normalmente em n\u00edveis mais elevados quando longe da origem.&#8221;<\/p>\n<p style=\"text-align: justify;\">&#8220;Dependendo da sua concentra\u00e7\u00e3o podem atingir n\u00edveis mais pr\u00f3ximos da superf\u00edcie, com deposi\u00e7\u00e3o seca, podendo tamb\u00e9m ter implica\u00e7\u00f5es na qualidade do ar e impactos na sa\u00fade&#8221;, alerta ainda o IPMA, dando conta de que \u00e9 &#8220;mais prov\u00e1vel que ocorra a deposi\u00e7\u00e3o h\u00famida de poeiras, em consequ\u00eancia da precipita\u00e7\u00e3o prevista a partir do dia 2 no territ\u00f3rio continental.&#8221;<\/p>\n<p style=\"text-align: justify;\"><a href=\"https:\/\/www.msn.com\/pt-pt\/noticias\/ultimas\/poeiras-mais-concentradas-devem-chegar-j%C3%A1-na-primeira-semana-de-mar%C3%A7o\/ar-AA1XeuT4\" target=\"_blank\" rel=\"noopener\">Noticias ao Minuto<\/a><br \/>\n28.02.2026<\/p>\n<p>Visita: <a href=\"https:\/\/www.counter12.com\"><img decoding=\"async\" src=\"https:\/\/www.counter12.com\/img-37W40BcCy349235W-26.gif\" alt=\"conter12\" border=\"0\" \/><\/a><\/p>\n<p style=\"text-align: justify;\"><div class=\"note\"><div class=\"notewarning\">- Neste Blogue, escreve-se em Portugu\u00eas \ud83c\uddf5\ud83c\uddf9 de Portugal (n\u00e3o adulterado pela coloniza\u00e7\u00e3o do AO).<\/div><\/div><\/p>\n<p><img loading=\"lazy\" decoding=\"async\" class=\"alignnone wp-image-1223\" src=\"https:\/\/inforgomes.pt\/cozinha\/wp-content\/uploads\/2023\/11\/0-coracao_transp.png\" alt=\"\" width=\"136\" height=\"122\" \/><img loading=\"lazy\" decoding=\"async\" class=\"alignnone wp-image-1758\" src=\"https:\/\/inforgomes.pt\/cozinha\/wp-content\/uploads\/2024\/03\/nao-AO.png\" alt=\"\" width=\"128\" height=\"128\" \/><img loading=\"lazy\" decoding=\"async\" class=\"alignnone wp-image-1791\" src=\"https:\/\/inforgomes.pt\/cozinha\/wp-content\/uploads\/2024\/03\/meio-ambiente.png\" alt=\"\" width=\"127\" height=\"130\" \/><\/p>\n<p>&nbsp;<\/p>\n<div class=\"pvc_clear\"><\/div>\n<p id=\"pvc_stats_1079\" class=\"pvc_stats all  \" data-element-id=\"1079\" style=\"\"><i class=\"pvc-stats-icon medium\" aria-hidden=\"true\"><svg aria-hidden=\"true\" focusable=\"false\" data-prefix=\"far\" data-icon=\"chart-bar\" role=\"img\" xmlns=\"http:\/\/www.w3.org\/2000\/svg\" viewBox=\"0 0 512 512\" class=\"svg-inline--fa fa-chart-bar fa-w-16 fa-2x\"><path fill=\"currentColor\" d=\"M396.8 352h22.4c6.4 0 12.8-6.4 12.8-12.8V108.8c0-6.4-6.4-12.8-12.8-12.8h-22.4c-6.4 0-12.8 6.4-12.8 12.8v230.4c0 6.4 6.4 12.8 12.8 12.8zm-192 0h22.4c6.4 0 12.8-6.4 12.8-12.8V140.8c0-6.4-6.4-12.8-12.8-12.8h-22.4c-6.4 0-12.8 6.4-12.8 12.8v198.4c0 6.4 6.4 12.8 12.8 12.8zm96 0h22.4c6.4 0 12.8-6.4 12.8-12.8V204.8c0-6.4-6.4-12.8-12.8-12.8h-22.4c-6.4 0-12.8 6.4-12.8 12.8v134.4c0 6.4 6.4 12.8 12.8 12.8zM496 400H48V80c0-8.84-7.16-16-16-16H16C7.16 64 0 71.16 0 80v336c0 17.67 14.33 32 32 32h464c8.84 0 16-7.16 16-16v-16c0-8.84-7.16-16-16-16zm-387.2-48h22.4c6.4 0 12.8-6.4 12.8-12.8v-70.4c0-6.4-6.4-12.8-12.8-12.8h-22.4c-6.4 0-12.8 6.4-12.8 12.8v70.4c0 6.4 6.4 12.8 12.8 12.8z\" class=\"\"><\/path><\/svg><\/i> <img loading=\"lazy\" decoding=\"async\" width=\"16\" height=\"16\" alt=\"Loading\" src=\"https:\/\/inforgomes.pt\/social\/wp-content\/plugins\/page-views-count\/ajax-loader-2x.gif\" border=0 \/><\/p>\n<div class=\"pvc_clear\"><\/div>\n","protected":false},"excerpt":{"rendered":"<p>0 0 &nbsp; \ud83c\uddf5\ud83c\uddf9\u00a0PORTUGAL \/\/ POEIRAS O IPMA deixou um alerta acerca das poeiras em suspens\u00e3o sobre Portugal continental, referindo que est\u00e1 previsto que o transporte ocorra em direc\u00e7\u00e3o ao territ\u00f3rio continental a 2 de Mar\u00e7o, segunda-feira. Situa\u00e7\u00e3o meteorol\u00f3gica para &hellip; <a href=\"https:\/\/inforgomes.pt\/social\/poeiras-mais-concentradas-devem-chegar-ja-na-primeira-semana-de-marco\/\">Continue reading <span class=\"meta-nav\">&rarr;<\/span><\/a><\/p>\n<div class=\"pvc_clear\"><\/div>\n<p id=\"pvc_stats_1079\" class=\"pvc_stats all  \" data-element-id=\"1079\" style=\"\"><i class=\"pvc-stats-icon medium\" aria-hidden=\"true\"><svg aria-hidden=\"true\" focusable=\"false\" data-prefix=\"far\" data-icon=\"chart-bar\" role=\"img\" xmlns=\"http:\/\/www.w3.org\/2000\/svg\" viewBox=\"0 0 512 512\" class=\"svg-inline--fa fa-chart-bar fa-w-16 fa-2x\"><path fill=\"currentColor\" d=\"M396.8 352h22.4c6.4 0 12.8-6.4 12.8-12.8V108.8c0-6.4-6.4-12.8-12.8-12.8h-22.4c-6.4 0-12.8 6.4-12.8 12.8v230.4c0 6.4 6.4 12.8 12.8 12.8zm-192 0h22.4c6.4 0 12.8-6.4 12.8-12.8V140.8c0-6.4-6.4-12.8-12.8-12.8h-22.4c-6.4 0-12.8 6.4-12.8 12.8v198.4c0 6.4 6.4 12.8 12.8 12.8zm96 0h22.4c6.4 0 12.8-6.4 12.8-12.8V204.8c0-6.4-6.4-12.8-12.8-12.8h-22.4c-6.4 0-12.8 6.4-12.8 12.8v134.4c0 6.4 6.4 12.8 12.8 12.8zM496 400H48V80c0-8.84-7.16-16-16-16H16C7.16 64 0 71.16 0 80v336c0 17.67 14.33 32 32 32h464c8.84 0 16-7.16 16-16v-16c0-8.84-7.16-16-16-16zm-387.2-48h22.4c6.4 0 12.8-6.4 12.8-12.8v-70.4c0-6.4-6.4-12.8-12.8-12.8h-22.4c-6.4 0-12.8 6.4-12.8 12.8v70.4c0 6.4 6.4 12.8 12.8 12.8z\" class=\"\"><\/path><\/svg><\/i> <img loading=\"lazy\" decoding=\"async\" width=\"16\" height=\"16\" alt=\"Loading\" src=\"https:\/\/inforgomes.pt\/social\/wp-content\/plugins\/page-views-count\/ajax-loader-2x.gif\" border=0 \/><\/p>\n<div class=\"pvc_clear\"><\/div>\n","protected":false},"author":1,"featured_media":0,"comment_status":"open","ping_status":"open","sticky":false,"template":"","format":"standard","meta":{"footnotes":""},"categories":[235,50,51,52,289,14],"tags":[],"class_list":["post-1079","post","type-post","status-publish","format-standard","hentry","category-fevereiro-2026","category-ipma","category-mau-tempo","category-meteorologia","category-poeiras-saara","category-portugal"],"a3_pvc":{"activated":true,"total_views":11,"today_views":0},"_links":{"self":[{"href":"https:\/\/inforgomes.pt\/social\/wp-json\/wp\/v2\/posts\/1079","targetHints":{"allow":["GET"]}}],"collection":[{"href":"https:\/\/inforgomes.pt\/social\/wp-json\/wp\/v2\/posts"}],"about":[{"href":"https:\/\/inforgomes.pt\/social\/wp-json\/wp\/v2\/types\/post"}],"author":[{"embeddable":true,"href":"https:\/\/inforgomes.pt\/social\/wp-json\/wp\/v2\/users\/1"}],"replies":[{"embeddable":true,"href":"https:\/\/inforgomes.pt\/social\/wp-json\/wp\/v2\/comments?post=1079"}],"version-history":[{"count":2,"href":"https:\/\/inforgomes.pt\/social\/wp-json\/wp\/v2\/posts\/1079\/revisions"}],"predecessor-version":[{"id":1082,"href":"https:\/\/inforgomes.pt\/social\/wp-json\/wp\/v2\/posts\/1079\/revisions\/1082"}],"wp:attachment":[{"href":"https:\/\/inforgomes.pt\/social\/wp-json\/wp\/v2\/media?parent=1079"}],"wp:term":[{"taxonomy":"category","embeddable":true,"href":"https:\/\/inforgomes.pt\/social\/wp-json\/wp\/v2\/categories?post=1079"},{"taxonomy":"post_tag","embeddable":true,"href":"https:\/\/inforgomes.pt\/social\/wp-json\/wp\/v2\/tags?post=1079"}],"curies":[{"name":"wp","href":"https:\/\/api.w.org\/{rel}","templated":true}]}}