{"id":1086,"date":"2026-03-02T15:37:17","date_gmt":"2026-03-02T14:37:17","guid":{"rendered":"https:\/\/inforgomes.pt\/social\/?p=1086"},"modified":"2026-03-02T15:39:37","modified_gmt":"2026-03-02T14:39:37","slug":"autoridades-alertam-para-fraca-qualidade-do-ar-a-partir-de-terca-feira-em-portugal-continental","status":"publish","type":"post","link":"https:\/\/inforgomes.pt\/social\/autoridades-alertam-para-fraca-qualidade-do-ar-a-partir-de-terca-feira-em-portugal-continental\/","title":{"rendered":"Autoridades alertam para &#8220;fraca qualidade do ar&#8221; a partir de ter\u00e7a-feira em Portugal Continental"},"content":{"rendered":"<div class=\"pld-like-dislike-wrap pld-template-1\">\r\n    <div class=\"pld-like-wrap  pld-common-wrap\">\r\n    <a href=\"javascript:void(0)\" class=\"pld-like-trigger pld-like-dislike-trigger  \" title=\"Gosto\" data-post-id=\"1086\" data-trigger-type=\"like\" data-restriction=\"no\" data-already-liked=\"0\">\r\n                        <i class=\"fas fa-thumbs-up\"><\/i>\r\n                <\/a>\r\n    <span class=\"pld-like-count-wrap pld-count-wrap\">0    <\/span>\r\n<\/div><div class=\"pld-dislike-wrap  pld-common-wrap\">\r\n    <a href=\"javascript:void(0)\" class=\"pld-dislike-trigger pld-like-dislike-trigger  \" title=\"N\u00e3o gosto\" data-post-id=\"1086\" data-trigger-type=\"dislike\" data-restriction=\"no\" data-already-liked=\"0\">\r\n                        <i class=\"fas fa-thumbs-down\"><\/i>\r\n                <\/a>\r\n    <span class=\"pld-dislike-count-wrap pld-count-wrap\">0<\/span>\r\n<\/div><\/div><p>&nbsp;<\/p>\n<p><span style=\"font-size: 20px; font-family: Aldrich; color: #ff0000; --darkreader-inline-color: var(--darkreader-text-ff0000, #ff1a1a);\" data-darkreader-inline-color=\"\"><span style=\"color: #00ff00;\" data-darkreader-inline-color=\"\"><span style=\"font-size: 36px;\">\ud83c\uddf5\ud83c\uddf9<\/span>\u00a0PORT<\/span>UGAL \/\/ METEOROLOGIA \/\/ QUALIDADE DO AR<\/span><\/p>\n<p style=\"text-align: justify;\">Prev\u00ea-se que uma massa de ar proveniente dos desertos do Norte de \u00c1frica, que transporta poeiras em suspens\u00e3o, atravesse o territ\u00f3rio continental entre os dias 3 e 5 de mar\u00e7o. Devido a este fen\u00f3meno, adverte a Direc\u00e7\u00e3o-Geral da Sa\u00fade, prev\u00ea-se &#8220;<b>uma\u00a0<\/b><b>situa\u00e7\u00e3o de fraca qualidade do ar no Continente, registando-se um aumento das concentra\u00e7\u00f5es de part\u00edculas inal\u00e1veis de origem natural no ar\u201d.<\/b><\/p>\n<div id=\"attachment_1087\" style=\"width: 778px\" class=\"wp-caption aligncenter\"><img loading=\"lazy\" decoding=\"async\" aria-describedby=\"caption-attachment-1087\" class=\"size-full wp-image-1087\" src=\"https:\/\/inforgomes.pt\/social\/wp-content\/uploads\/2026\/03\/rtp02032026.jpg\" alt=\"\" width=\"768\" height=\"421\" srcset=\"https:\/\/inforgomes.pt\/social\/wp-content\/uploads\/2026\/03\/rtp02032026.jpg 768w, https:\/\/inforgomes.pt\/social\/wp-content\/uploads\/2026\/03\/rtp02032026-300x164.jpg 300w, https:\/\/inforgomes.pt\/social\/wp-content\/uploads\/2026\/03\/rtp02032026-500x274.jpg 500w\" sizes=\"auto, (max-width: 768px) 100vw, 768px\" \/><p id=\"caption-attachment-1087\" class=\"wp-caption-text\">Prev\u00ea-se que uma massa de ar proveniente dos desertos do Norte de \u00c1frica, que transporta poeiras em suspens\u00e3o, atravesse o territ\u00f3rio continental entre os dias 3 e 5 de Mar\u00e7o.<br \/>\u00a9 Jo\u00e3o Marques &#8211; RTP<\/p><\/div>\n<div style=\"text-align: justify;\"><b>Este poluente tem efeitos na sa\u00fade humana, principalmente na popula\u00e7\u00e3o mais sens\u00edvel, crian\u00e7as e idosos, cujos cuidados de sa\u00fade devem ser redobrados<\/b>, sublinha a DGS em <a href=\"https:\/\/www.dgs.pt\/em-destaque\/ocorrencia-de-situacao-de-fraca-qualidade-do-ar-recomendacoes-da-dgs13.aspx?fbclid=IwY2xjawQScRZleHRuA2FlbQIxMABicmlkETJBdEtBR2hiOVM4akZwcU05c3J0YwZhcHBfaWQQMjIyMDM5MTc4ODIwMDg5MgABHkVuu55GtPbutv-7wS9Lh-qeKN69Vx5nCwpNvTzk4EHt-kHFa62eSRRvCbTy_aem_RFEIPNtMKDIrEaio9-aqgg\" target=\"_blank\" rel=\"noopener\" data-t=\"{&quot;n&quot;:&quot;destination&quot;,&quot;t&quot;:13,&quot;a&quot;:&quot;click&quot;,&quot;b&quot;:1,&quot;c.t&quot;:7}\">comunicado<\/a>.<\/div>\n<p style=\"text-align: justify;\" data-t=\"{&quot;n&quot;:&quot;blueLinks&quot;,&quot;t&quot;:13,&quot;a&quot;:&quot;click&quot;,&quot;b&quot;:76}\">Para a popula\u00e7\u00e3o em geral, o conselho \u00e9 evitar \u201cesfor\u00e7os prolongados, limitar a actividade f\u00edsica ao ar livre e evitar a exposi\u00e7\u00e3o a factores de risco\u201d.<\/p>\n<p style=\"text-align: justify;\" data-t=\"{&quot;n&quot;:&quot;blueLinks&quot;,&quot;t&quot;:13,&quot;a&quot;:&quot;click&quot;,&quot;b&quot;:76}\">Em rela\u00e7\u00e3o aos grupos mais vulner\u00e1veis, a DGS faz recomenda\u00e7\u00f5es adicionais: &#8220;sempre que vi\u00e1vel, permanecer no interior dos edif\u00edcios e, preferencialmente, com as janelas fechadas&#8221;.<\/p>\n<p style=\"text-align: justify;\" data-t=\"{&quot;n&quot;:&quot;blueLinks&quot;,&quot;t&quot;:13,&quot;a&quot;:&quot;click&quot;,&quot;b&quot;:76}\"><a href=\"https:\/\/www.msn.com\/pt-pt\/noticias\/ultimas\/autoridades-alertam-para-fraca-qualidade-do-ar-a-partir-de-ter%C3%A7a-feira-em-portugal-continental\/ar-AA1XmVWO\" target=\"_blank\" rel=\"noopener\">RTP<\/a><br \/>\nJoana B\u00e9nard da Costa<br \/>\n02.03.2026<\/p>\n<p>Visita: <a href=\"https:\/\/www.counter12.com\"><img decoding=\"async\" src=\"https:\/\/www.counter12.com\/img-C9Za2Ax9zw9d60ZW-26.gif\" alt=\"web counter free\" border=\"0\" \/><\/a><\/p>\n<p style=\"text-align: justify;\"><div class=\"note\"><div class=\"notewarning\">- Neste Blogue, escreve-se em Portugu\u00eas \ud83c\uddf5\ud83c\uddf9 de Portugal (n\u00e3o adulterado pela coloniza\u00e7\u00e3o do AO).<\/div><\/div><\/p>\n<p><img loading=\"lazy\" decoding=\"async\" class=\"alignnone wp-image-1223\" src=\"https:\/\/inforgomes.pt\/cozinha\/wp-content\/uploads\/2023\/11\/0-coracao_transp.png\" alt=\"\" width=\"136\" height=\"122\" \/><img loading=\"lazy\" decoding=\"async\" class=\"alignnone wp-image-1758\" src=\"https:\/\/inforgomes.pt\/cozinha\/wp-content\/uploads\/2024\/03\/nao-AO.png\" alt=\"\" width=\"128\" height=\"128\" \/><img loading=\"lazy\" decoding=\"async\" class=\"alignnone wp-image-1791\" src=\"https:\/\/inforgomes.pt\/cozinha\/wp-content\/uploads\/2024\/03\/meio-ambiente.png\" alt=\"\" width=\"127\" height=\"130\" \/><\/p>\n<p>&nbsp;<\/p>\n<div class=\"pvc_clear\"><\/div>\n<p id=\"pvc_stats_1086\" class=\"pvc_stats all  \" data-element-id=\"1086\" style=\"\"><i class=\"pvc-stats-icon medium\" aria-hidden=\"true\"><svg aria-hidden=\"true\" focusable=\"false\" data-prefix=\"far\" data-icon=\"chart-bar\" role=\"img\" xmlns=\"http:\/\/www.w3.org\/2000\/svg\" viewBox=\"0 0 512 512\" class=\"svg-inline--fa fa-chart-bar fa-w-16 fa-2x\"><path fill=\"currentColor\" d=\"M396.8 352h22.4c6.4 0 12.8-6.4 12.8-12.8V108.8c0-6.4-6.4-12.8-12.8-12.8h-22.4c-6.4 0-12.8 6.4-12.8 12.8v230.4c0 6.4 6.4 12.8 12.8 12.8zm-192 0h22.4c6.4 0 12.8-6.4 12.8-12.8V140.8c0-6.4-6.4-12.8-12.8-12.8h-22.4c-6.4 0-12.8 6.4-12.8 12.8v198.4c0 6.4 6.4 12.8 12.8 12.8zm96 0h22.4c6.4 0 12.8-6.4 12.8-12.8V204.8c0-6.4-6.4-12.8-12.8-12.8h-22.4c-6.4 0-12.8 6.4-12.8 12.8v134.4c0 6.4 6.4 12.8 12.8 12.8zM496 400H48V80c0-8.84-7.16-16-16-16H16C7.16 64 0 71.16 0 80v336c0 17.67 14.33 32 32 32h464c8.84 0 16-7.16 16-16v-16c0-8.84-7.16-16-16-16zm-387.2-48h22.4c6.4 0 12.8-6.4 12.8-12.8v-70.4c0-6.4-6.4-12.8-12.8-12.8h-22.4c-6.4 0-12.8 6.4-12.8 12.8v70.4c0 6.4 6.4 12.8 12.8 12.8z\" class=\"\"><\/path><\/svg><\/i> <img loading=\"lazy\" decoding=\"async\" width=\"16\" height=\"16\" alt=\"Loading\" src=\"https:\/\/inforgomes.pt\/social\/wp-content\/plugins\/page-views-count\/ajax-loader-2x.gif\" border=0 \/><\/p>\n<div class=\"pvc_clear\"><\/div>\n","protected":false},"excerpt":{"rendered":"<p>0 0 &nbsp; \ud83c\uddf5\ud83c\uddf9\u00a0PORTUGAL \/\/ METEOROLOGIA \/\/ QUALIDADE DO AR Prev\u00ea-se que uma massa de ar proveniente dos desertos do Norte de \u00c1frica, que transporta poeiras em suspens\u00e3o, atravesse o territ\u00f3rio continental entre os dias 3 e 5 de mar\u00e7o. &hellip; <a href=\"https:\/\/inforgomes.pt\/social\/autoridades-alertam-para-fraca-qualidade-do-ar-a-partir-de-terca-feira-em-portugal-continental\/\">Continue reading <span class=\"meta-nav\">&rarr;<\/span><\/a><\/p>\n<div class=\"pvc_clear\"><\/div>\n<p id=\"pvc_stats_1086\" class=\"pvc_stats all  \" data-element-id=\"1086\" style=\"\"><i class=\"pvc-stats-icon medium\" aria-hidden=\"true\"><svg aria-hidden=\"true\" focusable=\"false\" data-prefix=\"far\" data-icon=\"chart-bar\" role=\"img\" xmlns=\"http:\/\/www.w3.org\/2000\/svg\" viewBox=\"0 0 512 512\" class=\"svg-inline--fa fa-chart-bar fa-w-16 fa-2x\"><path fill=\"currentColor\" d=\"M396.8 352h22.4c6.4 0 12.8-6.4 12.8-12.8V108.8c0-6.4-6.4-12.8-12.8-12.8h-22.4c-6.4 0-12.8 6.4-12.8 12.8v230.4c0 6.4 6.4 12.8 12.8 12.8zm-192 0h22.4c6.4 0 12.8-6.4 12.8-12.8V140.8c0-6.4-6.4-12.8-12.8-12.8h-22.4c-6.4 0-12.8 6.4-12.8 12.8v198.4c0 6.4 6.4 12.8 12.8 12.8zm96 0h22.4c6.4 0 12.8-6.4 12.8-12.8V204.8c0-6.4-6.4-12.8-12.8-12.8h-22.4c-6.4 0-12.8 6.4-12.8 12.8v134.4c0 6.4 6.4 12.8 12.8 12.8zM496 400H48V80c0-8.84-7.16-16-16-16H16C7.16 64 0 71.16 0 80v336c0 17.67 14.33 32 32 32h464c8.84 0 16-7.16 16-16v-16c0-8.84-7.16-16-16-16zm-387.2-48h22.4c6.4 0 12.8-6.4 12.8-12.8v-70.4c0-6.4-6.4-12.8-12.8-12.8h-22.4c-6.4 0-12.8 6.4-12.8 12.8v70.4c0 6.4 6.4 12.8 12.8 12.8z\" class=\"\"><\/path><\/svg><\/i> <img loading=\"lazy\" decoding=\"async\" width=\"16\" height=\"16\" alt=\"Loading\" src=\"https:\/\/inforgomes.pt\/social\/wp-content\/plugins\/page-views-count\/ajax-loader-2x.gif\" border=0 \/><\/p>\n<div class=\"pvc_clear\"><\/div>\n","protected":false},"author":1,"featured_media":0,"comment_status":"open","ping_status":"open","sticky":false,"template":"","format":"standard","meta":{"footnotes":""},"categories":[303,51,52,14,304,67],"tags":[],"class_list":["post-1086","post","type-post","status-publish","format-standard","hentry","category-marco-2026","category-mau-tempo","category-meteorologia","category-portugal","category-qualidade-do-ar","category-rtp"],"a3_pvc":{"activated":true,"total_views":2,"today_views":0},"_links":{"self":[{"href":"https:\/\/inforgomes.pt\/social\/wp-json\/wp\/v2\/posts\/1086","targetHints":{"allow":["GET"]}}],"collection":[{"href":"https:\/\/inforgomes.pt\/social\/wp-json\/wp\/v2\/posts"}],"about":[{"href":"https:\/\/inforgomes.pt\/social\/wp-json\/wp\/v2\/types\/post"}],"author":[{"embeddable":true,"href":"https:\/\/inforgomes.pt\/social\/wp-json\/wp\/v2\/users\/1"}],"replies":[{"embeddable":true,"href":"https:\/\/inforgomes.pt\/social\/wp-json\/wp\/v2\/comments?post=1086"}],"version-history":[{"count":3,"href":"https:\/\/inforgomes.pt\/social\/wp-json\/wp\/v2\/posts\/1086\/revisions"}],"predecessor-version":[{"id":1090,"href":"https:\/\/inforgomes.pt\/social\/wp-json\/wp\/v2\/posts\/1086\/revisions\/1090"}],"wp:attachment":[{"href":"https:\/\/inforgomes.pt\/social\/wp-json\/wp\/v2\/media?parent=1086"}],"wp:term":[{"taxonomy":"category","embeddable":true,"href":"https:\/\/inforgomes.pt\/social\/wp-json\/wp\/v2\/categories?post=1086"},{"taxonomy":"post_tag","embeddable":true,"href":"https:\/\/inforgomes.pt\/social\/wp-json\/wp\/v2\/tags?post=1086"}],"curies":[{"name":"wp","href":"https:\/\/api.w.org\/{rel}","templated":true}]}}