{"id":1094,"date":"2026-03-03T12:52:48","date_gmt":"2026-03-03T11:52:48","guid":{"rendered":"https:\/\/inforgomes.pt\/social\/?p=1094"},"modified":"2026-03-03T12:52:48","modified_gmt":"2026-03-03T11:52:48","slug":"fenomeno-el-nino-pode-regressar-organizacao-meteorologica-mundial-preve-mais-calor-entre-marco-e-maio","status":"publish","type":"post","link":"https:\/\/inforgomes.pt\/social\/fenomeno-el-nino-pode-regressar-organizacao-meteorologica-mundial-preve-mais-calor-entre-marco-e-maio\/","title":{"rendered":"Fen\u00f3meno El Ni\u00f1o pode regressar: Organiza\u00e7\u00e3o Meteorol\u00f3gica Mundial prev\u00ea mais calor entre Mar\u00e7o e Maio"},"content":{"rendered":"<div class=\"pld-like-dislike-wrap pld-template-1\">\r\n    <div class=\"pld-like-wrap  pld-common-wrap\">\r\n    <a href=\"javascript:void(0)\" class=\"pld-like-trigger pld-like-dislike-trigger  \" title=\"Gosto\" data-post-id=\"1094\" data-trigger-type=\"like\" data-restriction=\"no\" data-already-liked=\"0\">\r\n                        <i class=\"fas fa-thumbs-up\"><\/i>\r\n                <\/a>\r\n    <span class=\"pld-like-count-wrap pld-count-wrap\">1    <\/span>\r\n<\/div><div class=\"pld-dislike-wrap  pld-common-wrap\">\r\n    <a href=\"javascript:void(0)\" class=\"pld-dislike-trigger pld-like-dislike-trigger  \" title=\"N\u00e3o gosto\" data-post-id=\"1094\" data-trigger-type=\"dislike\" data-restriction=\"no\" data-already-liked=\"0\">\r\n                        <i class=\"fas fa-thumbs-down\"><\/i>\r\n                <\/a>\r\n    <span class=\"pld-dislike-count-wrap pld-count-wrap\">0<\/span>\r\n<\/div><\/div><p>&nbsp;<\/p>\n<p><span style=\"font-size: 20px; font-family: Aldrich; color: #ff0000; --darkreader-inline-color: var(--darkreader-text-ff0000, #ff1a1a);\" data-darkreader-inline-color=\"\"><span style=\"color: #00ff00;\" data-darkreader-inline-color=\"\"><span style=\"font-size: 36px;\">\ud83c\uddf5\ud83c\uddf9<\/span>\u00a0PORT<\/span>UGAL \/\/ METEOROLOGIA \/\/ EL NI\u00d1O<\/span><\/p>\n<p style=\"text-align: justify;\"><strong>Evento La Ni\u00f1a pode criar condi\u00e7\u00f5es neutras e, posteriormente, um evento de aquecimento El Ni\u00f1o. Em 2024, o El Ni\u00f1o teve um papel importante no recorde das temperaturas globais.<\/strong><\/p>\n<div id=\"attachment_1095\" style=\"width: 778px\" class=\"wp-caption aligncenter\"><img loading=\"lazy\" decoding=\"async\" aria-describedby=\"caption-attachment-1095\" class=\"size-full wp-image-1095\" src=\"https:\/\/inforgomes.pt\/social\/wp-content\/uploads\/2026\/03\/sic03032026.jpg\" alt=\"\" width=\"768\" height=\"512\" srcset=\"https:\/\/inforgomes.pt\/social\/wp-content\/uploads\/2026\/03\/sic03032026.jpg 768w, https:\/\/inforgomes.pt\/social\/wp-content\/uploads\/2026\/03\/sic03032026-300x200.jpg 300w, https:\/\/inforgomes.pt\/social\/wp-content\/uploads\/2026\/03\/sic03032026-450x300.jpg 450w\" sizes=\"auto, (max-width: 768px) 100vw, 768px\" \/><p id=\"caption-attachment-1095\" class=\"wp-caption-text\">Fen\u00f3meno El Ni\u00f1o pode regressar: Organiza\u00e7\u00e3o Meteorol\u00f3gica Mundial prev\u00ea mais calor entre Mar\u00e7o e Maio<\/p><\/div>\n<p style=\"text-align: justify;\"><strong>A Organiza\u00e7\u00e3o Meteorol\u00f3gica Mundial (OMM) da ONU alertou esta ter\u00e7a-feira para a probabilidade crescente de, no per\u00edodo de Maio a Julho, se repetir o fen\u00f3meno clim\u00e1tico conhecido por El Ni\u00f1o.<\/strong><\/p>\n<p style=\"text-align: justify;\">De acordo com o \u00faltimo boletim trimestral da <a href=\"https:\/\/worldweather.wmo.int\/pt\/home.html\" target=\"_blank\" rel=\"noopener noreferrer\" data-t=\"{&quot;n&quot;:&quot;destination&quot;,&quot;t&quot;:13,&quot;a&quot;:&quot;click&quot;,&quot;b&quot;:1,&quot;c.t&quot;:7}\">OMM<\/a>, espera-se que o recente evento <strong>La Ni\u00f1a<\/strong>, de menor intensidade, d\u00ea lugar a condi\u00e7\u00f5es neutras e, posteriormente, <strong>a um evento de aquecimento El Ni\u00f1o<\/strong>.<\/p>\n<p style=\"text-align: justify;\">Com base nas previs\u00f5es dos centros de produ\u00e7\u00e3o globais da OMM, espera-se que as condi\u00e7\u00f5es neutras &#8211; indicando a aus\u00eancia de um evento <a href=\"https:\/\/sicnoticias.pt\/mundo\/2025-03-18-el-nino-nao-deixa-alternativa-familias-em-sofala-so-tem-frutos-silvestres-e-farelo-para-comer-40291c48\" target=\"_blank\" rel=\"noopener noreferrer\" data-t=\"{&quot;n&quot;:&quot;destination&quot;,&quot;t&quot;:13,&quot;a&quot;:&quot;click&quot;,&quot;b&quot;:1,&quot;c.t&quot;:7}\">El Ni\u00f1o<\/a> ou La Ni\u00f1a &#8211; <strong>persistam at\u00e9 Julho<\/strong>.<\/p>\n<p style=\"text-align: justify;\">Para o per\u00edodo de Maio a Julho, a probabilidade de condi\u00e7\u00f5es neutras \u00e9, portanto, de <strong>60%<\/strong>, &#8220;enquanto a probabilidade de um evento El Ni\u00f1o aumentou constantemente para cerca de 40%&#8221;, afirmou a OMM.<\/p>\n<p style=\"text-align: justify;\">A incerteza em torno das previs\u00f5es de longo prazo est\u00e1 a aumentar, acrescentou a organiza\u00e7\u00e3o.<\/p>\n<p style=\"text-align: justify;\">Em Janeiro, a Administra\u00e7\u00e3o Nacional Oce\u00e2nica e Atmosf\u00e9rica dos EUA (<a href=\"https:\/\/www.noaa.gov\/\" target=\"_blank\" rel=\"noopener noreferrer\" data-t=\"{&quot;n&quot;:&quot;destination&quot;,&quot;t&quot;:13,&quot;a&quot;:&quot;click&quot;,&quot;b&quot;:1,&quot;c.t&quot;:7}\">NOAA<\/a>) estimou uma <strong>probabilidade de 50 a 60% de desenvolvimento do El Ni\u00f1o entre Julho e Setembro.<\/strong><\/p>\n<blockquote class=\"\">\n<p style=\"text-align: justify;\">&#8220;A comunidade da OMM (Organiza\u00e7\u00e3o Meteorol\u00f3gica Mundial) vai monitorizar de perto a situa\u00e7\u00e3o nos pr\u00f3ximos meses para que se possam tomar de decis\u00f5es&#8221;, comentou a Secret\u00e1ria-Geral da OMM, Celeste Saulo.<\/p>\n<\/blockquote>\n<p style=\"text-align: justify;\">O \u00faltimo evento El Ni\u00f1o, ocorrido em <strong>2023\/24,<\/strong> foi <strong>um dos cinco mais intensos j\u00e1 registados<\/strong> e desempenhou um papel importante nas temperaturas globais recordes de 2024.<\/p>\n<p style=\"text-align: justify;\">Um evento El Ni\u00f1o \u00e9 caracterizado pelo <strong>aquecimento peri\u00f3dico<\/strong> e em larga escala das<strong> \u00e1guas superficiais no Pac\u00edfico equatorial central e oriental,<\/strong> associado a mudan\u00e7as na circula\u00e7\u00e3o atmosf\u00e9rica tropical, especificamente nos<strong> ventos, na press\u00e3o e nas chuvas<\/strong>. Geralmente, ele tem efeitos opostos aos da La Ni\u00f1a nos padr\u00f5es clim\u00e1ticos e de precipita\u00e7\u00e3o.<\/p>\n<p style=\"text-align: justify;\">De acordo com a OMM, para o per\u00edodo de<strong> Mar\u00e7o a Maio<\/strong>, deve haver &#8220;um aumento nas temperaturas da superf\u00edcie em todo o mundo&#8221;.<\/p>\n<p style=\"text-align: justify;\">Em rela\u00e7\u00e3o \u00e0s previs\u00f5es de precipita\u00e7\u00e3o, &#8220;o padr\u00e3o esperado \u00e9 semelhante ao de La Ni\u00f1a no Pac\u00edfico equatorial, mas em outras partes do mundo, o sinal \u00e9 mais misto&#8221;.<\/p>\n<p style=\"text-align: justify;\">A OMM reitera que &#8220;fen\u00f3menos clim\u00e1ticos naturais de grande escala, como El Ni\u00f1o e La Ni\u00f1a, fazem parte de um contexto mais amplo de <strong>mudan\u00e7as clim\u00e1ticas antropog\u00e9nicas<\/strong>, que est\u00e3o a elevar as temperaturas globais a longo prazo, intensificando eventos clim\u00e1ticos extremos, alterando os padr\u00f5es sazonais de precipita\u00e7\u00e3o e temperatura&#8221;.<\/p>\n<p style=\"text-align: justify;\"><a href=\"https:\/\/www.msn.com\/pt-pt\/noticias\/ultimas\/fen%C3%B3meno-el-ni%C3%B1o-pode-regressar-organiza%C3%A7%C3%A3o-meteorol%C3%B3gica-mundial-prev%C3%AA-mais-calor-entre-mar%C3%A7o-e-maio\/ar-AA1XqF3S\" target=\"_blank\" rel=\"noopener\">SIC Not\u00edcias<\/a><br \/>\nLusa<br \/>\n03.03.2026<\/p>\n<p>Visita: <a href=\"https:\/\/www.counter12.com\"><img decoding=\"async\" src=\"https:\/\/www.counter12.com\/img-C9Za2Ax9zw9d60ZW-26.gif\" alt=\"web counter free\" border=\"0\" \/><\/a><\/p>\n<p style=\"text-align: justify;\"><div class=\"note\"><div class=\"notewarning\">- Neste Blogue, escreve-se em Portugu\u00eas \ud83c\uddf5\ud83c\uddf9 de Portugal (n\u00e3o adulterado pela coloniza\u00e7\u00e3o do AO).<\/div><\/div><\/p>\n<p><img loading=\"lazy\" decoding=\"async\" class=\"alignnone wp-image-1223\" src=\"https:\/\/inforgomes.pt\/cozinha\/wp-content\/uploads\/2023\/11\/0-coracao_transp.png\" alt=\"\" width=\"136\" height=\"122\" \/><img loading=\"lazy\" decoding=\"async\" class=\"alignnone wp-image-1758\" src=\"https:\/\/inforgomes.pt\/cozinha\/wp-content\/uploads\/2024\/03\/nao-AO.png\" alt=\"\" width=\"128\" height=\"128\" \/><img loading=\"lazy\" decoding=\"async\" class=\"alignnone wp-image-1791\" src=\"https:\/\/inforgomes.pt\/cozinha\/wp-content\/uploads\/2024\/03\/meio-ambiente.png\" alt=\"\" width=\"127\" height=\"130\" \/><\/p>\n<p>&nbsp;<\/p>\n<div class=\"pvc_clear\"><\/div>\n<p id=\"pvc_stats_1094\" class=\"pvc_stats all  \" data-element-id=\"1094\" style=\"\"><i class=\"pvc-stats-icon medium\" aria-hidden=\"true\"><svg aria-hidden=\"true\" focusable=\"false\" data-prefix=\"far\" data-icon=\"chart-bar\" role=\"img\" xmlns=\"http:\/\/www.w3.org\/2000\/svg\" viewBox=\"0 0 512 512\" class=\"svg-inline--fa fa-chart-bar fa-w-16 fa-2x\"><path fill=\"currentColor\" d=\"M396.8 352h22.4c6.4 0 12.8-6.4 12.8-12.8V108.8c0-6.4-6.4-12.8-12.8-12.8h-22.4c-6.4 0-12.8 6.4-12.8 12.8v230.4c0 6.4 6.4 12.8 12.8 12.8zm-192 0h22.4c6.4 0 12.8-6.4 12.8-12.8V140.8c0-6.4-6.4-12.8-12.8-12.8h-22.4c-6.4 0-12.8 6.4-12.8 12.8v198.4c0 6.4 6.4 12.8 12.8 12.8zm96 0h22.4c6.4 0 12.8-6.4 12.8-12.8V204.8c0-6.4-6.4-12.8-12.8-12.8h-22.4c-6.4 0-12.8 6.4-12.8 12.8v134.4c0 6.4 6.4 12.8 12.8 12.8zM496 400H48V80c0-8.84-7.16-16-16-16H16C7.16 64 0 71.16 0 80v336c0 17.67 14.33 32 32 32h464c8.84 0 16-7.16 16-16v-16c0-8.84-7.16-16-16-16zm-387.2-48h22.4c6.4 0 12.8-6.4 12.8-12.8v-70.4c0-6.4-6.4-12.8-12.8-12.8h-22.4c-6.4 0-12.8 6.4-12.8 12.8v70.4c0 6.4 6.4 12.8 12.8 12.8z\" class=\"\"><\/path><\/svg><\/i> <img loading=\"lazy\" decoding=\"async\" width=\"16\" height=\"16\" alt=\"Loading\" src=\"https:\/\/inforgomes.pt\/social\/wp-content\/plugins\/page-views-count\/ajax-loader-2x.gif\" border=0 \/><\/p>\n<div class=\"pvc_clear\"><\/div>\n","protected":false},"excerpt":{"rendered":"<p>1 0 &nbsp; \ud83c\uddf5\ud83c\uddf9\u00a0PORTUGAL \/\/ METEOROLOGIA \/\/ EL NI\u00d1O Evento La Ni\u00f1a pode criar condi\u00e7\u00f5es neutras e, posteriormente, um evento de aquecimento El Ni\u00f1o. Em 2024, o El Ni\u00f1o teve um papel importante no recorde das temperaturas globais. A Organiza\u00e7\u00e3o &hellip; <a href=\"https:\/\/inforgomes.pt\/social\/fenomeno-el-nino-pode-regressar-organizacao-meteorologica-mundial-preve-mais-calor-entre-marco-e-maio\/\">Continue reading <span class=\"meta-nav\">&rarr;<\/span><\/a><\/p>\n<div class=\"pvc_clear\"><\/div>\n<p id=\"pvc_stats_1094\" class=\"pvc_stats all  \" data-element-id=\"1094\" style=\"\"><i class=\"pvc-stats-icon medium\" aria-hidden=\"true\"><svg aria-hidden=\"true\" focusable=\"false\" data-prefix=\"far\" data-icon=\"chart-bar\" role=\"img\" xmlns=\"http:\/\/www.w3.org\/2000\/svg\" viewBox=\"0 0 512 512\" class=\"svg-inline--fa fa-chart-bar fa-w-16 fa-2x\"><path fill=\"currentColor\" d=\"M396.8 352h22.4c6.4 0 12.8-6.4 12.8-12.8V108.8c0-6.4-6.4-12.8-12.8-12.8h-22.4c-6.4 0-12.8 6.4-12.8 12.8v230.4c0 6.4 6.4 12.8 12.8 12.8zm-192 0h22.4c6.4 0 12.8-6.4 12.8-12.8V140.8c0-6.4-6.4-12.8-12.8-12.8h-22.4c-6.4 0-12.8 6.4-12.8 12.8v198.4c0 6.4 6.4 12.8 12.8 12.8zm96 0h22.4c6.4 0 12.8-6.4 12.8-12.8V204.8c0-6.4-6.4-12.8-12.8-12.8h-22.4c-6.4 0-12.8 6.4-12.8 12.8v134.4c0 6.4 6.4 12.8 12.8 12.8zM496 400H48V80c0-8.84-7.16-16-16-16H16C7.16 64 0 71.16 0 80v336c0 17.67 14.33 32 32 32h464c8.84 0 16-7.16 16-16v-16c0-8.84-7.16-16-16-16zm-387.2-48h22.4c6.4 0 12.8-6.4 12.8-12.8v-70.4c0-6.4-6.4-12.8-12.8-12.8h-22.4c-6.4 0-12.8 6.4-12.8 12.8v70.4c0 6.4 6.4 12.8 12.8 12.8z\" class=\"\"><\/path><\/svg><\/i> <img loading=\"lazy\" decoding=\"async\" width=\"16\" height=\"16\" alt=\"Loading\" src=\"https:\/\/inforgomes.pt\/social\/wp-content\/plugins\/page-views-count\/ajax-loader-2x.gif\" border=0 \/><\/p>\n<div class=\"pvc_clear\"><\/div>\n","protected":false},"author":1,"featured_media":0,"comment_status":"open","ping_status":"open","sticky":false,"template":"","format":"standard","meta":{"footnotes":""},"categories":[305,306,43,303,52,14],"tags":[],"class_list":["post-1094","post","type-post","status-publish","format-standard","hentry","category-el-nino","category-fenomeno-climatico","category-lusa","category-marco-2026","category-meteorologia","category-portugal"],"a3_pvc":{"activated":true,"total_views":12,"today_views":0},"_links":{"self":[{"href":"https:\/\/inforgomes.pt\/social\/wp-json\/wp\/v2\/posts\/1094","targetHints":{"allow":["GET"]}}],"collection":[{"href":"https:\/\/inforgomes.pt\/social\/wp-json\/wp\/v2\/posts"}],"about":[{"href":"https:\/\/inforgomes.pt\/social\/wp-json\/wp\/v2\/types\/post"}],"author":[{"embeddable":true,"href":"https:\/\/inforgomes.pt\/social\/wp-json\/wp\/v2\/users\/1"}],"replies":[{"embeddable":true,"href":"https:\/\/inforgomes.pt\/social\/wp-json\/wp\/v2\/comments?post=1094"}],"version-history":[{"count":1,"href":"https:\/\/inforgomes.pt\/social\/wp-json\/wp\/v2\/posts\/1094\/revisions"}],"predecessor-version":[{"id":1096,"href":"https:\/\/inforgomes.pt\/social\/wp-json\/wp\/v2\/posts\/1094\/revisions\/1096"}],"wp:attachment":[{"href":"https:\/\/inforgomes.pt\/social\/wp-json\/wp\/v2\/media?parent=1094"}],"wp:term":[{"taxonomy":"category","embeddable":true,"href":"https:\/\/inforgomes.pt\/social\/wp-json\/wp\/v2\/categories?post=1094"},{"taxonomy":"post_tag","embeddable":true,"href":"https:\/\/inforgomes.pt\/social\/wp-json\/wp\/v2\/tags?post=1094"}],"curies":[{"name":"wp","href":"https:\/\/api.w.org\/{rel}","templated":true}]}}