{"id":1183,"date":"2026-03-15T23:33:58","date_gmt":"2026-03-15T22:33:58","guid":{"rendered":"https:\/\/inforgomes.pt\/social\/?p=1183"},"modified":"2026-03-15T23:35:59","modified_gmt":"2026-03-15T22:35:59","slug":"ucrania-ou-irao-a-fronteira-da-soberania-europeia","status":"publish","type":"post","link":"https:\/\/inforgomes.pt\/social\/ucrania-ou-irao-a-fronteira-da-soberania-europeia\/","title":{"rendered":"Ucr\u00e2nia ou Ir\u00e3o? A fronteira da soberania europeia"},"content":{"rendered":"<div class=\"pld-like-dislike-wrap pld-template-1\">\r\n    <div class=\"pld-like-wrap  pld-common-wrap\">\r\n    <a href=\"javascript:void(0)\" class=\"pld-like-trigger pld-like-dislike-trigger  \" title=\"Gosto\" data-post-id=\"1183\" data-trigger-type=\"like\" data-restriction=\"no\" data-already-liked=\"0\">\r\n                        <i class=\"fas fa-thumbs-up\"><\/i>\r\n                <\/a>\r\n    <span class=\"pld-like-count-wrap pld-count-wrap\">0    <\/span>\r\n<\/div><div class=\"pld-dislike-wrap  pld-common-wrap\">\r\n    <a href=\"javascript:void(0)\" class=\"pld-dislike-trigger pld-like-dislike-trigger  \" title=\"N\u00e3o gosto\" data-post-id=\"1183\" data-trigger-type=\"dislike\" data-restriction=\"no\" data-already-liked=\"0\">\r\n                        <i class=\"fas fa-thumbs-down\"><\/i>\r\n                <\/a>\r\n    <span class=\"pld-dislike-count-wrap pld-count-wrap\">0<\/span>\r\n<\/div><\/div><p>&nbsp;<\/p>\n<p><span style=\"font-family: Aldrich; font-size: 20px; color: #ff0000;\" data-darkreader-inline-color=\"\"><span style=\"font-size: 36px;\">\ud83c\uddf5\ud83c\uddf9<\/span>\u00a0OPINI\u00c3O<\/span><\/p>\n<p style=\"text-align: justify;\">A guerra iniciada a 28 de Fevereiro pelos EUA e Israel contra o Ir\u00e3o n\u00e3o \u00e9 apenas um foco de instabilidade no M\u00e9dio Oriente e um factor de perturba\u00e7\u00e3o mundial de alto risco. Resulta de uma decis\u00e3o labir\u00edntica, que levanta muitas quest\u00f5es. Por essa raz\u00e3o, tornou-se o tema mais debatido nas diversas arenas internacionais. Os \u00e2ngulos de an\u00e1lise s\u00e3o numerosos: a legalidade da decis\u00e3o, os seus objectivos, incluindo o poder nuclear do Ir\u00e3o e a ess\u00eancia do seu regime, as implica\u00e7\u00f5es geopol\u00edticas, macroecon\u00f3micas e humanit\u00e1rias, a marginaliza\u00e7\u00e3o absoluta da diplomacia e do sistema pol\u00edtico multilateral, bem como quest\u00f5es relacionadas com a pol\u00edtica interna norte-americana.<\/p>\n<p style=\"text-align: justify;\">Para n\u00f3s \u00e9 igualmente o choque que exp\u00f4s as hesita\u00e7\u00f5es estrat\u00e9gicas da Uni\u00e3o Europeia. Enquanto o mundo se interroga sobre o futuro, a Europa enfrenta uma verdade ineg\u00e1vel: ao deixar-se arrastar para o Golfo P\u00e9rsico, corre o risco de se esquecer que o futuro do nosso continente se decidir\u00e1, em grande parte, nas plan\u00edcies da Ucr\u00e2nia.<\/p>\n<p style=\"text-align: justify;\">Para a Europa, o apoio \u00e0 Ucr\u00e2nia n\u00e3o \u00e9 uma qualquer escolha de pol\u00edtica externa, entre outras &#8211; \u00e9 sim uma prioridade absoluta. Trata-se da defesa da nossa integridade territorial e dos nossos valores, da seguran\u00e7a dos pa\u00edses vizinhos candidatos \u00e0 ades\u00e3o \u00e0 comunidade e da sobreviv\u00eancia do projecto europeu. A agress\u00e3o russa n\u00e3o visa apenas Kiev, mas sim e sobretudo a demoli\u00e7\u00e3o de toda a arquitectura de coopera\u00e7\u00e3o que tem sustentado a paz no nosso continente desde 1945.<\/p>\n<p style=\"text-align: justify;\">O regresso da Ucr\u00e2nia a uma situa\u00e7\u00e3o de paz, s\u00f3lida e justa, refor\u00e7ar\u00e1 a convic\u00e7\u00e3o de que as fronteiras europeias permanecer\u00e3o inviol\u00e1veis. Para a Europa, perder anunciaria um futuro de submiss\u00e3o perante Moscovo ou uma depend\u00eancia sem fim \u00e0 vista de uma Washington agora cada vez mais distante da filosofia e das op\u00e7\u00f5es pol\u00edticas europeias.<\/p>\n<p style=\"text-align: justify;\">Deixemos a R\u00fassia para acrescentar que a UE n\u00e3o pode estar subordinada aos ziguezagues e aos interesses norte-americanos. Parceria e alian\u00e7a n\u00e3o podem ser sin\u00f3nimos de vassalagem. Isso n\u00e3o implica abdicar da cr\u00edtica e das san\u00e7\u00f5es a regimes autocr\u00e1ticos. As san\u00e7\u00f5es s\u00e3o uma via para resolver querelas entre os Estados, sem recurso \u00e0 guerra. Inaceit\u00e1veis s\u00e3o os conflitos armados e as ac\u00e7\u00f5es militares fora do quadro legal das Na\u00e7\u00f5es Unidas.<\/p>\n<p style=\"text-align: justify;\">Uma dimens\u00e3o alarmante do presente conflito no M\u00e9dio Oriente \u00e9 a drenagem imediata de recursos que seriam vitais para a defesa leg\u00edtima da Ucr\u00e2nia. As estimativas mais recentes indicam que mais de 1000 m\u00edsseis interceptores <em>Patriot<\/em> (PAC-3) j\u00e1 foram disparados contra os ataques iranianos desde 28 de Fevereiro. Trata-se de um contraste onde a Ucr\u00e2nia sai a perder, apesar da gravidade e da legitimidade da sua situa\u00e7\u00e3o serem incomparavelmente superiores. Em quatro anos de resist\u00eancia, a Ucr\u00e2nia recebeu menos de 600 desses mesmos m\u00edsseis interceptores.<\/p>\n<p style=\"text-align: justify;\">Esta disparidade sugere que a Administra\u00e7\u00e3o Trump prioriza marcadamente os objectivos regionais do governo de Benjamin Netanyahu, em detrimento das democracias europeias. Bruxelas n\u00e3o pode assistir em sil\u00eancio enquanto o \u201cescudo\u201d que deveria proteger o c\u00e9u ucraniano \u00e9 consumido numa estranha guerra no M\u00e9dio Oriente. Cada recurso gasto no M\u00e9dio Oriente representa uma nova oportunidade para os m\u00edsseis russos que massacram dia e noite o povo ucraniano.<\/p>\n<p style=\"text-align: justify;\">\u00c9 \u00e0 luz deste erro estrat\u00e9gico que deve ser lida a posi\u00e7\u00e3o recente da lideran\u00e7a europeia. Neste cen\u00e1rio, a mensagem que Ursula von der Leyen passou esta semana aos embaixadores da UE \u00e9 profundamente amb\u00edgua. O discurso deixou a impress\u00e3o que Von der Leyen se aproximou mais das ideias de Trump e de Netanyahu do que da letra e do esp\u00edrito da <em>Carta das Na\u00e7\u00f5es Unidas<\/em>.<\/p>\n<p style=\"text-align: justify;\">No caso concreto dos ataques ao Ir\u00e3o, Von der Leyen ecoou mais os argumentos &#8211; os pretextos, seria mais correto dizer &#8211; repetidamente mencionados por Washington e Telavive que o Direito Internacional. Saiu do campo da neutralidade e da media\u00e7\u00e3o, fragilizou uma vez mais a linha mais dialogante de Kaja Kallas e deixou uma parte significativa dos observadores europeus perplexos, incluindo algumas alas importantes do Parlamento Europeu.<\/p>\n<p style=\"text-align: justify;\">A Europa deve ser vista pelo resto do globo como um espa\u00e7o de valores e de acatamento do Direito Internacional, de equil\u00edbrio geopol\u00edtico e de defesa do sistema multilateral. \u00c9 a\u00ed que reside a nossa for\u00e7a, na coopera\u00e7\u00e3o com os pa\u00edses do Sul que v\u00eaem na Lei Internacional a protec\u00e7\u00e3o de que necessitam.<\/p>\n<p style=\"text-align: justify;\">Ao adoptar a ret\u00f3rica da \u201cfor\u00e7a militar\u201d, como se a Europa pudesse tornar-se da noite para o dia uma super-pot\u00eancia armada, a presidente da Comiss\u00e3o pareceu ignorar que a verdadeira autoridade da nossa Uni\u00e3o assenta na aceita\u00e7\u00e3o dos valores universais e na solidariedade com os diferentes povos do mundo. Como sublinhou Ant\u00f3nio Costa ap\u00f3s o discurso da presidente, a UE deve defender a ordem internacional baseada em normas. Costa n\u00e3o deixou espa\u00e7o para ambiguidades.<\/p>\n<p style=\"text-align: justify;\">Tamb\u00e9m n\u00e3o quero ser visto como amb\u00edguo. Sou contra a submiss\u00e3o e n\u00e3o defendo uma pol\u00edtica de neutralidade, porque n\u00e3o escolher j\u00e1 \u00e9, em si, uma op\u00e7\u00e3o, e raramente a melhor. N\u00e3o advogo nem o sil\u00eancio, nem a indiferen\u00e7a. J\u00e1 Dante dizia h\u00e1 mais de sete s\u00e9culos na <em>Divina Com\u00e9dia<\/em>, a sua obra monumental, que \u201cno inferno, as labaredas mais impiedosas est\u00e3o reservadas para os que escolheram a neutralidade em tempo de crise\u201d.<\/p>\n<p style=\"text-align: justify;\">O respeito pela Lei Internacional e pelo direito \u00e0 leg\u00edtima defesa n\u00e3o s\u00e3o neutrais. S\u00e3o maneiras civilizadas de dizer n\u00e3o \u00e0s decis\u00f5es arbitr\u00e1rias, ao uso da for\u00e7a bruta e aos ataques contra os Direitos Humanos. \u00c9 essa clareza meridiana que espero dos dirigentes europeus e que o futuro nos exige.<\/p>\n<p style=\"text-align: justify;\"><a href=\"https:\/\/www.dn.pt\/opiniao-dn\/ucrnia-ou-iro-a-fronteira-da-soberania-europeia\" target=\"_blank\" rel=\"noopener\">Di\u00e1rio de Not\u00edcias<\/a><br \/>\nVictor \u00c2ngelo<br \/>\nConselheiro em Seguran\u00e7a Internacional. Ex-secret\u00e1rio-geral-adjunto da ONU<br \/>\n13.03.2026<\/p>\n<p>Visita: <a href=\"https:\/\/www.counter12.com\"><img decoding=\"async\" src=\"https:\/\/www.counter12.com\/img-B8W8wa6D64A2yBZ6-26.gif\" alt=\"contador de acessos\" border=\"0\" \/><\/a><\/p>\n<p style=\"text-align: justify;\"><div class=\"note\"><div class=\"notewarning\">- Neste Blogue, escreve-se em Portugu\u00eas \ud83c\uddf5\ud83c\uddf9 de Portugal (n\u00e3o adulterado pela coloniza\u00e7\u00e3o do AO).<\/div><\/div><\/p>\n<p><img loading=\"lazy\" decoding=\"async\" class=\"alignnone wp-image-1223\" src=\"https:\/\/inforgomes.pt\/cozinha\/wp-content\/uploads\/2023\/11\/0-coracao_transp.png\" alt=\"\" width=\"136\" height=\"122\" \/><img loading=\"lazy\" decoding=\"async\" class=\"alignnone wp-image-1758\" src=\"https:\/\/inforgomes.pt\/cozinha\/wp-content\/uploads\/2024\/03\/nao-AO.png\" alt=\"\" width=\"128\" height=\"128\" \/><img loading=\"lazy\" decoding=\"async\" class=\"alignnone wp-image-1791\" src=\"https:\/\/inforgomes.pt\/cozinha\/wp-content\/uploads\/2024\/03\/meio-ambiente.png\" alt=\"\" width=\"127\" height=\"130\" \/><\/p>\n<p>&nbsp;<\/p>\n<div class=\"pvc_clear\"><\/div>\n<p id=\"pvc_stats_1183\" class=\"pvc_stats all  \" data-element-id=\"1183\" style=\"\"><i class=\"pvc-stats-icon medium\" aria-hidden=\"true\"><svg aria-hidden=\"true\" focusable=\"false\" data-prefix=\"far\" data-icon=\"chart-bar\" role=\"img\" xmlns=\"http:\/\/www.w3.org\/2000\/svg\" viewBox=\"0 0 512 512\" class=\"svg-inline--fa fa-chart-bar fa-w-16 fa-2x\"><path fill=\"currentColor\" d=\"M396.8 352h22.4c6.4 0 12.8-6.4 12.8-12.8V108.8c0-6.4-6.4-12.8-12.8-12.8h-22.4c-6.4 0-12.8 6.4-12.8 12.8v230.4c0 6.4 6.4 12.8 12.8 12.8zm-192 0h22.4c6.4 0 12.8-6.4 12.8-12.8V140.8c0-6.4-6.4-12.8-12.8-12.8h-22.4c-6.4 0-12.8 6.4-12.8 12.8v198.4c0 6.4 6.4 12.8 12.8 12.8zm96 0h22.4c6.4 0 12.8-6.4 12.8-12.8V204.8c0-6.4-6.4-12.8-12.8-12.8h-22.4c-6.4 0-12.8 6.4-12.8 12.8v134.4c0 6.4 6.4 12.8 12.8 12.8zM496 400H48V80c0-8.84-7.16-16-16-16H16C7.16 64 0 71.16 0 80v336c0 17.67 14.33 32 32 32h464c8.84 0 16-7.16 16-16v-16c0-8.84-7.16-16-16-16zm-387.2-48h22.4c6.4 0 12.8-6.4 12.8-12.8v-70.4c0-6.4-6.4-12.8-12.8-12.8h-22.4c-6.4 0-12.8 6.4-12.8 12.8v70.4c0 6.4 6.4 12.8 12.8 12.8z\" class=\"\"><\/path><\/svg><\/i> <img loading=\"lazy\" decoding=\"async\" width=\"16\" height=\"16\" alt=\"Loading\" src=\"https:\/\/inforgomes.pt\/social\/wp-content\/plugins\/page-views-count\/ajax-loader-2x.gif\" border=0 \/><\/p>\n<div class=\"pvc_clear\"><\/div>\n","protected":false},"excerpt":{"rendered":"<p>0 0 &nbsp; \ud83c\uddf5\ud83c\uddf9\u00a0OPINI\u00c3O A guerra iniciada a 28 de Fevereiro pelos EUA e Israel contra o Ir\u00e3o n\u00e3o \u00e9 apenas um foco de instabilidade no M\u00e9dio Oriente e um factor de perturba\u00e7\u00e3o mundial de alto risco. Resulta de uma &hellip; <a href=\"https:\/\/inforgomes.pt\/social\/ucrania-ou-irao-a-fronteira-da-soberania-europeia\/\">Continue reading <span class=\"meta-nav\">&rarr;<\/span><\/a><\/p>\n<div class=\"pvc_clear\"><\/div>\n<p id=\"pvc_stats_1183\" class=\"pvc_stats all  \" data-element-id=\"1183\" style=\"\"><i class=\"pvc-stats-icon medium\" aria-hidden=\"true\"><svg aria-hidden=\"true\" focusable=\"false\" data-prefix=\"far\" data-icon=\"chart-bar\" role=\"img\" xmlns=\"http:\/\/www.w3.org\/2000\/svg\" viewBox=\"0 0 512 512\" class=\"svg-inline--fa fa-chart-bar fa-w-16 fa-2x\"><path fill=\"currentColor\" d=\"M396.8 352h22.4c6.4 0 12.8-6.4 12.8-12.8V108.8c0-6.4-6.4-12.8-12.8-12.8h-22.4c-6.4 0-12.8 6.4-12.8 12.8v230.4c0 6.4 6.4 12.8 12.8 12.8zm-192 0h22.4c6.4 0 12.8-6.4 12.8-12.8V140.8c0-6.4-6.4-12.8-12.8-12.8h-22.4c-6.4 0-12.8 6.4-12.8 12.8v198.4c0 6.4 6.4 12.8 12.8 12.8zm96 0h22.4c6.4 0 12.8-6.4 12.8-12.8V204.8c0-6.4-6.4-12.8-12.8-12.8h-22.4c-6.4 0-12.8 6.4-12.8 12.8v134.4c0 6.4 6.4 12.8 12.8 12.8zM496 400H48V80c0-8.84-7.16-16-16-16H16C7.16 64 0 71.16 0 80v336c0 17.67 14.33 32 32 32h464c8.84 0 16-7.16 16-16v-16c0-8.84-7.16-16-16-16zm-387.2-48h22.4c6.4 0 12.8-6.4 12.8-12.8v-70.4c0-6.4-6.4-12.8-12.8-12.8h-22.4c-6.4 0-12.8 6.4-12.8 12.8v70.4c0 6.4 6.4 12.8 12.8 12.8z\" class=\"\"><\/path><\/svg><\/i> <img loading=\"lazy\" decoding=\"async\" width=\"16\" height=\"16\" alt=\"Loading\" src=\"https:\/\/inforgomes.pt\/social\/wp-content\/plugins\/page-views-count\/ajax-loader-2x.gif\" border=0 \/><\/p>\n<div class=\"pvc_clear\"><\/div>\n","protected":false},"author":1,"featured_media":0,"comment_status":"open","ping_status":"open","sticky":false,"template":"","format":"standard","meta":{"footnotes":""},"categories":[3,303,4,14,76],"tags":[],"class_list":["post-1183","post","type-post","status-publish","format-standard","hentry","category-diario-de-noticias","category-marco-2026","category-opiniao","category-portugal","category-victor-angelo"],"a3_pvc":{"activated":true,"total_views":4,"today_views":0},"_links":{"self":[{"href":"https:\/\/inforgomes.pt\/social\/wp-json\/wp\/v2\/posts\/1183","targetHints":{"allow":["GET"]}}],"collection":[{"href":"https:\/\/inforgomes.pt\/social\/wp-json\/wp\/v2\/posts"}],"about":[{"href":"https:\/\/inforgomes.pt\/social\/wp-json\/wp\/v2\/types\/post"}],"author":[{"embeddable":true,"href":"https:\/\/inforgomes.pt\/social\/wp-json\/wp\/v2\/users\/1"}],"replies":[{"embeddable":true,"href":"https:\/\/inforgomes.pt\/social\/wp-json\/wp\/v2\/comments?post=1183"}],"version-history":[{"count":2,"href":"https:\/\/inforgomes.pt\/social\/wp-json\/wp\/v2\/posts\/1183\/revisions"}],"predecessor-version":[{"id":1185,"href":"https:\/\/inforgomes.pt\/social\/wp-json\/wp\/v2\/posts\/1183\/revisions\/1185"}],"wp:attachment":[{"href":"https:\/\/inforgomes.pt\/social\/wp-json\/wp\/v2\/media?parent=1183"}],"wp:term":[{"taxonomy":"category","embeddable":true,"href":"https:\/\/inforgomes.pt\/social\/wp-json\/wp\/v2\/categories?post=1183"},{"taxonomy":"post_tag","embeddable":true,"href":"https:\/\/inforgomes.pt\/social\/wp-json\/wp\/v2\/tags?post=1183"}],"curies":[{"name":"wp","href":"https:\/\/api.w.org\/{rel}","templated":true}]}}