{"id":1264,"date":"2026-04-02T18:52:43","date_gmt":"2026-04-02T17:52:43","guid":{"rendered":"https:\/\/inforgomes.pt\/social\/?p=1264"},"modified":"2026-04-02T18:52:43","modified_gmt":"2026-04-02T17:52:43","slug":"termometros-vao-chegar-aos-28-graus-na-pascoa-mas-sera-sol-de-pouca-dura","status":"publish","type":"post","link":"https:\/\/inforgomes.pt\/social\/termometros-vao-chegar-aos-28-graus-na-pascoa-mas-sera-sol-de-pouca-dura\/","title":{"rendered":"Term\u00f3metros v\u00e3o chegar aos 28 graus na P\u00e1scoa, mas ser\u00e1 sol de pouca dura"},"content":{"rendered":"<div class=\"pld-like-dislike-wrap pld-template-1\">\r\n    <div class=\"pld-like-wrap  pld-common-wrap\">\r\n    <a href=\"javascript:void(0)\" class=\"pld-like-trigger pld-like-dislike-trigger  \" title=\"Gosto\" data-post-id=\"1264\" data-trigger-type=\"like\" data-restriction=\"no\" data-already-liked=\"0\">\r\n                        <i class=\"fas fa-thumbs-up\"><\/i>\r\n                <\/a>\r\n    <span class=\"pld-like-count-wrap pld-count-wrap\">1    <\/span>\r\n<\/div><div class=\"pld-dislike-wrap  pld-common-wrap\">\r\n    <a href=\"javascript:void(0)\" class=\"pld-dislike-trigger pld-like-dislike-trigger  \" title=\"N\u00e3o gosto\" data-post-id=\"1264\" data-trigger-type=\"dislike\" data-restriction=\"no\" data-already-liked=\"0\">\r\n                        <i class=\"fas fa-thumbs-down\"><\/i>\r\n                <\/a>\r\n    <span class=\"pld-dislike-count-wrap pld-count-wrap\">0<\/span>\r\n<\/div><\/div><p>&nbsp;<\/p>\n<p><span style=\"font-size: 20px; font-family: Aldrich; color: #ff0000; --darkreader-inline-color: var(--darkreader-text-ff0000, #ff1a1a);\" data-darkreader-inline-color=\"\"><span style=\"color: #00ff00;\" data-darkreader-inline-color=\"\"><span style=\"font-size: 36px;\">\ud83c\uddf5\ud83c\uddf9<\/span>\u00a0PORT<\/span>UGAL \/\/ P\u00c1SCOA \/\/ CLIMA<\/span><\/p>\n<p style=\"text-align: justify;\"><em><span style=\"font-size: 20px;\">O c\u00e9u limpo, com temperaturas &#8220;acima do normal para esta \u00e9poca do ano&#8221; vai durar at\u00e9 domingo, Depois, uma superf\u00edcie frontal fria vai trazer um inverno primaveril a todo o pa\u00eds, com descida das temperaturas. Trata-se do rescaldo de uma depress\u00e3o que ir\u00e1 atravessar as Ilhas Brit\u00e2nicas, mas que n\u00e3o tocar\u00e1 Portugal<\/span><\/em><\/p>\n<div id=\"attachment_1265\" style=\"width: 778px\" class=\"wp-caption aligncenter\"><img loading=\"lazy\" decoding=\"async\" aria-describedby=\"caption-attachment-1265\" class=\"size-full wp-image-1265\" src=\"https:\/\/inforgomes.pt\/social\/wp-content\/uploads\/2026\/04\/expresso02042026.jpg\" alt=\"\" width=\"768\" height=\"492\" srcset=\"https:\/\/inforgomes.pt\/social\/wp-content\/uploads\/2026\/04\/expresso02042026.jpg 768w, https:\/\/inforgomes.pt\/social\/wp-content\/uploads\/2026\/04\/expresso02042026-300x192.jpg 300w, https:\/\/inforgomes.pt\/social\/wp-content\/uploads\/2026\/04\/expresso02042026-468x300.jpg 468w\" sizes=\"auto, (max-width: 768px) 100vw, 768px\" \/><p id=\"caption-attachment-1265\" class=\"wp-caption-text\">Term\u00f3metros v\u00e3o chegar aos 28 graus na P\u00e1scoa, mas ser\u00e1 sol de pouca dura<br \/>\u00a9 Jason Oxenham \/ Getty Images<\/p><\/div>\n<p style=\"text-align: justify;\">Boas not\u00edcias para quem quer aproveitar a P\u00e1scoa. At\u00e9 domingo, diz a meteorologista \u00c2ngela Louren\u00e7o, do Instituto Portugu\u00eas do Mar e da Atmosfera (IPMA), haver\u00e1 poucas nuvens, predominando o c\u00e9u limpo, com temperaturas &#8220;acima do normal para esta \u00e9poca do ano&#8221;. As m\u00e1ximas diurnas previstas oscilam entre os 23 e os 28 graus, sendo as zonas mais quentes &#8220;as do sul, o Ribatejo, o interior e o vale do Douro&#8221;. Perto do mar, prev\u00eaem-se valores ligeiramente inferiores, assim como nas serras, nomeadamente a da Estrela.<\/p>\n<p style=\"text-align: justify;\">&#8220;\u00c0 noite, as m\u00ednimas t\u00eam sido baixas. Temos tido noites frias, com valores de 5 ou 6 graus. Isso ir\u00e1 continuar&#8221;, nota a meteorologista. S\u00e3o temperaturas &#8220;t\u00edpicas de inverno&#8221; que, na Serra da Estrela e noutras terras altas poder\u00e3o n\u00e3o ultrapassar os 2 ou 3 graus.<\/p>\n<p style=\"text-align: justify;\">Mas a rec\u00e9m-iniciada primavera j\u00e1 d\u00e1 sinais de querer recuar. Isto deve-se a uma superf\u00edcie frontal fria que, a partir de ter\u00e7a-feira &#8211; mas que na pr\u00e1tica ir\u00e1 sentir-se em algumas zonas do pa\u00eds desde domingo &#8211; vai provocar altera\u00e7\u00f5es na temperatura do ar que exigem a reabilita\u00e7\u00e3o dos blus\u00f5es de inverno.<\/p>\n<p style=\"text-align: justify;\">Segundo a especialista do IPMA, uma depress\u00e3o que afecta as Ilhas Brit\u00e2nicas, e que &#8220;n\u00e3o passar\u00e1 por Portugal&#8221;, \u00e9 a respons\u00e1vel por uma descida da temperatura acentuada que, a 7 de Abril, pode variar entre os 8 e os 12 graus. Mas j\u00e1 o dia anterior ser\u00e1 &#8220;muito nublado em todo o territ\u00f3rio, com poucas abertas&#8221;, ocorr\u00eancia de chuva &#8211; sobretudo no norte e no centro do pa\u00eds &#8211; e aumento do vento, a soprar forte de quadrante sul. O resto da semana manter\u00e1 estas caracter\u00edsticas.<\/p>\n<p style=\"text-align: justify;\"><a href=\"https:\/\/www.msn.com\/pt-pt\/noticias\/ultimas\/term%C3%B3metros-v%C3%A3o-chegar-aos-28-graus-na-p%C3%A1scoa-mas-ser%C3%A1-sol-de-pouca-dura\/ar-AA200GCu\" target=\"_blank\" rel=\"noopener\">Expresso<\/a><br \/>\nLuciana Leiderfarb<br \/>\n02.04.2026<\/p>\n<p>Visita: <a href=\"https:\/\/www.counter12.com\"><img decoding=\"async\" src=\"https:\/\/www.counter12.com\/img-7c66dZdy39ZZBxDa-26.gif\" alt=\"conter12\" border=\"0\" \/><\/a><\/p>\n<p style=\"text-align: justify;\"><div class=\"note\"><div class=\"notewarning\">- Neste Blogue, escreve-se em Portugu\u00eas \ud83c\uddf5\ud83c\uddf9 de Portugal (n\u00e3o adulterado pela coloniza\u00e7\u00e3o do AO).<\/div><\/div><\/p>\n<p><img loading=\"lazy\" decoding=\"async\" class=\"alignnone wp-image-1223\" src=\"https:\/\/inforgomes.pt\/cozinha\/wp-content\/uploads\/2023\/11\/0-coracao_transp.png\" alt=\"\" width=\"136\" height=\"122\" \/><img loading=\"lazy\" decoding=\"async\" class=\"alignnone wp-image-1758\" src=\"https:\/\/inforgomes.pt\/cozinha\/wp-content\/uploads\/2024\/03\/nao-AO.png\" alt=\"\" width=\"128\" height=\"128\" \/><img loading=\"lazy\" decoding=\"async\" class=\"alignnone wp-image-1791\" src=\"https:\/\/inforgomes.pt\/cozinha\/wp-content\/uploads\/2024\/03\/meio-ambiente.png\" alt=\"\" width=\"127\" height=\"130\" \/><\/p>\n<p>&nbsp;<\/p>\n<div class=\"pvc_clear\"><\/div>\n<p id=\"pvc_stats_1264\" class=\"pvc_stats all  \" data-element-id=\"1264\" style=\"\"><i class=\"pvc-stats-icon medium\" aria-hidden=\"true\"><svg aria-hidden=\"true\" focusable=\"false\" data-prefix=\"far\" data-icon=\"chart-bar\" role=\"img\" xmlns=\"http:\/\/www.w3.org\/2000\/svg\" viewBox=\"0 0 512 512\" class=\"svg-inline--fa fa-chart-bar fa-w-16 fa-2x\"><path fill=\"currentColor\" d=\"M396.8 352h22.4c6.4 0 12.8-6.4 12.8-12.8V108.8c0-6.4-6.4-12.8-12.8-12.8h-22.4c-6.4 0-12.8 6.4-12.8 12.8v230.4c0 6.4 6.4 12.8 12.8 12.8zm-192 0h22.4c6.4 0 12.8-6.4 12.8-12.8V140.8c0-6.4-6.4-12.8-12.8-12.8h-22.4c-6.4 0-12.8 6.4-12.8 12.8v198.4c0 6.4 6.4 12.8 12.8 12.8zm96 0h22.4c6.4 0 12.8-6.4 12.8-12.8V204.8c0-6.4-6.4-12.8-12.8-12.8h-22.4c-6.4 0-12.8 6.4-12.8 12.8v134.4c0 6.4 6.4 12.8 12.8 12.8zM496 400H48V80c0-8.84-7.16-16-16-16H16C7.16 64 0 71.16 0 80v336c0 17.67 14.33 32 32 32h464c8.84 0 16-7.16 16-16v-16c0-8.84-7.16-16-16-16zm-387.2-48h22.4c6.4 0 12.8-6.4 12.8-12.8v-70.4c0-6.4-6.4-12.8-12.8-12.8h-22.4c-6.4 0-12.8 6.4-12.8 12.8v70.4c0 6.4 6.4 12.8 12.8 12.8z\" class=\"\"><\/path><\/svg><\/i> <img loading=\"lazy\" decoding=\"async\" width=\"16\" height=\"16\" alt=\"Loading\" src=\"https:\/\/inforgomes.pt\/social\/wp-content\/plugins\/page-views-count\/ajax-loader-2x.gif\" border=0 \/><\/p>\n<div class=\"pvc_clear\"><\/div>\n","protected":false},"excerpt":{"rendered":"<p>1 0 &nbsp; \ud83c\uddf5\ud83c\uddf9\u00a0PORTUGAL \/\/ P\u00c1SCOA \/\/ CLIMA O c\u00e9u limpo, com temperaturas &#8220;acima do normal para esta \u00e9poca do ano&#8221; vai durar at\u00e9 domingo, Depois, uma superf\u00edcie frontal fria vai trazer um inverno primaveril a todo o pa\u00eds, com &hellip; <a href=\"https:\/\/inforgomes.pt\/social\/termometros-vao-chegar-aos-28-graus-na-pascoa-mas-sera-sol-de-pouca-dura\/\">Continue reading <span class=\"meta-nav\">&rarr;<\/span><\/a><\/p>\n<div class=\"pvc_clear\"><\/div>\n<p id=\"pvc_stats_1264\" class=\"pvc_stats all  \" data-element-id=\"1264\" style=\"\"><i class=\"pvc-stats-icon medium\" aria-hidden=\"true\"><svg aria-hidden=\"true\" focusable=\"false\" data-prefix=\"far\" data-icon=\"chart-bar\" role=\"img\" xmlns=\"http:\/\/www.w3.org\/2000\/svg\" viewBox=\"0 0 512 512\" class=\"svg-inline--fa fa-chart-bar fa-w-16 fa-2x\"><path fill=\"currentColor\" d=\"M396.8 352h22.4c6.4 0 12.8-6.4 12.8-12.8V108.8c0-6.4-6.4-12.8-12.8-12.8h-22.4c-6.4 0-12.8 6.4-12.8 12.8v230.4c0 6.4 6.4 12.8 12.8 12.8zm-192 0h22.4c6.4 0 12.8-6.4 12.8-12.8V140.8c0-6.4-6.4-12.8-12.8-12.8h-22.4c-6.4 0-12.8 6.4-12.8 12.8v198.4c0 6.4 6.4 12.8 12.8 12.8zm96 0h22.4c6.4 0 12.8-6.4 12.8-12.8V204.8c0-6.4-6.4-12.8-12.8-12.8h-22.4c-6.4 0-12.8 6.4-12.8 12.8v134.4c0 6.4 6.4 12.8 12.8 12.8zM496 400H48V80c0-8.84-7.16-16-16-16H16C7.16 64 0 71.16 0 80v336c0 17.67 14.33 32 32 32h464c8.84 0 16-7.16 16-16v-16c0-8.84-7.16-16-16-16zm-387.2-48h22.4c6.4 0 12.8-6.4 12.8-12.8v-70.4c0-6.4-6.4-12.8-12.8-12.8h-22.4c-6.4 0-12.8 6.4-12.8 12.8v70.4c0 6.4 6.4 12.8 12.8 12.8z\" class=\"\"><\/path><\/svg><\/i> <img loading=\"lazy\" decoding=\"async\" width=\"16\" height=\"16\" alt=\"Loading\" src=\"https:\/\/inforgomes.pt\/social\/wp-content\/plugins\/page-views-count\/ajax-loader-2x.gif\" border=0 \/><\/p>\n<div class=\"pvc_clear\"><\/div>\n","protected":false},"author":1,"featured_media":0,"comment_status":"open","ping_status":"open","sticky":false,"template":"","format":"standard","meta":{"footnotes":""},"categories":[332,52,331,14],"tags":[],"class_list":["post-1264","post","type-post","status-publish","format-standard","hentry","category-abril-2026","category-meteorologia","category-pascoa","category-portugal"],"a3_pvc":{"activated":true,"total_views":5,"today_views":0},"_links":{"self":[{"href":"https:\/\/inforgomes.pt\/social\/wp-json\/wp\/v2\/posts\/1264","targetHints":{"allow":["GET"]}}],"collection":[{"href":"https:\/\/inforgomes.pt\/social\/wp-json\/wp\/v2\/posts"}],"about":[{"href":"https:\/\/inforgomes.pt\/social\/wp-json\/wp\/v2\/types\/post"}],"author":[{"embeddable":true,"href":"https:\/\/inforgomes.pt\/social\/wp-json\/wp\/v2\/users\/1"}],"replies":[{"embeddable":true,"href":"https:\/\/inforgomes.pt\/social\/wp-json\/wp\/v2\/comments?post=1264"}],"version-history":[{"count":1,"href":"https:\/\/inforgomes.pt\/social\/wp-json\/wp\/v2\/posts\/1264\/revisions"}],"predecessor-version":[{"id":1266,"href":"https:\/\/inforgomes.pt\/social\/wp-json\/wp\/v2\/posts\/1264\/revisions\/1266"}],"wp:attachment":[{"href":"https:\/\/inforgomes.pt\/social\/wp-json\/wp\/v2\/media?parent=1264"}],"wp:term":[{"taxonomy":"category","embeddable":true,"href":"https:\/\/inforgomes.pt\/social\/wp-json\/wp\/v2\/categories?post=1264"},{"taxonomy":"post_tag","embeddable":true,"href":"https:\/\/inforgomes.pt\/social\/wp-json\/wp\/v2\/tags?post=1264"}],"curies":[{"name":"wp","href":"https:\/\/api.w.org\/{rel}","templated":true}]}}