{"id":1274,"date":"2026-04-05T11:28:17","date_gmt":"2026-04-05T10:28:17","guid":{"rendered":"https:\/\/inforgomes.pt\/social\/?p=1274"},"modified":"2026-04-05T11:28:17","modified_gmt":"2026-04-05T10:28:17","slug":"depois-do-bom-tempo-volta-a-chuva-e-ate-a-temperatura-vai-descer-durante-a-semana","status":"publish","type":"post","link":"https:\/\/inforgomes.pt\/social\/depois-do-bom-tempo-volta-a-chuva-e-ate-a-temperatura-vai-descer-durante-a-semana\/","title":{"rendered":"Depois do bom tempo, volta a chuva e at\u00e9 a temperatura vai descer durante a semana"},"content":{"rendered":"<div class=\"pld-like-dislike-wrap pld-template-1\">\r\n    <div class=\"pld-like-wrap  pld-common-wrap\">\r\n    <a href=\"javascript:void(0)\" class=\"pld-like-trigger pld-like-dislike-trigger  \" title=\"Gosto\" data-post-id=\"1274\" data-trigger-type=\"like\" data-restriction=\"no\" data-already-liked=\"0\">\r\n                        <i class=\"fas fa-thumbs-up\"><\/i>\r\n                <\/a>\r\n    <span class=\"pld-like-count-wrap pld-count-wrap\">1    <\/span>\r\n<\/div><div class=\"pld-dislike-wrap  pld-common-wrap\">\r\n    <a href=\"javascript:void(0)\" class=\"pld-dislike-trigger pld-like-dislike-trigger  \" title=\"N\u00e3o gosto\" data-post-id=\"1274\" data-trigger-type=\"dislike\" data-restriction=\"no\" data-already-liked=\"0\">\r\n                        <i class=\"fas fa-thumbs-down\"><\/i>\r\n                <\/a>\r\n    <span class=\"pld-dislike-count-wrap pld-count-wrap\">0<\/span>\r\n<\/div><\/div><p>&nbsp;<\/p>\n<p><span style=\"font-family: Aldrich; font-size: 20px; color: #ff0000; --darkreader-inline-color: var(--darkreader-text-ff0000, #ff1a1a);\" data-darkreader-inline-color=\"\"><span style=\"color: #00ff00;\" data-darkreader-inline-color=\"\"><span style=\"font-size: 36px;\">\ud83c\uddf5\ud83c\uddf9<\/span>\u00a0PORT<\/span>UGAL \/\/ METEOROLOGIA \/\/ MAU TEMPO<\/span><\/p>\n<p style=\"text-align: justify;\"><em><span style=\"font-size: 20px;\">A partir de segunda-feira voltam as nuvens, a chuva e o vento. Entre ter\u00e7a e quarta-feira as temperaturas v\u00e3o baixar.<\/span><\/em><\/p>\n<div id=\"attachment_1275\" style=\"width: 1210px\" class=\"wp-caption alignleft\"><img loading=\"lazy\" decoding=\"async\" aria-describedby=\"caption-attachment-1275\" class=\"size-full wp-image-1275\" src=\"https:\/\/inforgomes.pt\/social\/wp-content\/uploads\/2026\/04\/dn04042026-01.jpg\" alt=\"\" width=\"1200\" height=\"860\" srcset=\"https:\/\/inforgomes.pt\/social\/wp-content\/uploads\/2026\/04\/dn04042026-01.jpg 1200w, https:\/\/inforgomes.pt\/social\/wp-content\/uploads\/2026\/04\/dn04042026-01-300x215.jpg 300w, https:\/\/inforgomes.pt\/social\/wp-content\/uploads\/2026\/04\/dn04042026-01-1024x734.jpg 1024w, https:\/\/inforgomes.pt\/social\/wp-content\/uploads\/2026\/04\/dn04042026-01-768x550.jpg 768w, https:\/\/inforgomes.pt\/social\/wp-content\/uploads\/2026\/04\/dn04042026-01-419x300.jpg 419w\" sizes=\"auto, (max-width: 1200px) 100vw, 1200px\" \/><p id=\"caption-attachment-1275\" class=\"wp-caption-text\">Foto: Paulo Spranger<\/p><\/div>\n<p>&nbsp;<\/p>\n<p style=\"text-align: justify;\">Aqueles que pensavam que o bom tempo tinha vindo para ficar enganaram-se, pois na pr\u00f3xima segunda-feira, 6 de Abril, vai voltar a chuva em praticamente todo o territ\u00f3rio continental, a excep\u00e7\u00e3o ser\u00e1 a regi\u00e3o de Tr\u00e1s-os-Montes, e nos A\u00e7ores, de acordo com os <a href=\"https:\/\/www.ipma.pt\/pt\/index.html\" target=\"_blank\" rel=\"nofollow noopener\" aria-label=\"content\">dados do IPMA<\/a>.<\/p>\n<p style=\"text-align: justify;\">Este regresso da nebulosidade, da ligeira descida de temperatura e do aumento do vento \u00e9 causado por uma depress\u00e3o.<\/p>\n<p style=\"text-align: justify;\">A maior instabilidade ser\u00e1 sentida na ter\u00e7a-feira e na quarta-feira, em que as temperaturas m\u00ednimas podem baixar dos 10\u00ba. A temperatura voltar\u00e1 a subir ligeiramente na quinta-feira, mas s\u00e3o esperados per\u00edodos de aguaceiros e que v\u00e3o durar at\u00e9 ao pr\u00f3ximo fim-de-semana.<\/p>\n<p style=\"text-align: justify;\"><a href=\"https:\/\/www.dn.pt\/sociedade\/depois-do-bom-tempo-volta-a-chuva-e-at-a-temperatura-vai-descer-durante-a-semana\" target=\"_blank\" rel=\"noopener\">Di\u00e1rio de Not\u00edcias<\/a><br \/>\nCarlos Nogueira<br \/>\n04.04.2026<\/p>\n<p>Visita: <a href=\"https:\/\/www.counter12.com\"><img decoding=\"async\" src=\"https:\/\/www.counter12.com\/img-6D81wY05zxWCZB31-22.gif\" alt=\"web counter free\" border=\"0\" \/><\/a><\/p>\n<p style=\"text-align: justify;\"><div class=\"note\"><div class=\"notewarning\">- Neste Blogue, escreve-se em Portugu\u00eas \ud83c\uddf5\ud83c\uddf9 de Portugal (n\u00e3o adulterado pela coloniza\u00e7\u00e3o do AO).<\/div><\/div><\/p>\n<p><img loading=\"lazy\" decoding=\"async\" class=\"alignnone wp-image-1223\" src=\"https:\/\/inforgomes.pt\/cozinha\/wp-content\/uploads\/2023\/11\/0-coracao_transp.png\" alt=\"\" width=\"136\" height=\"122\" \/><img loading=\"lazy\" decoding=\"async\" class=\"alignnone wp-image-1758\" src=\"https:\/\/inforgomes.pt\/cozinha\/wp-content\/uploads\/2024\/03\/nao-AO.png\" alt=\"\" width=\"128\" height=\"128\" \/><img loading=\"lazy\" decoding=\"async\" class=\"alignnone wp-image-1791\" src=\"https:\/\/inforgomes.pt\/cozinha\/wp-content\/uploads\/2024\/03\/meio-ambiente.png\" alt=\"\" width=\"127\" height=\"130\" \/><\/p>\n<p>&nbsp;<\/p>\n<div class=\"pvc_clear\"><\/div>\n<p id=\"pvc_stats_1274\" class=\"pvc_stats all  \" data-element-id=\"1274\" style=\"\"><i class=\"pvc-stats-icon medium\" aria-hidden=\"true\"><svg aria-hidden=\"true\" focusable=\"false\" data-prefix=\"far\" data-icon=\"chart-bar\" role=\"img\" xmlns=\"http:\/\/www.w3.org\/2000\/svg\" viewBox=\"0 0 512 512\" class=\"svg-inline--fa fa-chart-bar fa-w-16 fa-2x\"><path fill=\"currentColor\" d=\"M396.8 352h22.4c6.4 0 12.8-6.4 12.8-12.8V108.8c0-6.4-6.4-12.8-12.8-12.8h-22.4c-6.4 0-12.8 6.4-12.8 12.8v230.4c0 6.4 6.4 12.8 12.8 12.8zm-192 0h22.4c6.4 0 12.8-6.4 12.8-12.8V140.8c0-6.4-6.4-12.8-12.8-12.8h-22.4c-6.4 0-12.8 6.4-12.8 12.8v198.4c0 6.4 6.4 12.8 12.8 12.8zm96 0h22.4c6.4 0 12.8-6.4 12.8-12.8V204.8c0-6.4-6.4-12.8-12.8-12.8h-22.4c-6.4 0-12.8 6.4-12.8 12.8v134.4c0 6.4 6.4 12.8 12.8 12.8zM496 400H48V80c0-8.84-7.16-16-16-16H16C7.16 64 0 71.16 0 80v336c0 17.67 14.33 32 32 32h464c8.84 0 16-7.16 16-16v-16c0-8.84-7.16-16-16-16zm-387.2-48h22.4c6.4 0 12.8-6.4 12.8-12.8v-70.4c0-6.4-6.4-12.8-12.8-12.8h-22.4c-6.4 0-12.8 6.4-12.8 12.8v70.4c0 6.4 6.4 12.8 12.8 12.8z\" class=\"\"><\/path><\/svg><\/i> <img loading=\"lazy\" decoding=\"async\" width=\"16\" height=\"16\" alt=\"Loading\" src=\"https:\/\/inforgomes.pt\/social\/wp-content\/plugins\/page-views-count\/ajax-loader-2x.gif\" border=0 \/><\/p>\n<div class=\"pvc_clear\"><\/div>\n","protected":false},"excerpt":{"rendered":"<p>1 0 &nbsp; \ud83c\uddf5\ud83c\uddf9\u00a0PORTUGAL \/\/ METEOROLOGIA \/\/ MAU TEMPO A partir de segunda-feira voltam as nuvens, a chuva e o vento. Entre ter\u00e7a e quarta-feira as temperaturas v\u00e3o baixar. &nbsp; Aqueles que pensavam que o bom tempo tinha vindo para &hellip; <a href=\"https:\/\/inforgomes.pt\/social\/depois-do-bom-tempo-volta-a-chuva-e-ate-a-temperatura-vai-descer-durante-a-semana\/\">Continue reading <span class=\"meta-nav\">&rarr;<\/span><\/a><\/p>\n<div class=\"pvc_clear\"><\/div>\n<p id=\"pvc_stats_1274\" class=\"pvc_stats all  \" data-element-id=\"1274\" style=\"\"><i class=\"pvc-stats-icon medium\" aria-hidden=\"true\"><svg aria-hidden=\"true\" focusable=\"false\" data-prefix=\"far\" data-icon=\"chart-bar\" role=\"img\" xmlns=\"http:\/\/www.w3.org\/2000\/svg\" viewBox=\"0 0 512 512\" class=\"svg-inline--fa fa-chart-bar fa-w-16 fa-2x\"><path fill=\"currentColor\" d=\"M396.8 352h22.4c6.4 0 12.8-6.4 12.8-12.8V108.8c0-6.4-6.4-12.8-12.8-12.8h-22.4c-6.4 0-12.8 6.4-12.8 12.8v230.4c0 6.4 6.4 12.8 12.8 12.8zm-192 0h22.4c6.4 0 12.8-6.4 12.8-12.8V140.8c0-6.4-6.4-12.8-12.8-12.8h-22.4c-6.4 0-12.8 6.4-12.8 12.8v198.4c0 6.4 6.4 12.8 12.8 12.8zm96 0h22.4c6.4 0 12.8-6.4 12.8-12.8V204.8c0-6.4-6.4-12.8-12.8-12.8h-22.4c-6.4 0-12.8 6.4-12.8 12.8v134.4c0 6.4 6.4 12.8 12.8 12.8zM496 400H48V80c0-8.84-7.16-16-16-16H16C7.16 64 0 71.16 0 80v336c0 17.67 14.33 32 32 32h464c8.84 0 16-7.16 16-16v-16c0-8.84-7.16-16-16-16zm-387.2-48h22.4c6.4 0 12.8-6.4 12.8-12.8v-70.4c0-6.4-6.4-12.8-12.8-12.8h-22.4c-6.4 0-12.8 6.4-12.8 12.8v70.4c0 6.4 6.4 12.8 12.8 12.8z\" class=\"\"><\/path><\/svg><\/i> <img loading=\"lazy\" decoding=\"async\" width=\"16\" height=\"16\" alt=\"Loading\" src=\"https:\/\/inforgomes.pt\/social\/wp-content\/plugins\/page-views-count\/ajax-loader-2x.gif\" border=0 \/><\/p>\n<div class=\"pvc_clear\"><\/div>\n","protected":false},"author":1,"featured_media":0,"comment_status":"open","ping_status":"open","sticky":false,"template":"","format":"standard","meta":{"footnotes":""},"categories":[75,3,50,51,52,14],"tags":[],"class_list":["post-1274","post","type-post","status-publish","format-standard","hentry","category-chuva","category-diario-de-noticias","category-ipma","category-mau-tempo","category-meteorologia","category-portugal"],"a3_pvc":{"activated":true,"total_views":7,"today_views":0},"_links":{"self":[{"href":"https:\/\/inforgomes.pt\/social\/wp-json\/wp\/v2\/posts\/1274","targetHints":{"allow":["GET"]}}],"collection":[{"href":"https:\/\/inforgomes.pt\/social\/wp-json\/wp\/v2\/posts"}],"about":[{"href":"https:\/\/inforgomes.pt\/social\/wp-json\/wp\/v2\/types\/post"}],"author":[{"embeddable":true,"href":"https:\/\/inforgomes.pt\/social\/wp-json\/wp\/v2\/users\/1"}],"replies":[{"embeddable":true,"href":"https:\/\/inforgomes.pt\/social\/wp-json\/wp\/v2\/comments?post=1274"}],"version-history":[{"count":1,"href":"https:\/\/inforgomes.pt\/social\/wp-json\/wp\/v2\/posts\/1274\/revisions"}],"predecessor-version":[{"id":1276,"href":"https:\/\/inforgomes.pt\/social\/wp-json\/wp\/v2\/posts\/1274\/revisions\/1276"}],"wp:attachment":[{"href":"https:\/\/inforgomes.pt\/social\/wp-json\/wp\/v2\/media?parent=1274"}],"wp:term":[{"taxonomy":"category","embeddable":true,"href":"https:\/\/inforgomes.pt\/social\/wp-json\/wp\/v2\/categories?post=1274"},{"taxonomy":"post_tag","embeddable":true,"href":"https:\/\/inforgomes.pt\/social\/wp-json\/wp\/v2\/tags?post=1274"}],"curies":[{"name":"wp","href":"https:\/\/api.w.org\/{rel}","templated":true}]}}