{"id":1290,"date":"2026-04-07T10:17:12","date_gmt":"2026-04-07T09:17:12","guid":{"rendered":"https:\/\/inforgomes.pt\/social\/?p=1290"},"modified":"2026-04-07T10:17:12","modified_gmt":"2026-04-07T09:17:12","slug":"poeiras-de-africa-vao-pairar-esta-semana-dgs-alerta-para-riscos-para-a-saude","status":"publish","type":"post","link":"https:\/\/inforgomes.pt\/social\/poeiras-de-africa-vao-pairar-esta-semana-dgs-alerta-para-riscos-para-a-saude\/","title":{"rendered":"Poeiras de \u00c1frica v\u00e3o pairar esta semana, DGS alerta para riscos para a sa\u00fade"},"content":{"rendered":"<div class=\"pld-like-dislike-wrap pld-template-1\">\r\n    <div class=\"pld-like-wrap  pld-common-wrap\">\r\n    <a href=\"javascript:void(0)\" class=\"pld-like-trigger pld-like-dislike-trigger  \" title=\"Gosto\" data-post-id=\"1290\" data-trigger-type=\"like\" data-restriction=\"no\" data-already-liked=\"0\">\r\n                        <i class=\"fas fa-thumbs-up\"><\/i>\r\n                <\/a>\r\n    <span class=\"pld-like-count-wrap pld-count-wrap\">1    <\/span>\r\n<\/div><div class=\"pld-dislike-wrap  pld-common-wrap\">\r\n    <a href=\"javascript:void(0)\" class=\"pld-dislike-trigger pld-like-dislike-trigger  \" title=\"N\u00e3o gosto\" data-post-id=\"1290\" data-trigger-type=\"dislike\" data-restriction=\"no\" data-already-liked=\"0\">\r\n                        <i class=\"fas fa-thumbs-down\"><\/i>\r\n                <\/a>\r\n    <span class=\"pld-dislike-count-wrap pld-count-wrap\">0<\/span>\r\n<\/div><\/div><p>&nbsp;<\/p>\n<p><span style=\"font-family: Aldrich; font-size: 20px; color: #ff0000; --darkreader-inline-color: var(--darkreader-text-ff0000, #ff1a1a);\" data-darkreader-inline-color=\"\"><span style=\"color: #00ff00;\" data-darkreader-inline-color=\"\"><span style=\"font-size: 36px;\">\ud83c\uddf5\ud83c\uddf9<\/span>\u00a0PORT<\/span>UGAL \/\/ POEIRAS DE \u00c1FRICA<\/span><\/p>\n<p style=\"text-align: justify;\"><em><span style=\"font-size: 20px;\">Uma massa de poeiras proveniente dos desertos do Norte de \u00c1frica est\u00e1 a atravessar Portugal Continental e dever\u00e1 manter-se at\u00e9 \u00e0 pr\u00f3xima quinta-feira, levando a um agravamento da qualidade do ar, alertou a Direc\u00e7\u00e3o-Geral da Sa\u00fade.<\/span><\/em><\/p>\n<div id=\"attachment_1291\" style=\"width: 778px\" class=\"wp-caption aligncenter\"><img loading=\"lazy\" decoding=\"async\" aria-describedby=\"caption-attachment-1291\" class=\"size-full wp-image-1291\" src=\"https:\/\/inforgomes.pt\/social\/wp-content\/uploads\/2026\/04\/sic06042026-02.png\" alt=\"\" width=\"768\" height=\"512\" srcset=\"https:\/\/inforgomes.pt\/social\/wp-content\/uploads\/2026\/04\/sic06042026-02.png 768w, https:\/\/inforgomes.pt\/social\/wp-content\/uploads\/2026\/04\/sic06042026-02-300x200.png 300w, https:\/\/inforgomes.pt\/social\/wp-content\/uploads\/2026\/04\/sic06042026-02-450x300.png 450w\" sizes=\"auto, (max-width: 768px) 100vw, 768px\" \/><p id=\"caption-attachment-1291\" class=\"wp-caption-text\">Poeiras de \u00c1frica v\u00e3o pairar esta semana, DGS alerta para riscos para a sa\u00fade<br \/>\u00a9 Ana Rocio Garcia Franco\/Getty Images<\/p><\/div>\n<p style=\"text-align: justify;\">O fen\u00f3meno vai provocar um aumento das part\u00edculas inal\u00e1veis (PM10) na atmosfera, um poluente que pode ter impacto na sa\u00fade, <strong>sobretudo nas popula\u00e7\u00f5es mais vulner\u00e1veis.<\/strong><\/p>\n<p style=\"text-align: justify;\">Crian\u00e7as, idosos e doentes com problemas respirat\u00f3rios ou cardiovasculares est\u00e3o entre os grupos mais afectados, sendo aconselhados a adoptar cuidados acrescidos durante este per\u00edodo.<\/p>\n<p class=\"article-sub-heading\" style=\"text-align: justify;\"><span style=\"font-family: Aldrich; font-size: 20px;\">Cuidados a ter durante o fen\u00f3meno<\/span><\/p>\n<p style=\"text-align: justify;\">A <a href=\"https:\/\/www.dgs.pt\/em-destaque\/ocorrencia-de-situacao-de-fraca-qualidade-do-ar-recomendacoes-da-dgs14.aspx\" target=\"_blank\" rel=\"noopener noreferrer\" data-t=\"{&quot;n&quot;:&quot;destination&quot;,&quot;t&quot;:13,&quot;a&quot;:&quot;click&quot;,&quot;b&quot;:1,&quot;c.t&quot;:7}\">Direc\u00e7\u00e3o-Geral da Sa\u00fade<\/a> recomenda \u00e0 popula\u00e7\u00e3o em geral que <strong>evite esfor\u00e7os prolongados e reduza a actividade f\u00edsica ao ar livre, bem como a exposi\u00e7\u00e3o a factores de risco<\/strong>, como o fumo do tabaco ou produtos irritantes.<\/p>\n<p style=\"text-align: justify;\">J\u00e1 as pessoas mais vulner\u00e1veis devem, sempre que poss\u00edvel, <strong>permanecer no interior dos edif\u00edcios e manter as janelas fechadas<\/strong>, de forma a minimizar a exposi\u00e7\u00e3o \u00e0s poeiras em suspens\u00e3o.<\/p>\n<p style=\"text-align: justify;\">A autoridade de sa\u00fade sublinha ainda a import\u00e2ncia de manter os tratamentos m\u00e9dicos, no caso de doentes cr\u00f3nicos, <strong>e alerta para a necessidade de procurar ajuda em caso de agravamento de sintomas<\/strong>, atrav\u00e9s da Linha Sa\u00fade 24 ou de um servi\u00e7o de sa\u00fade.<\/p>\n<p style=\"text-align: justify;\">A evolu\u00e7\u00e3o da qualidade do ar pode ser acompanhada atrav\u00e9s da informa\u00e7\u00e3o disponibilizada pela <a href=\"https:\/\/apambiente.pt\/\" target=\"_blank\" rel=\"noopener noreferrer\" data-t=\"{&quot;n&quot;:&quot;destination&quot;,&quot;t&quot;:13,&quot;a&quot;:&quot;click&quot;,&quot;b&quot;:1,&quot;c.t&quot;:7}\">Ag\u00eancia Portuguesa do Ambiente<\/a> ou pela aplica\u00e7\u00e3o <a href=\"https:\/\/qualar.apambiente.pt\/intro\" target=\"_blank\" rel=\"noopener noreferrer\" data-t=\"{&quot;n&quot;:&quot;destination&quot;,&quot;t&quot;:13,&quot;a&quot;:&quot;click&quot;,&quot;b&quot;:1,&quot;c.t&quot;:7}\">QualAr.<\/a><\/p>\n<p style=\"text-align: justify;\"><a href=\"https:\/\/www.msn.com\/pt-pt\/noticias\/ultimas\/poeiras-de-%C3%A1frica-v%C3%A3o-pairar-esta-semana-dgs-alerta-para-riscos-para-a-sa%C3%BAde\/ar-AA20h6KR\" target=\"_blank\" rel=\"noopener\">SIC Not\u00edcias<\/a><br \/>\nVer\u00f3nica Moreira<br \/>\n06.04.2026<\/p>\n<p>Visita:\u00a0<a href=\"https:\/\/www.counter12.com\"><img decoding=\"async\" src=\"https:\/\/www.counter12.com\/img-89WCxYyaZ1z875ZW-22.gif\" alt=\"free counter\" border=\"0\" \/><\/a><\/p>\n<p style=\"text-align: justify;\"><div class=\"note\"><div class=\"notewarning\">- Neste Blogue, escreve-se em Portugu\u00eas \ud83c\uddf5\ud83c\uddf9 de Portugal (n\u00e3o adulterado pela coloniza\u00e7\u00e3o do AO).<\/div><\/div><\/p>\n<p><img loading=\"lazy\" decoding=\"async\" class=\"alignnone wp-image-1223\" src=\"https:\/\/inforgomes.pt\/cozinha\/wp-content\/uploads\/2023\/11\/0-coracao_transp.png\" alt=\"\" width=\"136\" height=\"122\" \/><img loading=\"lazy\" decoding=\"async\" class=\"alignnone wp-image-1758\" src=\"https:\/\/inforgomes.pt\/cozinha\/wp-content\/uploads\/2024\/03\/nao-AO.png\" alt=\"\" width=\"128\" height=\"128\" \/><img loading=\"lazy\" decoding=\"async\" class=\"alignnone wp-image-1791\" src=\"https:\/\/inforgomes.pt\/cozinha\/wp-content\/uploads\/2024\/03\/meio-ambiente.png\" alt=\"\" width=\"127\" height=\"130\" \/><\/p>\n<p>&nbsp;<\/p>\n<div class=\"pvc_clear\"><\/div>\n<p id=\"pvc_stats_1290\" class=\"pvc_stats all  \" data-element-id=\"1290\" style=\"\"><i class=\"pvc-stats-icon medium\" aria-hidden=\"true\"><svg aria-hidden=\"true\" focusable=\"false\" data-prefix=\"far\" data-icon=\"chart-bar\" role=\"img\" xmlns=\"http:\/\/www.w3.org\/2000\/svg\" viewBox=\"0 0 512 512\" class=\"svg-inline--fa fa-chart-bar fa-w-16 fa-2x\"><path fill=\"currentColor\" d=\"M396.8 352h22.4c6.4 0 12.8-6.4 12.8-12.8V108.8c0-6.4-6.4-12.8-12.8-12.8h-22.4c-6.4 0-12.8 6.4-12.8 12.8v230.4c0 6.4 6.4 12.8 12.8 12.8zm-192 0h22.4c6.4 0 12.8-6.4 12.8-12.8V140.8c0-6.4-6.4-12.8-12.8-12.8h-22.4c-6.4 0-12.8 6.4-12.8 12.8v198.4c0 6.4 6.4 12.8 12.8 12.8zm96 0h22.4c6.4 0 12.8-6.4 12.8-12.8V204.8c0-6.4-6.4-12.8-12.8-12.8h-22.4c-6.4 0-12.8 6.4-12.8 12.8v134.4c0 6.4 6.4 12.8 12.8 12.8zM496 400H48V80c0-8.84-7.16-16-16-16H16C7.16 64 0 71.16 0 80v336c0 17.67 14.33 32 32 32h464c8.84 0 16-7.16 16-16v-16c0-8.84-7.16-16-16-16zm-387.2-48h22.4c6.4 0 12.8-6.4 12.8-12.8v-70.4c0-6.4-6.4-12.8-12.8-12.8h-22.4c-6.4 0-12.8 6.4-12.8 12.8v70.4c0 6.4 6.4 12.8 12.8 12.8z\" class=\"\"><\/path><\/svg><\/i> <img loading=\"lazy\" decoding=\"async\" width=\"16\" height=\"16\" alt=\"Loading\" src=\"https:\/\/inforgomes.pt\/social\/wp-content\/plugins\/page-views-count\/ajax-loader-2x.gif\" border=0 \/><\/p>\n<div class=\"pvc_clear\"><\/div>\n","protected":false},"excerpt":{"rendered":"<p>1 0 &nbsp; \ud83c\uddf5\ud83c\uddf9\u00a0PORTUGAL \/\/ POEIRAS DE \u00c1FRICA Uma massa de poeiras proveniente dos desertos do Norte de \u00c1frica est\u00e1 a atravessar Portugal Continental e dever\u00e1 manter-se at\u00e9 \u00e0 pr\u00f3xima quinta-feira, levando a um agravamento da qualidade do ar, alertou &hellip; <a href=\"https:\/\/inforgomes.pt\/social\/poeiras-de-africa-vao-pairar-esta-semana-dgs-alerta-para-riscos-para-a-saude\/\">Continue reading <span class=\"meta-nav\">&rarr;<\/span><\/a><\/p>\n<div class=\"pvc_clear\"><\/div>\n<p id=\"pvc_stats_1290\" class=\"pvc_stats all  \" data-element-id=\"1290\" style=\"\"><i class=\"pvc-stats-icon medium\" aria-hidden=\"true\"><svg aria-hidden=\"true\" focusable=\"false\" data-prefix=\"far\" data-icon=\"chart-bar\" role=\"img\" xmlns=\"http:\/\/www.w3.org\/2000\/svg\" viewBox=\"0 0 512 512\" class=\"svg-inline--fa fa-chart-bar fa-w-16 fa-2x\"><path fill=\"currentColor\" d=\"M396.8 352h22.4c6.4 0 12.8-6.4 12.8-12.8V108.8c0-6.4-6.4-12.8-12.8-12.8h-22.4c-6.4 0-12.8 6.4-12.8 12.8v230.4c0 6.4 6.4 12.8 12.8 12.8zm-192 0h22.4c6.4 0 12.8-6.4 12.8-12.8V140.8c0-6.4-6.4-12.8-12.8-12.8h-22.4c-6.4 0-12.8 6.4-12.8 12.8v198.4c0 6.4 6.4 12.8 12.8 12.8zm96 0h22.4c6.4 0 12.8-6.4 12.8-12.8V204.8c0-6.4-6.4-12.8-12.8-12.8h-22.4c-6.4 0-12.8 6.4-12.8 12.8v134.4c0 6.4 6.4 12.8 12.8 12.8zM496 400H48V80c0-8.84-7.16-16-16-16H16C7.16 64 0 71.16 0 80v336c0 17.67 14.33 32 32 32h464c8.84 0 16-7.16 16-16v-16c0-8.84-7.16-16-16-16zm-387.2-48h22.4c6.4 0 12.8-6.4 12.8-12.8v-70.4c0-6.4-6.4-12.8-12.8-12.8h-22.4c-6.4 0-12.8 6.4-12.8 12.8v70.4c0 6.4 6.4 12.8 12.8 12.8z\" class=\"\"><\/path><\/svg><\/i> <img loading=\"lazy\" decoding=\"async\" width=\"16\" height=\"16\" alt=\"Loading\" src=\"https:\/\/inforgomes.pt\/social\/wp-content\/plugins\/page-views-count\/ajax-loader-2x.gif\" border=0 \/><\/p>\n<div class=\"pvc_clear\"><\/div>\n","protected":false},"author":1,"featured_media":0,"comment_status":"open","ping_status":"open","sticky":false,"template":"","format":"standard","meta":{"footnotes":""},"categories":[332,52,289,14,107],"tags":[],"class_list":["post-1290","post","type-post","status-publish","format-standard","hentry","category-abril-2026","category-meteorologia","category-poeiras-saara","category-portugal","category-sic-noticias"],"a3_pvc":{"activated":true,"total_views":3,"today_views":0},"_links":{"self":[{"href":"https:\/\/inforgomes.pt\/social\/wp-json\/wp\/v2\/posts\/1290","targetHints":{"allow":["GET"]}}],"collection":[{"href":"https:\/\/inforgomes.pt\/social\/wp-json\/wp\/v2\/posts"}],"about":[{"href":"https:\/\/inforgomes.pt\/social\/wp-json\/wp\/v2\/types\/post"}],"author":[{"embeddable":true,"href":"https:\/\/inforgomes.pt\/social\/wp-json\/wp\/v2\/users\/1"}],"replies":[{"embeddable":true,"href":"https:\/\/inforgomes.pt\/social\/wp-json\/wp\/v2\/comments?post=1290"}],"version-history":[{"count":1,"href":"https:\/\/inforgomes.pt\/social\/wp-json\/wp\/v2\/posts\/1290\/revisions"}],"predecessor-version":[{"id":1292,"href":"https:\/\/inforgomes.pt\/social\/wp-json\/wp\/v2\/posts\/1290\/revisions\/1292"}],"wp:attachment":[{"href":"https:\/\/inforgomes.pt\/social\/wp-json\/wp\/v2\/media?parent=1290"}],"wp:term":[{"taxonomy":"category","embeddable":true,"href":"https:\/\/inforgomes.pt\/social\/wp-json\/wp\/v2\/categories?post=1290"},{"taxonomy":"post_tag","embeddable":true,"href":"https:\/\/inforgomes.pt\/social\/wp-json\/wp\/v2\/tags?post=1290"}],"curies":[{"name":"wp","href":"https:\/\/api.w.org\/{rel}","templated":true}]}}