{"id":1293,"date":"2026-04-07T19:02:16","date_gmt":"2026-04-07T18:02:16","guid":{"rendered":"https:\/\/inforgomes.pt\/social\/?p=1293"},"modified":"2026-04-07T19:02:16","modified_gmt":"2026-04-07T18:02:16","slug":"o-mp-tem-medo-de-andre-ventura","status":"publish","type":"post","link":"https:\/\/inforgomes.pt\/social\/o-mp-tem-medo-de-andre-ventura\/","title":{"rendered":"O MP tem medo de Andr\u00e9 Ventura?"},"content":{"rendered":"<div class=\"pld-like-dislike-wrap pld-template-1\">\r\n    <div class=\"pld-like-wrap  pld-common-wrap\">\r\n    <a href=\"javascript:void(0)\" class=\"pld-like-trigger pld-like-dislike-trigger  \" title=\"Gosto\" data-post-id=\"1293\" data-trigger-type=\"like\" data-restriction=\"no\" data-already-liked=\"0\">\r\n                        <i class=\"fas fa-thumbs-up\"><\/i>\r\n                <\/a>\r\n    <span class=\"pld-like-count-wrap pld-count-wrap\">1    <\/span>\r\n<\/div><div class=\"pld-dislike-wrap  pld-common-wrap\">\r\n    <a href=\"javascript:void(0)\" class=\"pld-dislike-trigger pld-like-dislike-trigger  \" title=\"N\u00e3o gosto\" data-post-id=\"1293\" data-trigger-type=\"dislike\" data-restriction=\"no\" data-already-liked=\"0\">\r\n                        <i class=\"fas fa-thumbs-down\"><\/i>\r\n                <\/a>\r\n    <span class=\"pld-dislike-count-wrap pld-count-wrap\">0<\/span>\r\n<\/div><\/div><p>&nbsp;<\/p>\n<p><span style=\"font-size: 20px; font-family: Aldrich; color: #ff0000;\" data-darkreader-inline-color=\"\"><span style=\"font-size: 36px;\">\ud83c\uddf5\ud83c\uddf9<\/span>\u00a0OPINI\u00c3O<\/span><\/p>\n<p style=\"text-align: justify;\"><em><span style=\"font-size: 20px;\">Desde que Ventura iniciou a sua j\u00e1 longa carreira de discrimina\u00e7\u00e3o e incitamento ao \u00f3dio, n\u00e3o houve uma vez em que o Minist\u00e9rio P\u00fablico visse no que diz e faz o crime do mesmo nome. Ser\u00e1 medo ou outra coisa?<\/span> <\/em><\/p>\n<p style=\"text-align: justify;\"><strong><img loading=\"lazy\" decoding=\"async\" class=\"alignleft size-full wp-image-1294\" src=\"https:\/\/inforgomes.pt\/social\/wp-content\/uploads\/2026\/04\/FernandaCancio106.png\" alt=\"\" width=\"106\" height=\"106\" \/>&#8220;Dou mil contos a quem me trouxer um cigano s\u00e9rio&#8221; e &#8220;a maioria dos ciganos rouba\u201d.<\/strong><\/p>\n<p style=\"text-align: justify;\">Se disser que estas duas frases foram proferidas por um pol\u00edtico, o mais certo \u00e9 que quem me l\u00ea avente tratar-se de algu\u00e9m do Chega. N\u00e3o \u00e9 o caso; o autor, de nome Armando Costa, estava no PSD e era autarca, presidente de Junta de Freguesia de Gandra, quando as proclamou, em plena Assembleia Municipal de Paredes, h\u00e1 quase 30 anos.<\/p>\n<p style=\"text-align: justify;\">N\u00e3o \u00e9 por\u00e9m ser do PSD e ter dito algo de extremamente racista que justifica traz\u00ea-lo \u00e0 cola\u00e7\u00e3o: afinal, Andr\u00e9 Ventura era candidato por esse mesmo partido \u00e0 C\u00e2mara de Loures quando em 2017 iniciou a sua fulgurante carreira pol\u00edtica usando, precisamente, o discurso racista contra\u00a0os ciganos como trampolim.<\/p>\n<p style=\"text-align: justify;\">Armando Costa interessa por outro motivo, muit\u00edssimo mais raro: foi condenado, em processo crime, pelo que disse. Em 2002, <a href=\"https:\/\/www.publico.pt\/2002\/02\/28\/jornal\/exautarca-foi-o-primeiro-portugues-a-ser-condenado-por-discriminacao-racial-167883\" target=\"_blank\" rel=\"noopener\" aria-label=\"content\">o Tribunal Judicial de Paredes aplicou-lhe uma pena de nove meses de pris\u00e3o<\/a>, suspensa, por discrimina\u00e7\u00e3o racial (crime previsto no artigo 240\u00ba do C\u00f3digo Penal, cujo t\u00edtulo actual \u00e9 \u201cDiscrimina\u00e7\u00e3o e Incitamento ao \u00f3dio e \u00e0 viol\u00eancia\u201d).<\/p>\n<p style=\"text-align: justify;\">Durante o julgamento, o autarca, que j\u00e1 antes garantira \u00e0 Lusa n\u00e3o ser racista, aproveitando, na entrevista, para se incriminar mais \u2014 acusou \u201cos ciganos\u201d de viverem \u201cmuito \u00e0 volta de habilidades e da droga\u201d, perguntou &#8220;J\u00e1 viu algum cigano a trabalhar numa empresa?\u201d e concluiu: \u201cSe eu estivesse a falar de Lisboa, referia-me aos negros, que l\u00e1 s\u00e3o muitos e toda a gente sabe que roubam mais\u201d \u2014 jurou, <a href=\"https:\/\/www.publico.pt\/2002\/02\/28\/jornal\/exautarca-foi-o-primeiro-portugues-a-ser-condenado-por-discriminacao-racial-167883\" target=\"_blank\" rel=\"noopener\" aria-label=\"content\">de acordo com o relato que ent\u00e3o fez o <\/a><em><a href=\"https:\/\/www.publico.pt\/2002\/02\/28\/jornal\/exautarca-foi-o-primeiro-portugues-a-ser-condenado-por-discriminacao-racial-167883\" target=\"_blank\" rel=\"noopener\" aria-label=\"content\">P\u00fablico<\/a><\/em>, que nem sabia o que tal palavra significava e at\u00e9 tinha, imagine-se, uma empregada dom\u00e9stica negra.<\/p>\n<p style=\"text-align: justify;\">Sabendo ou n\u00e3o Armando o significado de racismo, o tribunal sentenciou que, malgrado &#8220;o tipo objectivo\u201d do crime descrito no artigo 240\u00ba \u201cser estruturalmente muito complexo&#8221;, era claro que <strong>as express\u00f5es proferidas pelo arguido imputavam &#8220;factos ou ju\u00edzos de valor gravemente atentat\u00f3rio da honra e considera\u00e7\u00e3o de dois grupos de pessoas\u201d, a saber, \u201cos ciganos&#8221; e \u201cos negros\u201d.<\/strong> Foi tamb\u00e9m evidente para o tribunal a exist\u00eancia de <strong>inten\u00e7\u00e3o de incitar \u00e0 discrimina\u00e7\u00e3o racial ou de a encorajar, j\u00e1 que enquanto presidente da junta quisera convencer a Assembleia Municipal \u201ca recusar ao povo cigano o exerc\u00edcio de direitos fundamentais\u201d<\/strong>.<\/p>\n<p style=\"text-align: justify;\">Sim, <strong>Armando Costa, o primeiro e \u00fanico pol\u00edtico at\u00e9 hoje condenado pelo crime de discrimina\u00e7\u00e3o racial, era Chega antes do Chega<\/strong>. Vejam-se as declara\u00e7\u00f5es g\u00e9meas do presidente da C\u00e2mara de Albufeira, Rui Cristina, que a 26 de Novembro de 2025, tamb\u00e9m na Assembleia Municipal, disse: \u201c<strong>N\u00e3o vou gastar dinheiro com a etnia cigana<\/strong> enquanto tenho albufeirenses com necessidade de casa. Podem chamar-me xen\u00f3fobo ou o que quiserem! <strong>Primeiro estamos n\u00f3s, que pagamos impostos, e depois estas comunidades<\/strong>. \u00c9 t\u00e3o simples como estou a dizer e \u00e9 assim que vai ser.\u201d<\/p>\n<p style=\"text-align: justify;\">Cristina est\u00e1, foi noticiado, a ser investigado pelo Minist\u00e9rio P\u00fablico (MP) pelo mesmo crime pelo qual o autarca de Gandra foi condenado. Mas a compara\u00e7\u00e3o termina aqui: se o MP acusar o presidente da C\u00e2mara de Albufeira, ser\u00e1 a primeira vez em d\u00e9cadas que acusa um pol\u00edtico pelo crime em causa, e uma estreia absoluta no que respeita ao Chega. O que \u00e9 tanto mais not\u00e1vel quando <strong>grande parte do discurso pol\u00edtico deste partido consiste em apelar \u00e0 discrimina\u00e7\u00e3o, difamar grupos vulner\u00e1veis e incitar ao \u00f3dio<\/strong>.<\/p>\n<p style=\"text-align: justify;\">E tanto mais ir\u00f3nico quando em 2002, em reac\u00e7\u00e3o \u00e0 condena\u00e7\u00e3o de Armando Costa, o ent\u00e3o alto-comiss\u00e1rio para a Imigra\u00e7\u00e3o e as Minorias \u00c9tnicas, Jos\u00e9 Leit\u00e3o, se congratulava, em declara\u00e7\u00f5es ao <em>P\u00fablico<\/em>, com o que via como \u201cuma cada vez mais exigente sensibilidade social contra a discrimina\u00e7\u00e3o racial\u201d, que iria \u201cna linha do aperfei\u00e7oamento legislativo nesta mat\u00e9ria\u201d.<\/p>\n<p style=\"text-align: justify;\">24 anos depois, malgrado um enorme acr\u00e9scimo nas participa\u00e7\u00f5es \u2014 <strong>s\u00f3 <a href=\"https:\/\/www.dn.pt\/sociedade\/crimes-de-dio-aumentam-2236-numa-dcada-em-2025-12-suspeitos-tinham-menos-de-16-anos\" target=\"_blank\" rel=\"noopener\" aria-label=\"content\">entre 2015 e 2025 aumentaram 2236%, de 15 para 449<\/a><\/strong> \u2014, s\u00e3o ainda muito poucos os inqu\u00e9ritos por este crime que terminam em acusa\u00e7\u00e3o. Quantos, ali\u00e1s, n\u00e3o foi poss\u00edvel perceber, j\u00e1 que a informa\u00e7\u00e3o comunicada pela Procuradoria-Geral da Rep\u00fablica (PGR) ao DN sobre acusa\u00e7\u00f5es por \u201ccrimes de \u00f3dio\u201d \u2014 26 desde 2020 \u2014 inclui outros crimes motivados de \u00f3dio, n\u00e3o apenas os referentes ao artigo 240\u00ba.<\/p>\n<p style=\"text-align: justify;\">Esta aus\u00eancia de informa\u00e7\u00e3o \u2014 p\u00fablica, pelo menos \u2014 \u00e9 tanto mais bizarra quando <strong>a lei de pol\u00edtica criminal enfatiza desde 2023 \u201ca\u00a0necessidade de preven\u00e7\u00e3o e de repress\u00e3o\u201d dos \u201ccrimes de \u00f3dio\u201d, e o \u00faltimo Relat\u00f3rio Anual de Seguran\u00e7a Interna (RASI) atribui o acr\u00e9scimo dos registos por esses crimes a uma maior \u201ccrispa\u00e7\u00e3o da sociedade portuguesa\u201d decorrente da \u201cpolariza\u00e7\u00e3o pol\u00edtica, racial, religiosa, e\/ou sexual\u201d acompanhada de \u201cfen\u00f3menos de desinforma\u00e7\u00e3o\u201d.<\/strong><\/p>\n<p style=\"text-align: justify;\">E o RASI vai mais longe, acusando, no cap\u00edtulo das \u201cAmea\u00e7as globais \u00e0 seguran\u00e7a interna\u201d, <strong>a extrema-direita de procurar \u201cprovocar e confrontar abertamente os seus alvos, a fim de retirar benef\u00edcios eleitorais da polariza\u00e7\u00e3o da sociedade portuguesa em torno de temas fracturantes da sua agenda pol\u00edtica\u201d, e, \u201cao disseminar\u00a0 propaganda e desinforma\u00e7\u00e3o <\/strong><em><strong>online<\/strong><\/em><strong>\u201d<\/strong><em><strong>,<\/strong><\/em><strong> continuar \u201ca promover a normaliza\u00e7\u00e3o do discurso p\u00fablico da discrimina\u00e7\u00e3o, do \u00f3dio e de ideias antidemocr\u00e1ticas, contribuindo para suscitar comportamentos racistas ou xen\u00f3fobos, e radicalizar militantes e simpatizantes para a ac\u00e7\u00e3o violenta.\u201d<\/strong><\/p>\n<p style=\"text-align: justify;\">\u201cPromover a normaliza\u00e7\u00e3o do discurso p\u00fablico da discrimina\u00e7\u00e3o, do \u00f3dio e das ideias antidemocr\u00e1ticas\u201d \u00e9 o que faz o Chega diariamente \u2014 \u00e9 a sua receita, mais que comprovada e assumida em milhares de declara\u00e7\u00f5es, tuites, posts no Instagram e tiktoks. No entanto todos os inqu\u00e9ritos criminais at\u00e9 agora instaurados contra dirigentes do partido ou foram arquivados sumariamente pelo MP, sem sequer constitui\u00e7\u00e3o de arguidos, ou estar\u00e3o a caminho do mesmo destino, j\u00e1 que, \u00e0 excep\u00e7\u00e3o do que tem as declara\u00e7\u00f5es de Rui Cristina como objecto, n\u00e3o se lhes conhecem quaisquer dilig\u00eancias.<\/p>\n<p style=\"text-align: justify;\">Foi assim com o inqu\u00e9rito-crime aberto em 2021, devido a Ventura, enquanto candidato presidencial, ter, <strong>durante um debate televisivo com Marcelo Rebelo de Sousa, exibido uma foto de sete pessoas negras com o Presidente, clamando que Marcelo ali estava com \u201cbandidos\u201d e \u201cbandidagem\u201d<\/strong>; foi assim com o inqu\u00e9rito relativo aos <strong>cartazes da campanha presidencial do mesmo Ventura, nos quais se lia \u201cOs ciganos t\u00eam de cumprir a lei\u201d, \u201cOs imigrantes n\u00e3o podem viver de subs\u00eddios\u201d e \u201cIsto n\u00e3o \u00e9 o Bangladesh\u201d<\/strong>. Nos dois casos, o MP arquivou sem sequer constituir o presidente do Chega arguido (condi\u00e7\u00e3o para a qual \u00e9 necess\u00e1rio requerer o levantamento da respectiva imunidade parlamentar, o que n\u00e3o sucedeu).<\/p>\n<p style=\"text-align: justify;\">Tamb\u00e9m quando Ventura e a deputada do mesmo partido Rita Matias <strong>recitaram, em Julho de 2025, como indesej\u00e1veis e escandalosos e com evidente inten\u00e7\u00e3o discriminat\u00f3ria, os nomes de crian\u00e7as estrangeiras alegadamente matriculadas num jardim de inf\u00e2ncia de Lisboa<\/strong>, foi instaurado um inqu\u00e9rito-crime, no qual os dois parlamentares n\u00e3o ter\u00e3o, at\u00e9 \u00e0 data, sido constitu\u00eddo arguidos.<\/p>\n<p style=\"text-align: justify;\">Igualmente sem arguidos estar\u00e1 (mais uma vez, n\u00e3o h\u00e1 not\u00edcia de pedidos de levantamento de imunidade) <a href=\"https:\/\/www.dn.pt\/sociedade\/queixa-crime-contra-ventura-e-pinto-junta-mais-de-50-mil-subscritores-mp-abriu-inquerito\" target=\"_blank\" rel=\"noopener\" aria-label=\"content\">o inqu\u00e9rito aberto em Outubro de 2024 a tr\u00eas membros do Chega, todos actuais deputados<\/a> \u2014 Andr\u00e9 Ventura, Pedro Pinto e Ricardo Reis \u2014 por <strong>declara\u00e7\u00f5es congratulat\u00f3rias a prop\u00f3sito da morte de Odair Moniz, baleado por um agente da PSP<\/strong>.<\/p>\n<p style=\"text-align: justify;\">De notar, de resto, que apesar de o crime tipificado no artigo 240\u00ba n\u00e3o depender de queixa \u2014 o MP pode abrir autonomamente inqu\u00e9ritos \u2014 em nenhum dos casos relativos ao Chega e a Ventura ter\u00e1 sido o caso.<\/p>\n<p style=\"text-align: justify;\">Temos pois de perguntar porqu\u00ea \u2014 tanto mais que, como se sabe, a justi\u00e7a c\u00edvel considerou, em decis\u00f5es de tribunais superiores, il\u00edcitas, <a href=\"https:\/\/www.dn.pt\/arquivo\/diario-de-noticias\/chega-e-ventura-pediam-a-supremo-que-negasse-o-seu-racismo-este-manteve-condenacao-14385465.html\" target=\"_blank\" rel=\"noopener\" aria-label=\"content\">por discriminat\u00f3rias<\/a> e <a href=\"https:\/\/www.dn.pt\/sociedade\/tribunal-da-relao-confirma-ordem-de-retirada-de-cartazes-de-ventura\" target=\"_blank\" rel=\"noopener\" aria-label=\"content\">difamat\u00f3rias<\/a>, ac\u00e7\u00f5es de Ventura nas quais o MP n\u00e3o viu ind\u00edcio de crime (a cal\u00fania televisiva \u00e0 fam\u00edlia negra do bairro da Jamaica e os cartazes contra a comunidade cigana).<\/p>\n<p style=\"text-align: justify;\"><strong>Ser\u00e1 que o Minist\u00e9rio P\u00fablico acha que o crime de discrimina\u00e7\u00e3o e incita\u00e7\u00e3o ao \u00f3dio n\u00e3o deveria existir, e portanto age como se n\u00e3o existisse?<\/strong><\/p>\n<p style=\"text-align: justify;\">Ou, como se retira do <a href=\"https:\/\/www.dn.pt\/sociedade\/inqurito-a-cartazes-de-ventura-arquivado-podem-ser-ilcitos-mas-no-so-crime-diz-mp\" target=\"_blank\" rel=\"noopener\" aria-label=\"content\">inacredit\u00e1vel despacho de arquivamento no caso dos cartazes<\/a>, defende, contra a jurisprud\u00eancia do Tribunal Europeu dos Direitos Humanos (que o procurador invoca de forma capciosa, ignorando os ac\u00f3rd\u00e3os relevantes, que contrariam a sua tese) que <strong>o crime n\u00e3o se deve aplicar a pol\u00edticos por algo que digam \u201cenquanto pol\u00edticos\u201d<\/strong>?<\/p>\n<p style=\"text-align: justify;\">Segundo tal l\u00f3gica, quanto maior o perigo, pela difus\u00e3o e pela capacidade de influ\u00eancia e de dano do discurso de \u00f3dio, menos a lei se poderia aplicar?<\/p>\n<p style=\"text-align: justify;\">Claro que n\u00e3o \u00e9 assim: tanto o legislador previu a aplica\u00e7\u00e3o do artigo 240\u00ba a pol\u00edticos que determinou que quem for por ele condenado pode, \u201catenta a concreta gravidade do facto e a sua projec\u00e7\u00e3o na idoneidade c\u00edvica do agente\u201d, ser incapacitado, por per\u00edodo de dois a dez anos, \u201cpara eleger o Presidente da Rep\u00fablica, os deputados \u00e0 Assembleia da Rep\u00fablica, os deputados ao Parlamento Europeu, os deputados \u00e0s Assembleias Legislativas das Regi\u00f5es Aut\u00f3nomas e os titulares dos \u00f3rg\u00e3os das autarquias locais&#8221; e &#8220;<strong>para ser eleito como tal<\/strong> (&#8230;).\u201d<\/p>\n<p style=\"text-align: justify;\"><strong>Tal como a Constitui\u00e7\u00e3o da Rep\u00fablica pro\u00edbe a exist\u00eancia de partidos racistas, o C\u00f3digo Penal, atrav\u00e9s do artigo 246\u00ba, permite retirar direitos civis a racistas e instigadores de \u00f3dio, impedindo-os de eleger e de serem eleg\u00edveis<\/strong>. Caso para dizer, emulando Armando Costa: alv\u00edssaras a quem encontrar um procurador com coragem.<\/p>\n<p style=\"text-align: justify;\"><a href=\"https:\/\/www.dn.pt\/opiniao-dn\/opiniao\/o-mp-tem-medo-de-andr-ventura\" target=\"_blank\" rel=\"noopener\">Di\u00e1rio de Not\u00edcias<\/a><br \/>\nFernanda C\u00e2ncio<br \/>\n07.04.2026<\/p>\n<p>Visita:\u00a0<a href=\"https:\/\/www.counter12.com\"><img decoding=\"async\" src=\"https:\/\/www.counter12.com\/img-89WCxYyaZ1z875ZW-22.gif\" alt=\"free counter\" border=\"0\" \/><\/a><\/p>\n<p style=\"text-align: justify;\"><div class=\"note\"><div class=\"notewarning\">- Neste Blogue, escreve-se em Portugu\u00eas \ud83c\uddf5\ud83c\uddf9 de Portugal (n\u00e3o adulterado pela coloniza\u00e7\u00e3o do AO).<\/div><\/div><\/p>\n<p><img loading=\"lazy\" decoding=\"async\" class=\"alignnone wp-image-1223\" src=\"https:\/\/inforgomes.pt\/cozinha\/wp-content\/uploads\/2023\/11\/0-coracao_transp.png\" alt=\"\" width=\"136\" height=\"122\" \/><img loading=\"lazy\" decoding=\"async\" class=\"alignnone wp-image-1758\" src=\"https:\/\/inforgomes.pt\/cozinha\/wp-content\/uploads\/2024\/03\/nao-AO.png\" alt=\"\" width=\"128\" height=\"128\" \/><img loading=\"lazy\" decoding=\"async\" class=\"alignnone wp-image-1791\" src=\"https:\/\/inforgomes.pt\/cozinha\/wp-content\/uploads\/2024\/03\/meio-ambiente.png\" alt=\"\" width=\"127\" height=\"130\" \/><\/p>\n<p>&nbsp;<\/p>\n<div class=\"pvc_clear\"><\/div>\n<p id=\"pvc_stats_1293\" class=\"pvc_stats all  \" data-element-id=\"1293\" style=\"\"><i class=\"pvc-stats-icon medium\" aria-hidden=\"true\"><svg aria-hidden=\"true\" focusable=\"false\" data-prefix=\"far\" data-icon=\"chart-bar\" role=\"img\" xmlns=\"http:\/\/www.w3.org\/2000\/svg\" viewBox=\"0 0 512 512\" class=\"svg-inline--fa fa-chart-bar fa-w-16 fa-2x\"><path fill=\"currentColor\" d=\"M396.8 352h22.4c6.4 0 12.8-6.4 12.8-12.8V108.8c0-6.4-6.4-12.8-12.8-12.8h-22.4c-6.4 0-12.8 6.4-12.8 12.8v230.4c0 6.4 6.4 12.8 12.8 12.8zm-192 0h22.4c6.4 0 12.8-6.4 12.8-12.8V140.8c0-6.4-6.4-12.8-12.8-12.8h-22.4c-6.4 0-12.8 6.4-12.8 12.8v198.4c0 6.4 6.4 12.8 12.8 12.8zm96 0h22.4c6.4 0 12.8-6.4 12.8-12.8V204.8c0-6.4-6.4-12.8-12.8-12.8h-22.4c-6.4 0-12.8 6.4-12.8 12.8v134.4c0 6.4 6.4 12.8 12.8 12.8zM496 400H48V80c0-8.84-7.16-16-16-16H16C7.16 64 0 71.16 0 80v336c0 17.67 14.33 32 32 32h464c8.84 0 16-7.16 16-16v-16c0-8.84-7.16-16-16-16zm-387.2-48h22.4c6.4 0 12.8-6.4 12.8-12.8v-70.4c0-6.4-6.4-12.8-12.8-12.8h-22.4c-6.4 0-12.8 6.4-12.8 12.8v70.4c0 6.4 6.4 12.8 12.8 12.8z\" class=\"\"><\/path><\/svg><\/i> <img loading=\"lazy\" decoding=\"async\" width=\"16\" height=\"16\" alt=\"Loading\" src=\"https:\/\/inforgomes.pt\/social\/wp-content\/plugins\/page-views-count\/ajax-loader-2x.gif\" border=0 \/><\/p>\n<div class=\"pvc_clear\"><\/div>\n","protected":false},"excerpt":{"rendered":"<p>1 0 &nbsp; \ud83c\uddf5\ud83c\uddf9\u00a0OPINI\u00c3O Desde que Ventura iniciou a sua j\u00e1 longa carreira de discrimina\u00e7\u00e3o e incitamento ao \u00f3dio, n\u00e3o houve uma vez em que o Minist\u00e9rio P\u00fablico visse no que diz e faz o crime do mesmo nome. Ser\u00e1 &hellip; <a href=\"https:\/\/inforgomes.pt\/social\/o-mp-tem-medo-de-andre-ventura\/\">Continue reading <span class=\"meta-nav\">&rarr;<\/span><\/a><\/p>\n<div class=\"pvc_clear\"><\/div>\n<p id=\"pvc_stats_1293\" class=\"pvc_stats all  \" data-element-id=\"1293\" style=\"\"><i class=\"pvc-stats-icon medium\" aria-hidden=\"true\"><svg aria-hidden=\"true\" focusable=\"false\" data-prefix=\"far\" data-icon=\"chart-bar\" role=\"img\" xmlns=\"http:\/\/www.w3.org\/2000\/svg\" viewBox=\"0 0 512 512\" class=\"svg-inline--fa fa-chart-bar fa-w-16 fa-2x\"><path fill=\"currentColor\" d=\"M396.8 352h22.4c6.4 0 12.8-6.4 12.8-12.8V108.8c0-6.4-6.4-12.8-12.8-12.8h-22.4c-6.4 0-12.8 6.4-12.8 12.8v230.4c0 6.4 6.4 12.8 12.8 12.8zm-192 0h22.4c6.4 0 12.8-6.4 12.8-12.8V140.8c0-6.4-6.4-12.8-12.8-12.8h-22.4c-6.4 0-12.8 6.4-12.8 12.8v198.4c0 6.4 6.4 12.8 12.8 12.8zm96 0h22.4c6.4 0 12.8-6.4 12.8-12.8V204.8c0-6.4-6.4-12.8-12.8-12.8h-22.4c-6.4 0-12.8 6.4-12.8 12.8v134.4c0 6.4 6.4 12.8 12.8 12.8zM496 400H48V80c0-8.84-7.16-16-16-16H16C7.16 64 0 71.16 0 80v336c0 17.67 14.33 32 32 32h464c8.84 0 16-7.16 16-16v-16c0-8.84-7.16-16-16-16zm-387.2-48h22.4c6.4 0 12.8-6.4 12.8-12.8v-70.4c0-6.4-6.4-12.8-12.8-12.8h-22.4c-6.4 0-12.8 6.4-12.8 12.8v70.4c0 6.4 6.4 12.8 12.8 12.8z\" class=\"\"><\/path><\/svg><\/i> <img loading=\"lazy\" decoding=\"async\" width=\"16\" height=\"16\" alt=\"Loading\" src=\"https:\/\/inforgomes.pt\/social\/wp-content\/plugins\/page-views-count\/ajax-loader-2x.gif\" border=0 \/><\/p>\n<div class=\"pvc_clear\"><\/div>\n","protected":false},"author":1,"featured_media":0,"comment_status":"open","ping_status":"open","sticky":false,"template":"","format":"standard","meta":{"footnotes":""},"categories":[3,5,4,14],"tags":[],"class_list":["post-1293","post","type-post","status-publish","format-standard","hentry","category-diario-de-noticias","category-fernanda-cancio","category-opiniao","category-portugal"],"a3_pvc":{"activated":true,"total_views":3,"today_views":0},"_links":{"self":[{"href":"https:\/\/inforgomes.pt\/social\/wp-json\/wp\/v2\/posts\/1293","targetHints":{"allow":["GET"]}}],"collection":[{"href":"https:\/\/inforgomes.pt\/social\/wp-json\/wp\/v2\/posts"}],"about":[{"href":"https:\/\/inforgomes.pt\/social\/wp-json\/wp\/v2\/types\/post"}],"author":[{"embeddable":true,"href":"https:\/\/inforgomes.pt\/social\/wp-json\/wp\/v2\/users\/1"}],"replies":[{"embeddable":true,"href":"https:\/\/inforgomes.pt\/social\/wp-json\/wp\/v2\/comments?post=1293"}],"version-history":[{"count":1,"href":"https:\/\/inforgomes.pt\/social\/wp-json\/wp\/v2\/posts\/1293\/revisions"}],"predecessor-version":[{"id":1295,"href":"https:\/\/inforgomes.pt\/social\/wp-json\/wp\/v2\/posts\/1293\/revisions\/1295"}],"wp:attachment":[{"href":"https:\/\/inforgomes.pt\/social\/wp-json\/wp\/v2\/media?parent=1293"}],"wp:term":[{"taxonomy":"category","embeddable":true,"href":"https:\/\/inforgomes.pt\/social\/wp-json\/wp\/v2\/categories?post=1293"},{"taxonomy":"post_tag","embeddable":true,"href":"https:\/\/inforgomes.pt\/social\/wp-json\/wp\/v2\/tags?post=1293"}],"curies":[{"name":"wp","href":"https:\/\/api.w.org\/{rel}","templated":true}]}}