{"id":1297,"date":"2026-04-08T10:21:49","date_gmt":"2026-04-08T09:21:49","guid":{"rendered":"https:\/\/inforgomes.pt\/social\/?p=1297"},"modified":"2026-04-08T10:21:49","modified_gmt":"2026-04-08T09:21:49","slug":"varias-zonas-do-pais-afectadas-por-cortes-de-agua-esta-semana","status":"publish","type":"post","link":"https:\/\/inforgomes.pt\/social\/varias-zonas-do-pais-afectadas-por-cortes-de-agua-esta-semana\/","title":{"rendered":"V\u00e1rias zonas do pa\u00eds afectadas por cortes de \u00e1gua esta semana"},"content":{"rendered":"<div class=\"pld-like-dislike-wrap pld-template-1\">\r\n    <div class=\"pld-like-wrap  pld-common-wrap\">\r\n    <a href=\"javascript:void(0)\" class=\"pld-like-trigger pld-like-dislike-trigger  \" title=\"Gosto\" data-post-id=\"1297\" data-trigger-type=\"like\" data-restriction=\"no\" data-already-liked=\"0\">\r\n                        <i class=\"fas fa-thumbs-up\"><\/i>\r\n                <\/a>\r\n    <span class=\"pld-like-count-wrap pld-count-wrap\">1    <\/span>\r\n<\/div><div class=\"pld-dislike-wrap  pld-common-wrap\">\r\n    <a href=\"javascript:void(0)\" class=\"pld-dislike-trigger pld-like-dislike-trigger  \" title=\"N\u00e3o gosto\" data-post-id=\"1297\" data-trigger-type=\"dislike\" data-restriction=\"no\" data-already-liked=\"0\">\r\n                        <i class=\"fas fa-thumbs-down\"><\/i>\r\n                <\/a>\r\n    <span class=\"pld-dislike-count-wrap pld-count-wrap\">0<\/span>\r\n<\/div><\/div><p>&nbsp;<\/p>\n<p><span style=\"font-family: Aldrich; font-size: 20px; color: #ff0000; --darkreader-inline-color: var(--darkreader-text-ff0000, #ff1a1a);\" data-darkreader-inline-color=\"\"><span style=\"color: #00ff00;\" data-darkreader-inline-color=\"\"><span style=\"font-size: 36px;\">\ud83c\uddf5\ud83c\uddf9<\/span>\u00a0PORT<\/span>UGAL \/\/ CORTES DE \u00c1GUA<\/span><\/p>\n<p style=\"text-align: justify;\"><em><span style=\"font-size: 20px;\">Os cortes no abastecimento de \u00e1gua j\u00e1 come\u00e7aram ontem e prolongam-se at\u00e9 sexta-feira, dia 10, em v\u00e1rias zonas do pa\u00eds e em diversos hor\u00e1rios.<\/span><\/em><\/p>\n<div id=\"attachment_1298\" style=\"width: 778px\" class=\"wp-caption alignleft\"><img loading=\"lazy\" decoding=\"async\" aria-describedby=\"caption-attachment-1298\" class=\"size-full wp-image-1298\" src=\"https:\/\/inforgomes.pt\/social\/wp-content\/uploads\/2026\/04\/sic07042026.png\" alt=\"\" width=\"768\" height=\"432\" srcset=\"https:\/\/inforgomes.pt\/social\/wp-content\/uploads\/2026\/04\/sic07042026.png 768w, https:\/\/inforgomes.pt\/social\/wp-content\/uploads\/2026\/04\/sic07042026-300x169.png 300w, https:\/\/inforgomes.pt\/social\/wp-content\/uploads\/2026\/04\/sic07042026-500x281.png 500w\" sizes=\"auto, (max-width: 768px) 100vw, 768px\" \/><p id=\"caption-attachment-1298\" class=\"wp-caption-text\">V\u00e1rias zonas do pa\u00eds afetadas por cortes de \u00e1gua esta semana<br \/>\u00a9 Canva<\/p><\/div>\n<p style=\"text-align: justify;\">A lista de localidades que v\u00e3o sofrer cortes de \u00e1gua programados j\u00e1 inclui: Sintra, Loures, Odivelas, Mafra, Tavira, Vagos, Santa Maria da Feira, Sesimbra, Ma\u00e7\u00e3o, Vila Velha de R\u00f3d\u00e3o, Vila Flor e Torres Vedras.<\/p>\n<p style=\"text-align: justify;\">A semana arrancou com <strong>cortes em Tavira e Mafra<\/strong>. Para esta ter\u00e7a-feira, est\u00e3o previstas perturba\u00e7\u00f5es em v\u00e1rias localidades, avan\u00e7a o jornal <a href=\"https:\/\/postal.pt\/nacional\/vai-haver-cortes-de-agua-prolongados-em-portugal-3\/#goog_rewarded\" target=\"_blank\" rel=\"noopener noreferrer\" data-t=\"{&quot;n&quot;:&quot;destination&quot;,&quot;t&quot;:13,&quot;a&quot;:&quot;click&quot;,&quot;b&quot;:1,&quot;c.t&quot;:7}\">Postal<\/a>.<\/p>\n<ul style=\"text-align: justify;\">\n<li data-t=\"{&quot;n&quot;:&quot;blueLinks&quot;,&quot;t&quot;:13,&quot;a&quot;:&quot;click&quot;,&quot;b&quot;:76}\">Vagos (09:00 &#8211; 14:00);<\/li>\n<li data-t=\"{&quot;n&quot;:&quot;blueLinks&quot;,&quot;t&quot;:13,&quot;a&quot;:&quot;click&quot;,&quot;b&quot;:76}\">Sesimbra (08:30 &#8211; 12:30) e (14:00 &#8211; 18:00);<\/li>\n<li data-t=\"{&quot;n&quot;:&quot;blueLinks&quot;,&quot;t&quot;:13,&quot;a&quot;:&quot;click&quot;,&quot;b&quot;:76}\">Santa Maria da Feira (13:30 &#8211; 16:30);<\/li>\n<li data-t=\"{&quot;n&quot;:&quot;blueLinks&quot;,&quot;t&quot;:13,&quot;a&quot;:&quot;click&quot;,&quot;b&quot;:76}\">Ma\u00e7\u00e3o (09:00 &#8211; 12:00);<\/li>\n<li data-t=\"{&quot;n&quot;:&quot;blueLinks&quot;,&quot;t&quot;:13,&quot;a&quot;:&quot;click&quot;,&quot;b&quot;:76}\">Vila Velha de R\u00f3d\u00e3o (08:30 &#8211; 12:00)<\/li>\n<li class=\"continue-read-break\" data-t=\"{&quot;n&quot;:&quot;blueLinks&quot;,&quot;t&quot;:13,&quot;a&quot;:&quot;click&quot;,&quot;b&quot;:76}\">Vila Flor (munic\u00edpio indica apenas que v\u00e3o proceder \u00e0 limpeza e higieniza\u00e7\u00e3o do reservat\u00f3rio, sem indicar nenhuma hora exacta).<\/li>\n<\/ul>\n<p style=\"text-align: justify;\">Na quarta-feira, dia 8 de Abril, continuam previstos cortes de \u00e1gua em Sesimbra (14:00 &#8211; 18:00) e <strong>Vila Velha de R\u00f3d\u00e3o (08:30 &#8211; 12:00) que prolongou os avisos at\u00e9 ao fim de semana<\/strong>. No mesmo dia, vai tamb\u00e9m haver cortes no fornecimento de \u00e1gua em Torres Vedras (09:00 &#8211; 18:00) e Sintra (09:00 &#8211; 13:00) devido \u00e0 <a href=\"https:\/\/www.smas-sintra.pt\/aviso\/__trashed\/\" target=\"_blank\" rel=\"noopener noreferrer\" data-t=\"{&quot;n&quot;:&quot;destination&quot;,&quot;t&quot;:13,&quot;a&quot;:&quot;click&quot;,&quot;b&quot;:1,&quot;c.t&quot;:7}\">instala\u00e7\u00e3o de marco de inc\u00eandio<\/a>.<\/p>\n<p style=\"text-align: justify;\">J\u00e1 para quinta-feira, a SIMAR publicou uma nota onde informa que o <a href=\"https:\/\/www.simar-louresodivelas.pt\/index.php\/arquivo\/41403\" target=\"_blank\" rel=\"noopener noreferrer\" data-t=\"{&quot;n&quot;:&quot;destination&quot;,&quot;t&quot;:13,&quot;a&quot;:&quot;click&quot;,&quot;b&quot;:1,&quot;c.t&quot;:7}\">abastecimento e \u00e1gua vai ser interrompido em Camarate (Loures) e Olival Basto (Odivelas)<\/a> entre as 09:00 e as 14:00. Para o mesmo dia, est\u00e1 prevista uma interrup\u00e7\u00e3o no abastecimento de \u00e1gua em Cascais (09:00 &#8211; 13:00), na zona de Birre.<\/p>\n<p style=\"text-align: justify;\">Esta lista cont\u00e9m apenas informa\u00e7\u00f5es relativas a avisos que j\u00e1 foram publicados pelas autarquias ou empresas de fornecimento de \u00e1gua. Se quiser saber se o local onde mora vai ser afectado, deve consultar o munic\u00edpio ou a entidade gestora da \u00e1gua da respetiva zona.<\/p>\n<p style=\"text-align: justify;\"><a href=\"https:\/\/www.msn.com\/pt-pt\/noticias\/ultimas\/v%C3%A1rias-zonas-do-pa%C3%ADs-afetadas-por-cortes-de-%C3%A1gua-esta-semana\/ar-AA20kN74\" target=\"_blank\" rel=\"noopener\">SIC Not\u00edcias<\/a><br \/>\n07.04.2026<\/p>\n<p>Visita:\u00a0<a href=\"https:\/\/www.counter12.com\"><img decoding=\"async\" src=\"https:\/\/www.counter12.com\/img-89WCxYyaZ1z875ZW-22.gif\" alt=\"free counter\" border=\"0\" \/><\/a><\/p>\n<p style=\"text-align: justify;\"><div class=\"note\"><div class=\"notewarning\">- Neste Blogue, escreve-se em Portugu\u00eas \ud83c\uddf5\ud83c\uddf9 de Portugal (n\u00e3o adulterado pela coloniza\u00e7\u00e3o do AO).<\/div><\/div><\/p>\n<p><img loading=\"lazy\" decoding=\"async\" class=\"alignnone wp-image-1223\" src=\"https:\/\/inforgomes.pt\/cozinha\/wp-content\/uploads\/2023\/11\/0-coracao_transp.png\" alt=\"\" width=\"136\" height=\"122\" \/><img loading=\"lazy\" decoding=\"async\" class=\"alignnone wp-image-1758\" src=\"https:\/\/inforgomes.pt\/cozinha\/wp-content\/uploads\/2024\/03\/nao-AO.png\" alt=\"\" width=\"128\" height=\"128\" \/><img loading=\"lazy\" decoding=\"async\" class=\"alignnone wp-image-1791\" src=\"https:\/\/inforgomes.pt\/cozinha\/wp-content\/uploads\/2024\/03\/meio-ambiente.png\" alt=\"\" width=\"127\" height=\"130\" \/><\/p>\n<p>&nbsp;<\/p>\n<div class=\"pvc_clear\"><\/div>\n<p id=\"pvc_stats_1297\" class=\"pvc_stats all  \" data-element-id=\"1297\" style=\"\"><i class=\"pvc-stats-icon medium\" aria-hidden=\"true\"><svg aria-hidden=\"true\" focusable=\"false\" data-prefix=\"far\" data-icon=\"chart-bar\" role=\"img\" xmlns=\"http:\/\/www.w3.org\/2000\/svg\" viewBox=\"0 0 512 512\" class=\"svg-inline--fa fa-chart-bar fa-w-16 fa-2x\"><path fill=\"currentColor\" d=\"M396.8 352h22.4c6.4 0 12.8-6.4 12.8-12.8V108.8c0-6.4-6.4-12.8-12.8-12.8h-22.4c-6.4 0-12.8 6.4-12.8 12.8v230.4c0 6.4 6.4 12.8 12.8 12.8zm-192 0h22.4c6.4 0 12.8-6.4 12.8-12.8V140.8c0-6.4-6.4-12.8-12.8-12.8h-22.4c-6.4 0-12.8 6.4-12.8 12.8v198.4c0 6.4 6.4 12.8 12.8 12.8zm96 0h22.4c6.4 0 12.8-6.4 12.8-12.8V204.8c0-6.4-6.4-12.8-12.8-12.8h-22.4c-6.4 0-12.8 6.4-12.8 12.8v134.4c0 6.4 6.4 12.8 12.8 12.8zM496 400H48V80c0-8.84-7.16-16-16-16H16C7.16 64 0 71.16 0 80v336c0 17.67 14.33 32 32 32h464c8.84 0 16-7.16 16-16v-16c0-8.84-7.16-16-16-16zm-387.2-48h22.4c6.4 0 12.8-6.4 12.8-12.8v-70.4c0-6.4-6.4-12.8-12.8-12.8h-22.4c-6.4 0-12.8 6.4-12.8 12.8v70.4c0 6.4 6.4 12.8 12.8 12.8z\" class=\"\"><\/path><\/svg><\/i> <img loading=\"lazy\" decoding=\"async\" width=\"16\" height=\"16\" alt=\"Loading\" src=\"https:\/\/inforgomes.pt\/social\/wp-content\/plugins\/page-views-count\/ajax-loader-2x.gif\" border=0 \/><\/p>\n<div class=\"pvc_clear\"><\/div>\n","protected":false},"excerpt":{"rendered":"<p>1 0 &nbsp; \ud83c\uddf5\ud83c\uddf9\u00a0PORTUGAL \/\/ CORTES DE \u00c1GUA Os cortes no abastecimento de \u00e1gua j\u00e1 come\u00e7aram ontem e prolongam-se at\u00e9 sexta-feira, dia 10, em v\u00e1rias zonas do pa\u00eds e em diversos hor\u00e1rios. A lista de localidades que v\u00e3o sofrer cortes &hellip; <a href=\"https:\/\/inforgomes.pt\/social\/varias-zonas-do-pais-afectadas-por-cortes-de-agua-esta-semana\/\">Continue reading <span class=\"meta-nav\">&rarr;<\/span><\/a><\/p>\n<div class=\"pvc_clear\"><\/div>\n<p id=\"pvc_stats_1297\" class=\"pvc_stats all  \" data-element-id=\"1297\" style=\"\"><i class=\"pvc-stats-icon medium\" aria-hidden=\"true\"><svg aria-hidden=\"true\" focusable=\"false\" data-prefix=\"far\" data-icon=\"chart-bar\" role=\"img\" xmlns=\"http:\/\/www.w3.org\/2000\/svg\" viewBox=\"0 0 512 512\" class=\"svg-inline--fa fa-chart-bar fa-w-16 fa-2x\"><path fill=\"currentColor\" d=\"M396.8 352h22.4c6.4 0 12.8-6.4 12.8-12.8V108.8c0-6.4-6.4-12.8-12.8-12.8h-22.4c-6.4 0-12.8 6.4-12.8 12.8v230.4c0 6.4 6.4 12.8 12.8 12.8zm-192 0h22.4c6.4 0 12.8-6.4 12.8-12.8V140.8c0-6.4-6.4-12.8-12.8-12.8h-22.4c-6.4 0-12.8 6.4-12.8 12.8v198.4c0 6.4 6.4 12.8 12.8 12.8zm96 0h22.4c6.4 0 12.8-6.4 12.8-12.8V204.8c0-6.4-6.4-12.8-12.8-12.8h-22.4c-6.4 0-12.8 6.4-12.8 12.8v134.4c0 6.4 6.4 12.8 12.8 12.8zM496 400H48V80c0-8.84-7.16-16-16-16H16C7.16 64 0 71.16 0 80v336c0 17.67 14.33 32 32 32h464c8.84 0 16-7.16 16-16v-16c0-8.84-7.16-16-16-16zm-387.2-48h22.4c6.4 0 12.8-6.4 12.8-12.8v-70.4c0-6.4-6.4-12.8-12.8-12.8h-22.4c-6.4 0-12.8 6.4-12.8 12.8v70.4c0 6.4 6.4 12.8 12.8 12.8z\" class=\"\"><\/path><\/svg><\/i> <img loading=\"lazy\" decoding=\"async\" width=\"16\" height=\"16\" alt=\"Loading\" src=\"https:\/\/inforgomes.pt\/social\/wp-content\/plugins\/page-views-count\/ajax-loader-2x.gif\" border=0 \/><\/p>\n<div class=\"pvc_clear\"><\/div>\n","protected":false},"author":1,"featured_media":0,"comment_status":"open","ping_status":"open","sticky":false,"template":"","format":"standard","meta":{"footnotes":""},"categories":[332,335,14,107],"tags":[],"class_list":["post-1297","post","type-post","status-publish","format-standard","hentry","category-abril-2026","category-cortes-de-agua","category-portugal","category-sic-noticias"],"a3_pvc":{"activated":true,"total_views":2,"today_views":0},"_links":{"self":[{"href":"https:\/\/inforgomes.pt\/social\/wp-json\/wp\/v2\/posts\/1297","targetHints":{"allow":["GET"]}}],"collection":[{"href":"https:\/\/inforgomes.pt\/social\/wp-json\/wp\/v2\/posts"}],"about":[{"href":"https:\/\/inforgomes.pt\/social\/wp-json\/wp\/v2\/types\/post"}],"author":[{"embeddable":true,"href":"https:\/\/inforgomes.pt\/social\/wp-json\/wp\/v2\/users\/1"}],"replies":[{"embeddable":true,"href":"https:\/\/inforgomes.pt\/social\/wp-json\/wp\/v2\/comments?post=1297"}],"version-history":[{"count":1,"href":"https:\/\/inforgomes.pt\/social\/wp-json\/wp\/v2\/posts\/1297\/revisions"}],"predecessor-version":[{"id":1299,"href":"https:\/\/inforgomes.pt\/social\/wp-json\/wp\/v2\/posts\/1297\/revisions\/1299"}],"wp:attachment":[{"href":"https:\/\/inforgomes.pt\/social\/wp-json\/wp\/v2\/media?parent=1297"}],"wp:term":[{"taxonomy":"category","embeddable":true,"href":"https:\/\/inforgomes.pt\/social\/wp-json\/wp\/v2\/categories?post=1297"},{"taxonomy":"post_tag","embeddable":true,"href":"https:\/\/inforgomes.pt\/social\/wp-json\/wp\/v2\/tags?post=1297"}],"curies":[{"name":"wp","href":"https:\/\/api.w.org\/{rel}","templated":true}]}}