{"id":1300,"date":"2026-04-08T10:43:31","date_gmt":"2026-04-08T09:43:31","guid":{"rendered":"https:\/\/inforgomes.pt\/social\/?p=1300"},"modified":"2026-04-08T10:43:31","modified_gmt":"2026-04-08T09:43:31","slug":"ha-duas-greves-no-metro-este-mes-a-1-a-e-amanha-e-sem-servicos-minimos","status":"publish","type":"post","link":"https:\/\/inforgomes.pt\/social\/ha-duas-greves-no-metro-este-mes-a-1-a-e-amanha-e-sem-servicos-minimos\/","title":{"rendered":"H\u00e1 duas greves no metro este m\u00eas: a 1.\u00aa \u00e9 amanh\u00e3 e sem servi\u00e7os m\u00ednimos"},"content":{"rendered":"<div class=\"pld-like-dislike-wrap pld-template-1\">\r\n    <div class=\"pld-like-wrap  pld-common-wrap\">\r\n    <a href=\"javascript:void(0)\" class=\"pld-like-trigger pld-like-dislike-trigger  \" title=\"Gosto\" data-post-id=\"1300\" data-trigger-type=\"like\" data-restriction=\"no\" data-already-liked=\"0\">\r\n                        <i class=\"fas fa-thumbs-up\"><\/i>\r\n                <\/a>\r\n    <span class=\"pld-like-count-wrap pld-count-wrap\">1    <\/span>\r\n<\/div><div class=\"pld-dislike-wrap  pld-common-wrap\">\r\n    <a href=\"javascript:void(0)\" class=\"pld-dislike-trigger pld-like-dislike-trigger  \" title=\"N\u00e3o gosto\" data-post-id=\"1300\" data-trigger-type=\"dislike\" data-restriction=\"no\" data-already-liked=\"0\">\r\n                        <i class=\"fas fa-thumbs-down\"><\/i>\r\n                <\/a>\r\n    <span class=\"pld-dislike-count-wrap pld-count-wrap\">0<\/span>\r\n<\/div><\/div><p>&nbsp;<\/p>\n<p><span style=\"font-size: 20px; font-family: Aldrich; color: #ff0000; --darkreader-inline-color: var(--darkreader-text-ff0000, #ff1a1a);\" data-darkreader-inline-color=\"\"><span style=\"color: #00ff00;\" data-darkreader-inline-color=\"\"><span style=\"font-size: 36px;\">\ud83c\uddf5\ud83c\uddf9<\/span>\u00a0PORT<\/span>UGAL \/\/ LISBOA \/\/ METRO \/\/ GREVE<\/span><\/p>\n<p style=\"text-align: justify;\"><em><span style=\"font-size: 20px;\">Foram marcadas duas paralisa\u00e7\u00f5es de 24 horas pelos trabalhadores do Metro de Lisboa: uma j\u00e1 esta quinta-feira e outra para a pr\u00f3xima ter\u00e7a-feira, sendo que n\u00e3o foram decretados servi\u00e7os m\u00ednimos.<\/span><\/em><\/p>\n<div id=\"attachment_1301\" style=\"width: 778px\" class=\"wp-caption aligncenter\"><img loading=\"lazy\" decoding=\"async\" aria-describedby=\"caption-attachment-1301\" class=\"size-full wp-image-1301\" src=\"https:\/\/inforgomes.pt\/social\/wp-content\/uploads\/2026\/04\/nm08042026.png\" alt=\"\" width=\"768\" height=\"432\" srcset=\"https:\/\/inforgomes.pt\/social\/wp-content\/uploads\/2026\/04\/nm08042026.png 768w, https:\/\/inforgomes.pt\/social\/wp-content\/uploads\/2026\/04\/nm08042026-300x169.png 300w, https:\/\/inforgomes.pt\/social\/wp-content\/uploads\/2026\/04\/nm08042026-500x281.png 500w\" sizes=\"auto, (max-width: 768px) 100vw, 768px\" \/><p id=\"caption-attachment-1301\" class=\"wp-caption-text\">Aten\u00e7\u00e3o, passageiros: H\u00e1 dois dias de greve no Metro de Lisboa este m\u00eas<br \/>\u00a9 Shutterstock<\/p><\/div>\n<p style=\"text-align: justify;\">Os trabalhadores do Metropolitano de Lisboa v\u00e3o cumprir dois dias de greve este m\u00eas, sendo que o primeiro \u00e9 j\u00e1 esta quinta-feira, dia 9 de Abril. Segue-se uma nova paralisa\u00e7\u00e3o no dia 14 de Abril.<\/p>\n<p style=\"text-align: justify;\">N\u00e3o foram decretados servi\u00e7os m\u00ednimos para as duas paralisa\u00e7\u00f5es de 24 horas, pelo que se esperam constrangimentos na circula\u00e7\u00e3o das carruagens, de acordo com a <a href=\"https:\/\/ces.pt\/2026\/04\/06\/decisao-de-servicos-minimos-para-greve-de-9-e-14-de-abril-de-2026-na-metropolitano-de-lisboa-epe\/\" target=\"_blank\" rel=\"noopener\" data-t=\"{&quot;n&quot;:&quot;destination&quot;,&quot;t&quot;:13,&quot;a&quot;:&quot;click&quot;,&quot;b&quot;:1,&quot;c.t&quot;:7}\">decis\u00e3o<\/a> do Tribunal Arbitral.<\/p>\n<p style=\"text-align: justify;\">&#8220;Em conformidade com o exposto, este TA decide, por unanimidade: N\u00e3o fixar servi\u00e7os m\u00ednimos para os trabalhadores abrangidos pelo pr\u00e9-aviso de greve; Determinar a presta\u00e7\u00e3o dos servi\u00e7os adequados \u00e0 seguran\u00e7a e \u00e0 manuten\u00e7\u00e3o do equipamento e das instala\u00e7\u00f5es, nos seguintes termos: tr\u00eas trabalhadores ao Posto de Comando Central (preferencialmente, um Inspector de Movimento, um Encarregado de Movimento e um Encarregado da Sala de Comando e de Energia), devidamente identificados pelos sindicatos (nome e n\u00famero de ML)&#8221;, pode ler-se no site do Conselho Econ\u00f3mico e Social.<\/p>\n<p style=\"text-align: justify;\">&#8220;No caso em apre\u00e7o, trata-se de uma greve que ir\u00e1 ser realizada por alguns trabalhadores do Metro, em gera\u0142 quadros e trabalhadores com fun\u00e7\u00f5es de chefia (em n\u00famero, segundo se apurou, de cerca de seis dezenas), sendo que este tribunal n\u00e3o ignora que a paralisa\u00e7\u00e3o da circula\u00e7\u00e3o do Metro, nos dias 9 e 14 de Abril, ir\u00e1 afectar dezenas ou at\u00e9 algumas centenas de milhares de cidad\u00e3os, utentes regulares do Metro.<\/p>\n<p style=\"text-align: justify;\">Parece, assim, haver alguma despropor\u00e7\u00e3o entre o sacrif\u00edcio suportado pelas escassas dezenas de grevistas (perda do sal\u00e1rio) e s\u00e9rios transtornos, de v\u00e1ria ordem, causados a muitos milhares de cidad\u00e3o com a greve em causa&#8221;, pode ler-se ainda na decis\u00e3o do TA.<\/p>\n<p style=\"text-align: justify;\">\u00c9 ainda explicado que, &#8220;face aos dados de facto que nos foram apresentados, julgamos que, apesar da ineg\u00e1vel penosidade\u00a0que a greve acarreta para os utentes regulares do Metro de Lisboa, n\u00e3o se acham preenchidos os pressupostos\u00a0indispens\u00e1veis para a fixa\u00e7\u00e3o de servi\u00e7os m\u00ednimos, impondo-se apenas o cumprimento da obriga\u00e7\u00e3o de\u00a0seguran\u00e7a, nos termos do artigo 537.\u00b0, n.\u00ba 3, do C\u00f3digo do Trabalho&#8221;.<\/p>\n<p style=\"text-align: justify;\">A not\u00edcia, refira-se, foi avan\u00e7ada pela <a href=\"https:\/\/www.rtp.pt\/noticias\/pais\/greve-dos-trabalhadores-do-metro-de-lisboa-nos-dias-9-e-14-de-abril_n1732237\" target=\"_blank\" rel=\"noopener\" data-t=\"{&quot;n&quot;:&quot;destination&quot;,&quot;t&quot;:13,&quot;a&quot;:&quot;click&quot;,&quot;b&quot;:1,&quot;c.t&quot;:7}\">RTP<\/a>, que confirmou a informa\u00e7\u00e3o junto da Fectrans. O Metropolitano de Lisboa ainda n\u00e3o publicou qualquer informa\u00e7\u00e3o sobre este assunto.<\/p>\n<p class=\"news_h3 article-sub-heading\" style=\"text-align: justify;\"><span style=\"font-size: 20px; font-family: Aldrich;\">Metro de Lisboa admite falhas &#8220;cr\u00edticas&#8221; em escadas e elevadores<\/span><\/p>\n<p style=\"text-align: justify;\">O Metropolitano de Lisboa <a href=\"https:\/\/www.noticiasaominuto.com\/economia\/2965432\/metro-de-lisboa-admite-falhas-criticas-em-escadas-e-elevadores\" target=\"_blank\" rel=\"noopener\" data-t=\"{&quot;n&quot;:&quot;destination&quot;,&quot;t&quot;:13,&quot;a&quot;:&quot;click&quot;,&quot;b&quot;:1,&quot;c.t&quot;:7}\">admitiu na semana passada<\/a> que a manuten\u00e7\u00e3o das escadas rolantes e dos elevadores \u00e9 &#8220;bastante cr\u00edtica&#8221; e lembrou que, durante cinco anos, registou-se um aumento da taxa de avarias sem que nenhuma solu\u00e7\u00e3o tivesse sido encontrada.<\/p>\n<p style=\"text-align: justify;\">Ouvida na comiss\u00e3o de Infra-estruturas, Mobilidade e Habita\u00e7\u00e3o da Assembleia da Rep\u00fablica, a requerimento do Chega, sobre a &#8220;nova Linha Violeta&#8221;, a presidente do conselho de administra\u00e7\u00e3o do Metropolitano de Lisboa, Cristina Vaz Tom\u00e9, disse que quando assumiu fun\u00e7\u00f5es, h\u00e1 cerca de tr\u00eas meses, analisou a evolu\u00e7\u00e3o dos problemas com os elevadores e as escadas rolantes, dando conta de um aumento dos problemas.<\/p>\n<p style=\"text-align: justify;\">&#8220;Em 2019, a taxa de avaria das escadas rolantes e elevadores era semelhante, 4%. Em 2024, andava \u00e0 volta de 14% para as escadas rolantes e 24% para os elevadores. Portanto, tiveram [anterior administra\u00e7\u00e3o] cinco anos a ver o aumento das taxas de avaria aumentar e ningu\u00e9m fez nada&#8221;, afirmou.<\/p>\n<p style=\"text-align: justify;\">A respons\u00e1vel acrescentou que a solu\u00e7\u00e3o poder\u00e1 n\u00e3o passar por externalizar os contratos de manuten\u00e7\u00e3o, j\u00e1 que &#8220;umas vezes funciona, outras n\u00e3o funciona&#8221;, mas por modelos mistos.<\/p>\n<p style=\"text-align: justify;\">[Not\u00edcia actualizada \u00e0s 10h26]<\/p>\n<p style=\"text-align: justify;\"><a href=\"https:\/\/www.msn.com\/pt-pt\/noticias\/ultimas\/aten%C3%A7%C3%A3o-passageiros-h%C3%A1-dois-dias-de-greve-no-metro-de-lisboa-este-m%C3%AAs\/ar-AA20puKw\" target=\"_blank\" rel=\"noopener\">Not\u00edcias ao Minuto<\/a><br \/>\n08.04.2026<\/p>\n<p>Visita:\u00a0<a href=\"https:\/\/www.counter12.com\"><img decoding=\"async\" src=\"https:\/\/www.counter12.com\/img-89WCxYyaZ1z875ZW-22.gif\" alt=\"free counter\" border=\"0\" \/><\/a><\/p>\n<p style=\"text-align: justify;\"><div class=\"note\"><div class=\"notewarning\">- Neste Blogue, escreve-se em Portugu\u00eas \ud83c\uddf5\ud83c\uddf9 de Portugal (n\u00e3o adulterado pela coloniza\u00e7\u00e3o do AO).<\/div><\/div><\/p>\n<p><img loading=\"lazy\" decoding=\"async\" class=\"alignnone wp-image-1223\" src=\"https:\/\/inforgomes.pt\/cozinha\/wp-content\/uploads\/2023\/11\/0-coracao_transp.png\" alt=\"\" width=\"136\" height=\"122\" \/><img loading=\"lazy\" decoding=\"async\" class=\"alignnone wp-image-1758\" src=\"https:\/\/inforgomes.pt\/cozinha\/wp-content\/uploads\/2024\/03\/nao-AO.png\" alt=\"\" width=\"128\" height=\"128\" \/><img loading=\"lazy\" decoding=\"async\" class=\"alignnone wp-image-1791\" src=\"https:\/\/inforgomes.pt\/cozinha\/wp-content\/uploads\/2024\/03\/meio-ambiente.png\" alt=\"\" width=\"127\" height=\"130\" \/><\/p>\n<p>&nbsp;<\/p>\n<div class=\"pvc_clear\"><\/div>\n<p id=\"pvc_stats_1300\" class=\"pvc_stats all  \" data-element-id=\"1300\" style=\"\"><i class=\"pvc-stats-icon medium\" aria-hidden=\"true\"><svg aria-hidden=\"true\" focusable=\"false\" data-prefix=\"far\" data-icon=\"chart-bar\" role=\"img\" xmlns=\"http:\/\/www.w3.org\/2000\/svg\" viewBox=\"0 0 512 512\" class=\"svg-inline--fa fa-chart-bar fa-w-16 fa-2x\"><path fill=\"currentColor\" d=\"M396.8 352h22.4c6.4 0 12.8-6.4 12.8-12.8V108.8c0-6.4-6.4-12.8-12.8-12.8h-22.4c-6.4 0-12.8 6.4-12.8 12.8v230.4c0 6.4 6.4 12.8 12.8 12.8zm-192 0h22.4c6.4 0 12.8-6.4 12.8-12.8V140.8c0-6.4-6.4-12.8-12.8-12.8h-22.4c-6.4 0-12.8 6.4-12.8 12.8v198.4c0 6.4 6.4 12.8 12.8 12.8zm96 0h22.4c6.4 0 12.8-6.4 12.8-12.8V204.8c0-6.4-6.4-12.8-12.8-12.8h-22.4c-6.4 0-12.8 6.4-12.8 12.8v134.4c0 6.4 6.4 12.8 12.8 12.8zM496 400H48V80c0-8.84-7.16-16-16-16H16C7.16 64 0 71.16 0 80v336c0 17.67 14.33 32 32 32h464c8.84 0 16-7.16 16-16v-16c0-8.84-7.16-16-16-16zm-387.2-48h22.4c6.4 0 12.8-6.4 12.8-12.8v-70.4c0-6.4-6.4-12.8-12.8-12.8h-22.4c-6.4 0-12.8 6.4-12.8 12.8v70.4c0 6.4 6.4 12.8 12.8 12.8z\" class=\"\"><\/path><\/svg><\/i> <img loading=\"lazy\" decoding=\"async\" width=\"16\" height=\"16\" alt=\"Loading\" src=\"https:\/\/inforgomes.pt\/social\/wp-content\/plugins\/page-views-count\/ajax-loader-2x.gif\" border=0 \/><\/p>\n<div class=\"pvc_clear\"><\/div>\n","protected":false},"excerpt":{"rendered":"<p>1 0 &nbsp; \ud83c\uddf5\ud83c\uddf9\u00a0PORTUGAL \/\/ LISBOA \/\/ METRO \/\/ GREVE Foram marcadas duas paralisa\u00e7\u00f5es de 24 horas pelos trabalhadores do Metro de Lisboa: uma j\u00e1 esta quinta-feira e outra para a pr\u00f3xima ter\u00e7a-feira, sendo que n\u00e3o foram decretados servi\u00e7os m\u00ednimos. &hellip; <a href=\"https:\/\/inforgomes.pt\/social\/ha-duas-greves-no-metro-este-mes-a-1-a-e-amanha-e-sem-servicos-minimos\/\">Continue reading <span class=\"meta-nav\">&rarr;<\/span><\/a><\/p>\n<div class=\"pvc_clear\"><\/div>\n<p id=\"pvc_stats_1300\" class=\"pvc_stats all  \" data-element-id=\"1300\" style=\"\"><i class=\"pvc-stats-icon medium\" aria-hidden=\"true\"><svg aria-hidden=\"true\" focusable=\"false\" data-prefix=\"far\" data-icon=\"chart-bar\" role=\"img\" xmlns=\"http:\/\/www.w3.org\/2000\/svg\" viewBox=\"0 0 512 512\" class=\"svg-inline--fa fa-chart-bar fa-w-16 fa-2x\"><path fill=\"currentColor\" d=\"M396.8 352h22.4c6.4 0 12.8-6.4 12.8-12.8V108.8c0-6.4-6.4-12.8-12.8-12.8h-22.4c-6.4 0-12.8 6.4-12.8 12.8v230.4c0 6.4 6.4 12.8 12.8 12.8zm-192 0h22.4c6.4 0 12.8-6.4 12.8-12.8V140.8c0-6.4-6.4-12.8-12.8-12.8h-22.4c-6.4 0-12.8 6.4-12.8 12.8v198.4c0 6.4 6.4 12.8 12.8 12.8zm96 0h22.4c6.4 0 12.8-6.4 12.8-12.8V204.8c0-6.4-6.4-12.8-12.8-12.8h-22.4c-6.4 0-12.8 6.4-12.8 12.8v134.4c0 6.4 6.4 12.8 12.8 12.8zM496 400H48V80c0-8.84-7.16-16-16-16H16C7.16 64 0 71.16 0 80v336c0 17.67 14.33 32 32 32h464c8.84 0 16-7.16 16-16v-16c0-8.84-7.16-16-16-16zm-387.2-48h22.4c6.4 0 12.8-6.4 12.8-12.8v-70.4c0-6.4-6.4-12.8-12.8-12.8h-22.4c-6.4 0-12.8 6.4-12.8 12.8v70.4c0 6.4 6.4 12.8 12.8 12.8z\" class=\"\"><\/path><\/svg><\/i> <img loading=\"lazy\" decoding=\"async\" width=\"16\" height=\"16\" alt=\"Loading\" src=\"https:\/\/inforgomes.pt\/social\/wp-content\/plugins\/page-views-count\/ajax-loader-2x.gif\" border=0 \/><\/p>\n<div class=\"pvc_clear\"><\/div>\n","protected":false},"author":1,"featured_media":0,"comment_status":"open","ping_status":"open","sticky":false,"template":"","format":"standard","meta":{"footnotes":""},"categories":[332,40,336,92,14],"tags":[],"class_list":["post-1300","post","type-post","status-publish","format-standard","hentry","category-abril-2026","category-greves","category-metropolitabo-de-lisboa","category-noticias-ao-minuto","category-portugal"],"a3_pvc":{"activated":true,"total_views":4,"today_views":0},"_links":{"self":[{"href":"https:\/\/inforgomes.pt\/social\/wp-json\/wp\/v2\/posts\/1300","targetHints":{"allow":["GET"]}}],"collection":[{"href":"https:\/\/inforgomes.pt\/social\/wp-json\/wp\/v2\/posts"}],"about":[{"href":"https:\/\/inforgomes.pt\/social\/wp-json\/wp\/v2\/types\/post"}],"author":[{"embeddable":true,"href":"https:\/\/inforgomes.pt\/social\/wp-json\/wp\/v2\/users\/1"}],"replies":[{"embeddable":true,"href":"https:\/\/inforgomes.pt\/social\/wp-json\/wp\/v2\/comments?post=1300"}],"version-history":[{"count":1,"href":"https:\/\/inforgomes.pt\/social\/wp-json\/wp\/v2\/posts\/1300\/revisions"}],"predecessor-version":[{"id":1302,"href":"https:\/\/inforgomes.pt\/social\/wp-json\/wp\/v2\/posts\/1300\/revisions\/1302"}],"wp:attachment":[{"href":"https:\/\/inforgomes.pt\/social\/wp-json\/wp\/v2\/media?parent=1300"}],"wp:term":[{"taxonomy":"category","embeddable":true,"href":"https:\/\/inforgomes.pt\/social\/wp-json\/wp\/v2\/categories?post=1300"},{"taxonomy":"post_tag","embeddable":true,"href":"https:\/\/inforgomes.pt\/social\/wp-json\/wp\/v2\/tags?post=1300"}],"curies":[{"name":"wp","href":"https:\/\/api.w.org\/{rel}","templated":true}]}}