{"id":1312,"date":"2026-04-08T19:10:19","date_gmt":"2026-04-08T18:10:19","guid":{"rendered":"https:\/\/inforgomes.pt\/social\/?p=1312"},"modified":"2026-04-08T19:11:06","modified_gmt":"2026-04-08T18:11:06","slug":"entre-chuva-e-temperatura-o-que-esperar-da-primavera-a-previsao-do-ipma","status":"publish","type":"post","link":"https:\/\/inforgomes.pt\/social\/entre-chuva-e-temperatura-o-que-esperar-da-primavera-a-previsao-do-ipma\/","title":{"rendered":"Entre chuva e temperatura, o que esperar da primavera? A previs\u00e3o do IPMA"},"content":{"rendered":"<div class=\"pld-like-dislike-wrap pld-template-1\">\r\n    <div class=\"pld-like-wrap  pld-common-wrap\">\r\n    <a href=\"javascript:void(0)\" class=\"pld-like-trigger pld-like-dislike-trigger  \" title=\"Gosto\" data-post-id=\"1312\" data-trigger-type=\"like\" data-restriction=\"no\" data-already-liked=\"0\">\r\n                        <i class=\"fas fa-thumbs-up\"><\/i>\r\n                <\/a>\r\n    <span class=\"pld-like-count-wrap pld-count-wrap\">0    <\/span>\r\n<\/div><div class=\"pld-dislike-wrap  pld-common-wrap\">\r\n    <a href=\"javascript:void(0)\" class=\"pld-dislike-trigger pld-like-dislike-trigger  \" title=\"N\u00e3o gosto\" data-post-id=\"1312\" data-trigger-type=\"dislike\" data-restriction=\"no\" data-already-liked=\"0\">\r\n                        <i class=\"fas fa-thumbs-down\"><\/i>\r\n                <\/a>\r\n    <span class=\"pld-dislike-count-wrap pld-count-wrap\">0<\/span>\r\n<\/div><\/div><p>&nbsp;<\/p>\n<p><span style=\"font-size: 20px; font-family: Aldrich; color: #ff0000; --darkreader-inline-color: var(--darkreader-text-ff0000, #ff1a1a);\" data-darkreader-inline-color=\"\"><span style=\"color: #00ff00;\" data-darkreader-inline-color=\"\"><span style=\"font-size: 36px;\">\ud83c\uddf5\ud83c\uddf9<\/span>\u00a0PORT<\/span>UGAL \/\/ METEOROLOGIA \/\/ IPMA<\/span><\/p>\n<p style=\"text-align: justify;\" data-t=\"{&quot;n&quot;:&quot;blueLinks&quot;,&quot;t&quot;:13,&quot;a&quot;:&quot;click&quot;,&quot;b&quot;:76}\"><em><span style=\"font-size: 20px;\">O IPMA fez a previs\u00e3o alargada da precipita\u00e7\u00e3o e temperatura para Abril, Maio e Junho &#8211; meses de primavera. Quanto \u00e0 precipita\u00e7\u00e3o, n\u00e3o h\u00e1 anomalias a registar, mas quanto \u00e0 temperatura a hist\u00f3ria \u00e9 diferente (mas as not\u00edcias s\u00e3o boas para quem gosta de calor).<\/span><\/em><\/p>\n<p style=\"text-align: justify;\" data-t=\"{&quot;n&quot;:&quot;blueLinks&quot;,&quot;t&quot;:13,&quot;a&quot;:&quot;click&quot;,&quot;b&quot;:76}\">O Instituto Portugu\u00eas do Mar e da Atmosfera (IPMA) revelou, esta ter\u00e7a-feira, a previs\u00e3o alargada at\u00e9 Junho, m\u00eas em que come\u00e7a o ver\u00e3o, que d\u00e1 conta de que poder\u00e3o haver &#8220;anomalias positivas&#8221; de at\u00e9 1\u00baC durante os pr\u00f3ximos tr\u00eas meses.<\/p>\n<p class=\"continue-read-break\" style=\"text-align: justify;\" data-t=\"{&quot;n&quot;:&quot;blueLinks&quot;,&quot;t&quot;:13,&quot;a&quot;:&quot;click&quot;,&quot;b&quot;:76}\">A previs\u00e3o mais detalhada pode ser <a href=\"https:\/\/www.ipma.pt\/pt\/otempo\/prev.longo.prazo\/sazonal\/docs\/bps_0104.3006_2026.pdf\" target=\"_blank\" rel=\"noopener\" data-t=\"{&quot;n&quot;:&quot;destination&quot;,&quot;t&quot;:13,&quot;a&quot;:&quot;click&quot;,&quot;b&quot;:1,&quot;c.t&quot;:7}\">consultada aqui<\/a>, mas, de acordo com o instituto, &#8220;na temperatura m\u00e9dia mensal do ar prev\u00ea-se anomalia positiva&#8221;, anomalia esta que indica que os valores observados est\u00e3o acima da m\u00e9dia para um determinado per\u00edodo e regi\u00e3o.<\/p>\n<p style=\"text-align: justify;\" data-t=\"{&quot;n&quot;:&quot;blueLinks&quot;,&quot;t&quot;:13,&quot;a&quot;:&quot;click&quot;,&quot;b&quot;:76}\">Segundo o IPMA, na temperatura m\u00e9dia mensal do ar, &#8220;prev\u00ea-se anomalia positiva para os tr\u00eas meses da previs\u00e3o sobre Portugal Continental e A\u00e7ores e apenas para os meses de Maio e Junho sobre a Madeira&#8221;.<\/p>\n<p class=\"news_h3 article-sub-heading\" style=\"text-align: justify;\"><span style=\"font-family: Aldrich; font-size: 20px;\">Onde e quando?<\/span><\/p>\n<p class=\"\" style=\"text-align: justify;\" data-t=\"{&quot;n&quot;:&quot;blueLinks&quot;,&quot;t&quot;:13,&quot;a&quot;:&quot;click&quot;,&quot;b&quot;:76}\">No que diz respeito a Portugal continental, esta anomalia dever\u00e1 ser entre 0.25\u00baC a 0.5\u00baC e abrange apenas as regi\u00f5es Norte e Centro Norte no m\u00eas de Abril. J\u00e1 em Maio e Junho, &#8220;a anomalia estende-se tamb\u00e9m \u00e0s regi\u00f5es Centro e Sul aumentando para 0.5 a 1.0\u00b0C na regi\u00e3o Norte&#8221;.<\/p>\n<p style=\"text-align: justify;\" data-t=\"{&quot;n&quot;:&quot;blueLinks&quot;,&quot;t&quot;:13,&quot;a&quot;:&quot;click&quot;,&quot;b&quot;:76}\">Quanto aos A\u00e7ores, &#8220;a anomalia \u00e9 de 0.25\u00baC a 0.5\u00baC em Abril e Maio passando a 0.5 a 1.0\u00baC em Junho.&#8221;<\/p>\n<p style=\"text-align: justify;\" data-t=\"{&quot;n&quot;:&quot;blueLinks&quot;,&quot;t&quot;:13,&quot;a&quot;:&quot;click&quot;,&quot;b&quot;:76}\">&#8220;A Madeira apresenta anomalia positiva, de 0.25 a 0.5 \u00b0C, apenas para os meses de Maio e Junho&#8221;, detalha ainda o IPMA.<\/p>\n<p class=\"news_h3 article-sub-heading\" style=\"text-align: justify;\"><span style=\"font-family: Aldrich; font-size: 20px;\">E a chuva?<\/span><\/p>\n<p style=\"text-align: justify;\" data-t=\"{&quot;n&quot;:&quot;blueLinks&quot;,&quot;t&quot;:13,&quot;a&quot;:&quot;click&quot;,&quot;b&quot;:76}\">Apesar de este in\u00edcio de Abril contar com o regresso da chuva, as not\u00edcias s\u00e3o &#8216;melhores&#8217; \u00e0 medida que o tempo passa, j\u00e1 que, de acordo com o IPMA, e relativamente \u00e0 &#8220;precipita\u00e7\u00e3o total mensal, n\u00e3o existe sinal significativo na anomalia sobre o Continente, Madeira e A\u00e7ores em todo o per\u00edodo abrangido pela previs\u00e3o.&#8221;<\/p>\n<p style=\"text-align: justify;\" data-t=\"{&quot;n&quot;:&quot;blueLinks&quot;,&quot;t&quot;:13,&quot;a&quot;:&quot;click&quot;,&quot;b&quot;:76}\">Para esta semana, no entanto, est\u00e3o previstos per\u00edodos de aguaceiros e c\u00e9u encoberto.<\/p>\n<p class=\"article-sub-heading\" style=\"text-align: justify;\"><span style=\"font-size: 20px;\"><a href=\"https:\/\/www.noticiasaominuto.com\/pais\/2967706\/em-abril-chuva-de-regresso-saiba-onde-e-quando\" target=\"_blank\" rel=\"noopener\" data-t=\"{&quot;n&quot;:&quot;destination&quot;,&quot;t&quot;:13,&quot;a&quot;:&quot;click&quot;,&quot;b&quot;:1,&quot;c.t&quot;:7}\"><span style=\"font-family: Aldrich;\"> Em Abril&#8230; chuva de regresso. Saiba onde e quando<\/span> <\/a><\/span><\/p>\n<p style=\"text-align: justify;\" data-t=\"{&quot;n&quot;:&quot;blueLinks&quot;,&quot;t&quot;:13,&quot;a&quot;:&quot;click&quot;,&quot;b&quot;:76}\">Depois de v\u00e1rios dias de aut\u00eantico ver\u00e3o, a primavera mostra que ainda \u00e9 tempo dela e traz chuva para os pr\u00f3ximos dias, a come\u00e7ar j\u00e1 hoje. O melhor \u00e9 substituir &#8211; pelo menos para j\u00e1 &#8211; os guarda-s\u00f3is pelos guarda-chuvas.<\/p>\n<p><a href=\"https:\/\/www.msn.com\/pt-pt\/noticias\/ultimas\/entre-chuva-e-temperatura-o-que-esperar-da-primavera-a-previs%C3%A3o-do-ipma\/ar-AA20mIs9\" target=\"_blank\" rel=\"noopener\">Not\u00edcias ao Minuto<\/a><br \/>\n07.04.2026<\/p>\n<p>Visita:\u00a0<a href=\"https:\/\/www.counter12.com\"><img decoding=\"async\" src=\"https:\/\/www.counter12.com\/img-89WCxYyaZ1z875ZW-22.gif\" alt=\"free counter\" border=\"0\" \/><\/a><\/p>\n<p style=\"text-align: justify;\"><div class=\"note\"><div class=\"notewarning\">- Neste Blogue, escreve-se em Portugu\u00eas \ud83c\uddf5\ud83c\uddf9 de Portugal (n\u00e3o adulterado pela coloniza\u00e7\u00e3o do AO).<\/div><\/div><\/p>\n<p><img loading=\"lazy\" decoding=\"async\" class=\"alignnone wp-image-1223\" src=\"https:\/\/inforgomes.pt\/cozinha\/wp-content\/uploads\/2023\/11\/0-coracao_transp.png\" alt=\"\" width=\"136\" height=\"122\" \/><img loading=\"lazy\" decoding=\"async\" class=\"alignnone wp-image-1758\" src=\"https:\/\/inforgomes.pt\/cozinha\/wp-content\/uploads\/2024\/03\/nao-AO.png\" alt=\"\" width=\"128\" height=\"128\" \/><img loading=\"lazy\" decoding=\"async\" class=\"alignnone wp-image-1791\" src=\"https:\/\/inforgomes.pt\/cozinha\/wp-content\/uploads\/2024\/03\/meio-ambiente.png\" alt=\"\" width=\"127\" height=\"130\" \/><\/p>\n<p>&nbsp;<\/p>\n<div class=\"pvc_clear\"><\/div>\n<p id=\"pvc_stats_1312\" class=\"pvc_stats all  \" data-element-id=\"1312\" style=\"\"><i class=\"pvc-stats-icon medium\" aria-hidden=\"true\"><svg aria-hidden=\"true\" focusable=\"false\" data-prefix=\"far\" data-icon=\"chart-bar\" role=\"img\" xmlns=\"http:\/\/www.w3.org\/2000\/svg\" viewBox=\"0 0 512 512\" class=\"svg-inline--fa fa-chart-bar fa-w-16 fa-2x\"><path fill=\"currentColor\" d=\"M396.8 352h22.4c6.4 0 12.8-6.4 12.8-12.8V108.8c0-6.4-6.4-12.8-12.8-12.8h-22.4c-6.4 0-12.8 6.4-12.8 12.8v230.4c0 6.4 6.4 12.8 12.8 12.8zm-192 0h22.4c6.4 0 12.8-6.4 12.8-12.8V140.8c0-6.4-6.4-12.8-12.8-12.8h-22.4c-6.4 0-12.8 6.4-12.8 12.8v198.4c0 6.4 6.4 12.8 12.8 12.8zm96 0h22.4c6.4 0 12.8-6.4 12.8-12.8V204.8c0-6.4-6.4-12.8-12.8-12.8h-22.4c-6.4 0-12.8 6.4-12.8 12.8v134.4c0 6.4 6.4 12.8 12.8 12.8zM496 400H48V80c0-8.84-7.16-16-16-16H16C7.16 64 0 71.16 0 80v336c0 17.67 14.33 32 32 32h464c8.84 0 16-7.16 16-16v-16c0-8.84-7.16-16-16-16zm-387.2-48h22.4c6.4 0 12.8-6.4 12.8-12.8v-70.4c0-6.4-6.4-12.8-12.8-12.8h-22.4c-6.4 0-12.8 6.4-12.8 12.8v70.4c0 6.4 6.4 12.8 12.8 12.8z\" class=\"\"><\/path><\/svg><\/i> <img loading=\"lazy\" decoding=\"async\" width=\"16\" height=\"16\" alt=\"Loading\" src=\"https:\/\/inforgomes.pt\/social\/wp-content\/plugins\/page-views-count\/ajax-loader-2x.gif\" border=0 \/><\/p>\n<div class=\"pvc_clear\"><\/div>\n","protected":false},"excerpt":{"rendered":"<p>0 0 &nbsp; \ud83c\uddf5\ud83c\uddf9\u00a0PORTUGAL \/\/ METEOROLOGIA \/\/ IPMA O IPMA fez a previs\u00e3o alargada da precipita\u00e7\u00e3o e temperatura para Abril, Maio e Junho &#8211; meses de primavera. Quanto \u00e0 precipita\u00e7\u00e3o, n\u00e3o h\u00e1 anomalias a registar, mas quanto \u00e0 temperatura a &hellip; <a href=\"https:\/\/inforgomes.pt\/social\/entre-chuva-e-temperatura-o-que-esperar-da-primavera-a-previsao-do-ipma\/\">Continue reading <span class=\"meta-nav\">&rarr;<\/span><\/a><\/p>\n<div class=\"pvc_clear\"><\/div>\n<p id=\"pvc_stats_1312\" class=\"pvc_stats all  \" data-element-id=\"1312\" style=\"\"><i class=\"pvc-stats-icon medium\" aria-hidden=\"true\"><svg aria-hidden=\"true\" focusable=\"false\" data-prefix=\"far\" data-icon=\"chart-bar\" role=\"img\" xmlns=\"http:\/\/www.w3.org\/2000\/svg\" viewBox=\"0 0 512 512\" class=\"svg-inline--fa fa-chart-bar fa-w-16 fa-2x\"><path fill=\"currentColor\" d=\"M396.8 352h22.4c6.4 0 12.8-6.4 12.8-12.8V108.8c0-6.4-6.4-12.8-12.8-12.8h-22.4c-6.4 0-12.8 6.4-12.8 12.8v230.4c0 6.4 6.4 12.8 12.8 12.8zm-192 0h22.4c6.4 0 12.8-6.4 12.8-12.8V140.8c0-6.4-6.4-12.8-12.8-12.8h-22.4c-6.4 0-12.8 6.4-12.8 12.8v198.4c0 6.4 6.4 12.8 12.8 12.8zm96 0h22.4c6.4 0 12.8-6.4 12.8-12.8V204.8c0-6.4-6.4-12.8-12.8-12.8h-22.4c-6.4 0-12.8 6.4-12.8 12.8v134.4c0 6.4 6.4 12.8 12.8 12.8zM496 400H48V80c0-8.84-7.16-16-16-16H16C7.16 64 0 71.16 0 80v336c0 17.67 14.33 32 32 32h464c8.84 0 16-7.16 16-16v-16c0-8.84-7.16-16-16-16zm-387.2-48h22.4c6.4 0 12.8-6.4 12.8-12.8v-70.4c0-6.4-6.4-12.8-12.8-12.8h-22.4c-6.4 0-12.8 6.4-12.8 12.8v70.4c0 6.4 6.4 12.8 12.8 12.8z\" class=\"\"><\/path><\/svg><\/i> <img loading=\"lazy\" decoding=\"async\" width=\"16\" height=\"16\" alt=\"Loading\" src=\"https:\/\/inforgomes.pt\/social\/wp-content\/plugins\/page-views-count\/ajax-loader-2x.gif\" border=0 \/><\/p>\n<div class=\"pvc_clear\"><\/div>\n","protected":false},"author":1,"featured_media":0,"comment_status":"open","ping_status":"open","sticky":false,"template":"","format":"standard","meta":{"footnotes":""},"categories":[50,52,14,342],"tags":[],"class_list":["post-1312","post","type-post","status-publish","format-standard","hentry","category-ipma","category-meteorologia","category-portugal","category-previsoes"],"a3_pvc":{"activated":true,"total_views":4,"today_views":0},"_links":{"self":[{"href":"https:\/\/inforgomes.pt\/social\/wp-json\/wp\/v2\/posts\/1312","targetHints":{"allow":["GET"]}}],"collection":[{"href":"https:\/\/inforgomes.pt\/social\/wp-json\/wp\/v2\/posts"}],"about":[{"href":"https:\/\/inforgomes.pt\/social\/wp-json\/wp\/v2\/types\/post"}],"author":[{"embeddable":true,"href":"https:\/\/inforgomes.pt\/social\/wp-json\/wp\/v2\/users\/1"}],"replies":[{"embeddable":true,"href":"https:\/\/inforgomes.pt\/social\/wp-json\/wp\/v2\/comments?post=1312"}],"version-history":[{"count":1,"href":"https:\/\/inforgomes.pt\/social\/wp-json\/wp\/v2\/posts\/1312\/revisions"}],"predecessor-version":[{"id":1313,"href":"https:\/\/inforgomes.pt\/social\/wp-json\/wp\/v2\/posts\/1312\/revisions\/1313"}],"wp:attachment":[{"href":"https:\/\/inforgomes.pt\/social\/wp-json\/wp\/v2\/media?parent=1312"}],"wp:term":[{"taxonomy":"category","embeddable":true,"href":"https:\/\/inforgomes.pt\/social\/wp-json\/wp\/v2\/categories?post=1312"},{"taxonomy":"post_tag","embeddable":true,"href":"https:\/\/inforgomes.pt\/social\/wp-json\/wp\/v2\/tags?post=1312"}],"curies":[{"name":"wp","href":"https:\/\/api.w.org\/{rel}","templated":true}]}}