{"id":1314,"date":"2026-04-09T14:47:56","date_gmt":"2026-04-09T13:47:56","guid":{"rendered":"https:\/\/inforgomes.pt\/social\/?p=1314"},"modified":"2026-04-09T14:47:56","modified_gmt":"2026-04-09T13:47:56","slug":"seguro-promete-atencao-aos-antigos-combatentes-e-quer-que-governo-responda-as-lacunas","status":"publish","type":"post","link":"https:\/\/inforgomes.pt\/social\/seguro-promete-atencao-aos-antigos-combatentes-e-quer-que-governo-responda-as-lacunas\/","title":{"rendered":"Seguro promete aten\u00e7\u00e3o aos antigos combatentes e quer que Governo responda \u00e0s lacunas"},"content":{"rendered":"<div class=\"pld-like-dislike-wrap pld-template-1\">\r\n    <div class=\"pld-like-wrap  pld-common-wrap\">\r\n    <a href=\"javascript:void(0)\" class=\"pld-like-trigger pld-like-dislike-trigger  \" title=\"Gosto\" data-post-id=\"1314\" data-trigger-type=\"like\" data-restriction=\"no\" data-already-liked=\"0\">\r\n                        <i class=\"fas fa-thumbs-up\"><\/i>\r\n                <\/a>\r\n    <span class=\"pld-like-count-wrap pld-count-wrap\">1    <\/span>\r\n<\/div><div class=\"pld-dislike-wrap  pld-common-wrap\">\r\n    <a href=\"javascript:void(0)\" class=\"pld-dislike-trigger pld-like-dislike-trigger  \" title=\"N\u00e3o gosto\" data-post-id=\"1314\" data-trigger-type=\"dislike\" data-restriction=\"no\" data-already-liked=\"0\">\r\n                        <i class=\"fas fa-thumbs-down\"><\/i>\r\n                <\/a>\r\n    <span class=\"pld-dislike-count-wrap pld-count-wrap\">0<\/span>\r\n<\/div><\/div><p>&nbsp;<\/p>\n<p><span style=\"font-size: 20px; font-family: Aldrich; color: #ff0000; --darkreader-inline-color: var(--darkreader-text-ff0000, #ff1a1a);\" data-darkreader-inline-color=\"\"><span style=\"color: #00ff00;\" data-darkreader-inline-color=\"\"><span style=\"font-size: 36px;\">\ud83c\uddf5\ud83c\uddf9<\/span>\u00a0PORT<\/span>UGAL \/\/ EX-COMBATENTES \/\/ ESQUECIDOS<\/span><\/p>\n<p style=\"text-align: justify;\"><em><span style=\"font-size: 20px;\">\u201cNenhum combatente deve sentir que o pa\u00eds pelo qual serviu o abandonou&#8221;, afirmou o Presidente da Rep\u00fablica. S\u00e3o merecedores &#8220;da aten\u00e7\u00e3o permanente do Estado e da sociedade\u201d, disse.<\/span><\/em><\/p>\n<p><div class=\"note\"><div class=\"notewarning\"><span style=\"font-size: 20px;\">Infelizmente, os pol\u00edticos e os partidos a que pertencem, todos eles sem excep\u00e7\u00e3o, est\u00e3o-se cagando para os ex-combatentes!<\/span><\/div><\/div><\/p>\n<div id=\"attachment_1315\" style=\"width: 1210px\" class=\"wp-caption alignleft\"><img loading=\"lazy\" decoding=\"async\" aria-describedby=\"caption-attachment-1315\" class=\"size-full wp-image-1315\" src=\"https:\/\/inforgomes.pt\/social\/wp-content\/uploads\/2026\/04\/dn09042026-01.png\" alt=\"\" width=\"1200\" height=\"675\" srcset=\"https:\/\/inforgomes.pt\/social\/wp-content\/uploads\/2026\/04\/dn09042026-01.png 1200w, https:\/\/inforgomes.pt\/social\/wp-content\/uploads\/2026\/04\/dn09042026-01-300x169.png 300w, https:\/\/inforgomes.pt\/social\/wp-content\/uploads\/2026\/04\/dn09042026-01-1024x576.png 1024w, https:\/\/inforgomes.pt\/social\/wp-content\/uploads\/2026\/04\/dn09042026-01-768x432.png 768w, https:\/\/inforgomes.pt\/social\/wp-content\/uploads\/2026\/04\/dn09042026-01-500x281.png 500w\" sizes=\"auto, (max-width: 1200px) 100vw, 1200px\" \/><p id=\"caption-attachment-1315\" class=\"wp-caption-text\">Presidente da Rep\u00fablica, Ant\u00f3nio Jos\u00e9 Seguro, na cerim\u00f3nia do Dia do Combatente, junto ao Mosteiro da Batalha, em Leiria<br \/>PAULO NOVAIS\/LUSA<\/p><\/div>\n<p>&nbsp;<\/p>\n<p style=\"text-align: justify;\">O Presidente da Rep\u00fablica, Ant\u00f3nio Jos\u00e9 Seguro, prometeu esta quinta-feira, 9 de Abril, ter aten\u00e7\u00e3o \u00e0s causas dos antigos combatentes, que recusa serem \u201cum tema de arquivo\u201d, confiando que o Governo responda \u00e0s necessidades e supere as lacunas que ainda persistem.<\/p>\n<p style=\"text-align: justify;\">\u201cComo Presidente da Rep\u00fablica e comandante supremo das For\u00e7as Armadas, dirijo-me hoje a todos os combatentes e \u00e0s vossas fam\u00edlias com uma mensagem clara: esta Presid\u00eancia n\u00e3o estar\u00e1 indiferente \u00e0s vossas causas.<\/p>\n<p style=\"text-align: justify;\">Os combatentes de Portugal n\u00e3o s\u00e3o um tema de arquivo. S\u00e3o uma presen\u00e7a viva, activa e merecedora da aten\u00e7\u00e3o permanente do Estado e da sociedade\u201d, defendeu o chefe de Estado no seu discurso na cerim\u00f3nia do Dia do Combatente, que decorreu junto ao Mosteiro da Batalha, em Leiria.<\/p>\n<p style=\"text-align: justify;\"><strong>Seguro quer que, 50 anos depois do 25 de Abril, se olhe para os militares que o \u201cajudaram a construir\u201d com \u201cuma gratid\u00e3o que n\u00e3o se esgota em palavras de circunst\u00e2ncia\u201d, apontando que muitos destes \u201cesperam h\u00e1 demasiado tempo por respostas\u201d, apesar dos avan\u00e7os que j\u00e1 aconteceram.<\/strong><\/p>\n<p style=\"text-align: justify;\">\u201cNenhum combatente deve sentir que o pa\u00eds pelo qual serviu o abandonou. <strong>Confio na capacidade do Governo para corresponder \u00e0s expectativas e \u00e0s necessidades dos nossos combatentes\u201d, apelou, numa cerim\u00f3nia na qual estava presente e discursou o ministro da Defesa Nacional, Nuno Melo.<\/strong><\/p>\n<p style=\"text-align: justify;\">Para o Presidente da Rep\u00fablica, \u201creconhecer avan\u00e7os n\u00e3o basta se persistirem lacunas\u201d.<\/p>\n<p style=\"text-align: justify;\"><strong>\u201cA gratuitidade dos medicamentos para pensionistas, a majora\u00e7\u00e3o dos apoios de sa\u00fade, a revis\u00e3o de benef\u00edcios foram evolu\u00e7\u00f5es, mas ainda h\u00e1 muito caminho para andar. A dignidade daqueles que serviram a P\u00e1tria n\u00e3o se compadece com adiamentos intermin\u00e1veis\u201d, avisou.<\/strong><\/p>\n<p style=\"text-align: justify;\"><a href=\"https:\/\/www.dn.pt\/pol%C3%ADtica\/seguro-promete-ateno-aos-antigos-combatentes-e-quer-que-governo-responda-s-lacunas\" target=\"_blank\" rel=\"noopener\">Di\u00e1rio de Not\u00edcias<\/a><br \/>\nDN\/Lusa<br \/>\n09.04.2026<\/p>\n<p>Visita:\u00a0<a href=\"https:\/\/www.counter12.com\"><img decoding=\"async\" src=\"https:\/\/www.counter12.com\/img-89WCxYyaZ1z875ZW-22.gif\" alt=\"free counter\" border=\"0\" \/><\/a><\/p>\n<p style=\"text-align: justify;\"><div class=\"note\"><div class=\"notewarning\">- Neste Blogue, escreve-se em Portugu\u00eas \ud83c\uddf5\ud83c\uddf9 de Portugal (n\u00e3o adulterado pela coloniza\u00e7\u00e3o do AO).<\/div><\/div><\/p>\n<p><img loading=\"lazy\" decoding=\"async\" class=\"alignnone wp-image-1223\" src=\"https:\/\/inforgomes.pt\/cozinha\/wp-content\/uploads\/2023\/11\/0-coracao_transp.png\" alt=\"\" width=\"136\" height=\"122\" \/><img loading=\"lazy\" decoding=\"async\" class=\"alignnone wp-image-1758\" src=\"https:\/\/inforgomes.pt\/cozinha\/wp-content\/uploads\/2024\/03\/nao-AO.png\" alt=\"\" width=\"128\" height=\"128\" \/><img loading=\"lazy\" decoding=\"async\" class=\"alignnone wp-image-1791\" src=\"https:\/\/inforgomes.pt\/cozinha\/wp-content\/uploads\/2024\/03\/meio-ambiente.png\" alt=\"\" width=\"127\" height=\"130\" \/><\/p>\n<p>&nbsp;<\/p>\n<div class=\"pvc_clear\"><\/div>\n<p id=\"pvc_stats_1314\" class=\"pvc_stats all  \" data-element-id=\"1314\" style=\"\"><i class=\"pvc-stats-icon medium\" aria-hidden=\"true\"><svg aria-hidden=\"true\" focusable=\"false\" data-prefix=\"far\" data-icon=\"chart-bar\" role=\"img\" xmlns=\"http:\/\/www.w3.org\/2000\/svg\" viewBox=\"0 0 512 512\" class=\"svg-inline--fa fa-chart-bar fa-w-16 fa-2x\"><path fill=\"currentColor\" d=\"M396.8 352h22.4c6.4 0 12.8-6.4 12.8-12.8V108.8c0-6.4-6.4-12.8-12.8-12.8h-22.4c-6.4 0-12.8 6.4-12.8 12.8v230.4c0 6.4 6.4 12.8 12.8 12.8zm-192 0h22.4c6.4 0 12.8-6.4 12.8-12.8V140.8c0-6.4-6.4-12.8-12.8-12.8h-22.4c-6.4 0-12.8 6.4-12.8 12.8v198.4c0 6.4 6.4 12.8 12.8 12.8zm96 0h22.4c6.4 0 12.8-6.4 12.8-12.8V204.8c0-6.4-6.4-12.8-12.8-12.8h-22.4c-6.4 0-12.8 6.4-12.8 12.8v134.4c0 6.4 6.4 12.8 12.8 12.8zM496 400H48V80c0-8.84-7.16-16-16-16H16C7.16 64 0 71.16 0 80v336c0 17.67 14.33 32 32 32h464c8.84 0 16-7.16 16-16v-16c0-8.84-7.16-16-16-16zm-387.2-48h22.4c6.4 0 12.8-6.4 12.8-12.8v-70.4c0-6.4-6.4-12.8-12.8-12.8h-22.4c-6.4 0-12.8 6.4-12.8 12.8v70.4c0 6.4 6.4 12.8 12.8 12.8z\" class=\"\"><\/path><\/svg><\/i> <img loading=\"lazy\" decoding=\"async\" width=\"16\" height=\"16\" alt=\"Loading\" src=\"https:\/\/inforgomes.pt\/social\/wp-content\/plugins\/page-views-count\/ajax-loader-2x.gif\" border=0 \/><\/p>\n<div class=\"pvc_clear\"><\/div>\n","protected":false},"excerpt":{"rendered":"<p>1 0 &nbsp; \ud83c\uddf5\ud83c\uddf9\u00a0PORTUGAL \/\/ EX-COMBATENTES \/\/ ESQUECIDOS \u201cNenhum combatente deve sentir que o pa\u00eds pelo qual serviu o abandonou&#8221;, afirmou o Presidente da Rep\u00fablica. S\u00e3o merecedores &#8220;da aten\u00e7\u00e3o permanente do Estado e da sociedade\u201d, disse. Infelizmente, os pol\u00edticos e &hellip; <a href=\"https:\/\/inforgomes.pt\/social\/seguro-promete-atencao-aos-antigos-combatentes-e-quer-que-governo-responda-as-lacunas\/\">Continue reading <span class=\"meta-nav\">&rarr;<\/span><\/a><\/p>\n<div class=\"pvc_clear\"><\/div>\n<p id=\"pvc_stats_1314\" class=\"pvc_stats all  \" data-element-id=\"1314\" style=\"\"><i class=\"pvc-stats-icon medium\" aria-hidden=\"true\"><svg aria-hidden=\"true\" focusable=\"false\" data-prefix=\"far\" data-icon=\"chart-bar\" role=\"img\" xmlns=\"http:\/\/www.w3.org\/2000\/svg\" viewBox=\"0 0 512 512\" class=\"svg-inline--fa fa-chart-bar fa-w-16 fa-2x\"><path fill=\"currentColor\" d=\"M396.8 352h22.4c6.4 0 12.8-6.4 12.8-12.8V108.8c0-6.4-6.4-12.8-12.8-12.8h-22.4c-6.4 0-12.8 6.4-12.8 12.8v230.4c0 6.4 6.4 12.8 12.8 12.8zm-192 0h22.4c6.4 0 12.8-6.4 12.8-12.8V140.8c0-6.4-6.4-12.8-12.8-12.8h-22.4c-6.4 0-12.8 6.4-12.8 12.8v198.4c0 6.4 6.4 12.8 12.8 12.8zm96 0h22.4c6.4 0 12.8-6.4 12.8-12.8V204.8c0-6.4-6.4-12.8-12.8-12.8h-22.4c-6.4 0-12.8 6.4-12.8 12.8v134.4c0 6.4 6.4 12.8 12.8 12.8zM496 400H48V80c0-8.84-7.16-16-16-16H16C7.16 64 0 71.16 0 80v336c0 17.67 14.33 32 32 32h464c8.84 0 16-7.16 16-16v-16c0-8.84-7.16-16-16-16zm-387.2-48h22.4c6.4 0 12.8-6.4 12.8-12.8v-70.4c0-6.4-6.4-12.8-12.8-12.8h-22.4c-6.4 0-12.8 6.4-12.8 12.8v70.4c0 6.4 6.4 12.8 12.8 12.8z\" class=\"\"><\/path><\/svg><\/i> <img loading=\"lazy\" decoding=\"async\" width=\"16\" height=\"16\" alt=\"Loading\" src=\"https:\/\/inforgomes.pt\/social\/wp-content\/plugins\/page-views-count\/ajax-loader-2x.gif\" border=0 \/><\/p>\n<div class=\"pvc_clear\"><\/div>\n","protected":false},"author":1,"featured_media":0,"comment_status":"open","ping_status":"open","sticky":false,"template":"","format":"standard","meta":{"footnotes":""},"categories":[332,345,3,344,43,14,343],"tags":[],"class_list":["post-1314","post","type-post","status-publish","format-standard","hentry","category-abril-2026","category-dia-do-combatente-","category-diario-de-noticias","category-ex-combatentes-","category-lusa","category-portugal","category-pr-antonio-jose-seguro-"],"a3_pvc":{"activated":true,"total_views":3,"today_views":0},"_links":{"self":[{"href":"https:\/\/inforgomes.pt\/social\/wp-json\/wp\/v2\/posts\/1314","targetHints":{"allow":["GET"]}}],"collection":[{"href":"https:\/\/inforgomes.pt\/social\/wp-json\/wp\/v2\/posts"}],"about":[{"href":"https:\/\/inforgomes.pt\/social\/wp-json\/wp\/v2\/types\/post"}],"author":[{"embeddable":true,"href":"https:\/\/inforgomes.pt\/social\/wp-json\/wp\/v2\/users\/1"}],"replies":[{"embeddable":true,"href":"https:\/\/inforgomes.pt\/social\/wp-json\/wp\/v2\/comments?post=1314"}],"version-history":[{"count":1,"href":"https:\/\/inforgomes.pt\/social\/wp-json\/wp\/v2\/posts\/1314\/revisions"}],"predecessor-version":[{"id":1316,"href":"https:\/\/inforgomes.pt\/social\/wp-json\/wp\/v2\/posts\/1314\/revisions\/1316"}],"wp:attachment":[{"href":"https:\/\/inforgomes.pt\/social\/wp-json\/wp\/v2\/media?parent=1314"}],"wp:term":[{"taxonomy":"category","embeddable":true,"href":"https:\/\/inforgomes.pt\/social\/wp-json\/wp\/v2\/categories?post=1314"},{"taxonomy":"post_tag","embeddable":true,"href":"https:\/\/inforgomes.pt\/social\/wp-json\/wp\/v2\/tags?post=1314"}],"curies":[{"name":"wp","href":"https:\/\/api.w.org\/{rel}","templated":true}]}}