{"id":1317,"date":"2026-04-09T20:41:00","date_gmt":"2026-04-09T19:41:00","guid":{"rendered":"https:\/\/inforgomes.pt\/social\/?p=1317"},"modified":"2026-04-09T20:41:00","modified_gmt":"2026-04-09T19:41:00","slug":"grandes-inundacoes-incendios-e-nao-so-vem-ai-um-super-el-nino","status":"publish","type":"post","link":"https:\/\/inforgomes.pt\/social\/grandes-inundacoes-incendios-e-nao-so-vem-ai-um-super-el-nino\/","title":{"rendered":"Grandes inunda\u00e7\u00f5es, inc\u00eandios e n\u00e3o s\u00f3: vem a\u00ed um super El Ni\u00f1o"},"content":{"rendered":"<div class=\"pld-like-dislike-wrap pld-template-1\">\r\n    <div class=\"pld-like-wrap  pld-common-wrap\">\r\n    <a href=\"javascript:void(0)\" class=\"pld-like-trigger pld-like-dislike-trigger  \" title=\"Gosto\" data-post-id=\"1317\" data-trigger-type=\"like\" data-restriction=\"no\" data-already-liked=\"0\">\r\n                        <i class=\"fas fa-thumbs-up\"><\/i>\r\n                <\/a>\r\n    <span class=\"pld-like-count-wrap pld-count-wrap\">1    <\/span>\r\n<\/div><div class=\"pld-dislike-wrap  pld-common-wrap\">\r\n    <a href=\"javascript:void(0)\" class=\"pld-dislike-trigger pld-like-dislike-trigger  \" title=\"N\u00e3o gosto\" data-post-id=\"1317\" data-trigger-type=\"dislike\" data-restriction=\"no\" data-already-liked=\"0\">\r\n                        <i class=\"fas fa-thumbs-down\"><\/i>\r\n                <\/a>\r\n    <span class=\"pld-dislike-count-wrap pld-count-wrap\">0<\/span>\r\n<\/div><\/div><p>&nbsp;<\/p>\n<p><span style=\"font-size: 20px; font-family: Aldrich; color: #ff0000;\" data-darkreader-inline-color=\"\">METEOROLOGIA \/\/ SUPER EL NI\u00d1O<\/span><\/p>\n<p style=\"text-align: justify;\">Prepare-se para ouvir muito mais sobre o El Ni\u00f1o nos pr\u00f3ximos meses &#8211; e talvez at\u00e9 durante mais tempo &#8211; \u00e0 medida que o infame ciclo clim\u00e1tico regressa, desenvolvendo-se e intensificando-se no Oceano Pac\u00edfico, junto ao equador. Se se formar como previsto, este El Ni\u00f1o ir\u00e1 redesenhar os mapas clim\u00e1ticos globais, provocando inunda\u00e7\u00f5es em algumas regi\u00f5es e secas e inc\u00eandios florestais noutras &#8211; tudo isto enquanto acelera o ritmo do aquecimento global.<\/p>\n<div id=\"attachment_1318\" style=\"width: 778px\" class=\"wp-caption aligncenter\"><img loading=\"lazy\" decoding=\"async\" aria-describedby=\"caption-attachment-1318\" class=\"size-full wp-image-1318\" src=\"https:\/\/inforgomes.pt\/social\/wp-content\/uploads\/2026\/04\/cnn08042026.png\" alt=\"\" width=\"768\" height=\"512\" srcset=\"https:\/\/inforgomes.pt\/social\/wp-content\/uploads\/2026\/04\/cnn08042026.png 768w, https:\/\/inforgomes.pt\/social\/wp-content\/uploads\/2026\/04\/cnn08042026-300x200.png 300w, https:\/\/inforgomes.pt\/social\/wp-content\/uploads\/2026\/04\/cnn08042026-450x300.png 450w\" sizes=\"auto, (max-width: 768px) 100vw, 768px\" \/><p id=\"caption-attachment-1318\" class=\"wp-caption-text\">Pessoas re\u00fanem-se para assistir ao p\u00f4r do sol na praia de Windansea, em La Jolla, durante uma onda de calor de inverno, a 31 de Janeiro, em San Diego, na Calif\u00f3rnia. Um Super El Ni\u00f1o tamb\u00e9m pode resultar em calor recorde no pr\u00f3ximo inverno<br \/>(Kevin Carter\/Getty Images)<\/p><\/div>\n<p style=\"text-align: justify;\" data-t=\"{&quot;n&quot;:&quot;blueLinks&quot;,&quot;t&quot;:13,&quot;a&quot;:&quot;click&quot;,&quot;b&quot;:76}\">H\u00e1 ind\u00edcios crescentes de que um El Ni\u00f1o n\u00e3o s\u00f3 est\u00e1 iminente &#8211; a chegar no final do ver\u00e3o ou no in\u00edcio do outono &#8211; como tamb\u00e9m pode ser significativo.<\/p>\n<p style=\"text-align: justify;\" data-t=\"{&quot;n&quot;:&quot;blueLinks&quot;,&quot;t&quot;:13,&quot;a&quot;:&quot;click&quot;,&quot;b&quot;:76}\">Na verdade, este poderia at\u00e9 ser classificado como um &#8220;Super El Ni\u00f1o&#8221;, o que aumentaria significativamente os impactos sentidos em todo o mundo. El Ni\u00f1os t\u00e3o intensos s\u00e3o raros.<\/p>\n<p style=\"text-align: justify;\" data-t=\"{&quot;n&quot;:&quot;blueLinks&quot;,&quot;t&quot;:13,&quot;a&quot;:&quot;click&quot;,&quot;b&quot;:76}\">Para que um El Ni\u00f1o seja declarado, em geral, as temperaturas oce\u00e2nicas numa determinada regi\u00e3o do Pac\u00edfico tropical devem estar 0,5 graus Celsius acima da m\u00e9dia de longo prazo. Um Super El Ni\u00f1o, por outro lado, ocorre quando as temperaturas est\u00e3o mais de 2 graus Celsius acima da m\u00e9dia. Alguns modelos computacionais geralmente fi\u00e1veis, como o conjunto de modelos europeus, est\u00e3o a projectar exactamente este resultado para esta vez.<\/p>\n<p class=\"article-sub-heading\" style=\"text-align: justify;\"><span style=\"font-family: Aldrich; font-size: 20px;\">Os fen\u00f3menos mais temidos<\/span><\/p>\n<p class=\"continue-read-break\" style=\"text-align: justify;\" data-t=\"{&quot;n&quot;:&quot;blueLinks&quot;,&quot;t&quot;:13,&quot;a&quot;:&quot;click&quot;,&quot;b&quot;:76}\">El Ni\u00f1o e La Ni\u00f1a, nomes que se traduzem como &#8220;o Menino&#8221; e &#8220;a Menina&#8221;, s\u00e3o ciclos clim\u00e1ticos recorrentes no Oceano Pac\u00edfico tropical que ocorrem a cada poucos anos e podem ter efeitos profundos nos padr\u00f5es clim\u00e1ticos globais. No caso do El Ni\u00f1o, o ciclo pode trazer tanto inunda\u00e7\u00f5es como secas a diferentes partes de \u00c1frica, contribuir para as tempestades de inverno na costa oeste dos EUA e levar a extremos de calor mais frequentes em todo o mundo.<\/p>\n<p style=\"text-align: justify;\" data-t=\"{&quot;n&quot;:&quot;blueLinks&quot;,&quot;t&quot;:13,&quot;a&quot;:&quot;click&quot;,&quot;b&quot;:76}\">O El Ni\u00f1o \u00e9 caracterizado por \u00e1guas excepcionalmente quentes ao longo do Oceano Pac\u00edfico tropical equatorial e por uma s\u00e9rie de altera\u00e7\u00f5es relacionadas nos padr\u00f5es de ventos e precipita\u00e7\u00e3o na atmosfera. \u00c9 um fen\u00f3meno denominado acoplado, o que significa que, para ocorrer um El Ni\u00f1o, tanto o oceano como a atmosfera t\u00eam de estar a interagir de formas caracter\u00edsticas.<\/p>\n<div id=\"attachment_1319\" style=\"width: 778px\" class=\"wp-caption aligncenter\"><img loading=\"lazy\" decoding=\"async\" aria-describedby=\"caption-attachment-1319\" class=\"size-full wp-image-1319\" src=\"https:\/\/inforgomes.pt\/social\/wp-content\/uploads\/2026\/04\/cnn08042026-02.png\" alt=\"\" width=\"768\" height=\"432\" srcset=\"https:\/\/inforgomes.pt\/social\/wp-content\/uploads\/2026\/04\/cnn08042026-02.png 768w, https:\/\/inforgomes.pt\/social\/wp-content\/uploads\/2026\/04\/cnn08042026-02-300x169.png 300w, https:\/\/inforgomes.pt\/social\/wp-content\/uploads\/2026\/04\/cnn08042026-02-500x281.png 500w\" sizes=\"auto, (max-width: 768px) 100vw, 768px\" \/><p id=\"caption-attachment-1319\" class=\"wp-caption-text\">Mapa das diferen\u00e7as de temperatura oce\u00e2nica em rela\u00e7\u00e3o ao normal durante um El Ni\u00f1o forte. As cores vermelhas indicam que a \u00e1gua do oceano est\u00e1 mais quente do que o normal; o azul indica que est\u00e1 mais fria<br \/>(NOAA)<\/p><\/div>\n<p style=\"text-align: justify;\" data-t=\"{&quot;n&quot;:&quot;blueLinks&quot;,&quot;t&quot;:13,&quot;a&quot;:&quot;click&quot;,&quot;b&quot;:76}\">A atmosfera tende a reagir \u00e0s \u00e1guas mais quentes deslocando as \u00e1reas de precipita\u00e7\u00e3o intensa para mais perto da regi\u00e3o quente do oceano. Os ventos al\u00edsios, que normalmente sopram de leste para oeste perto do equador, podem enfraquecer e inverter a sua direc\u00e7\u00e3o. Estas mudan\u00e7as s\u00e3o significativas o suficiente para afectar o clima em todo o mundo, como uma s\u00e9rie de domin\u00f3s que caem.<\/p>\n<p style=\"text-align: justify;\" data-t=\"{&quot;n&quot;:&quot;blueLinks&quot;,&quot;t&quot;:13,&quot;a&quot;:&quot;click&quot;,&quot;b&quot;:76}\">Neste momento, enormes volumes de \u00e1gua excepcionalmente quente est\u00e3o a espalhar-se sob a superf\u00edcie do oceano, desde o Pac\u00edfico tropical ocidental at\u00e9 ao oriental, onde esta \u00e1gua sobe lentamente \u00e0 superf\u00edcie, num claro precursor do El Ni\u00f1o. \u00c1reas peri\u00f3dicas de vento a soprar de oeste para este t\u00eam ajudado a transportar esta \u00e1gua, em fen\u00f3menos conhecidos como rajadas de vento oeste.<\/p>\n<p style=\"text-align: justify;\" data-t=\"{&quot;n&quot;:&quot;blueLinks&quot;,&quot;t&quot;:13,&quot;a&quot;:&quot;click&quot;,&quot;b&quot;:76}\">Embora o El Ni\u00f1o e a La Ni\u00f1a, o fen\u00f3meno mais frio do El Ni\u00f1o, sejam fascinantes do ponto de vista meteorol\u00f3gico, preocupamo-nos com eles devido \u00e0s formas como podem afectar os eventos clim\u00e1ticos extremos em todo o mundo. Na verdade, podem causar preju\u00edzos de milhares de milh\u00f5es de d\u00f3lares, e um El Ni\u00f1o mais forte tornaria provavelmente os impactos habituais ainda mais severos.<\/p>\n<p style=\"text-align: justify;\" data-t=\"{&quot;n&quot;:&quot;blueLinks&quot;,&quot;t&quot;:13,&quot;a&quot;:&quot;click&quot;,&quot;b&quot;:76}\">Identificar a forma\u00e7\u00e3o de um El Ni\u00f1o e prever a sua evolu\u00e7\u00e3o \u201cd\u00e1-nos um aviso pr\u00e9vio sobre as mudan\u00e7as nos riscos de muitos fen\u00f3menos clim\u00e1ticos, incluindo inunda\u00e7\u00f5es, secas, ondas de calor, furac\u00f5es e tempestades severas\u201d, explica Nat Johnson, meteorologista do Laborat\u00f3rio de Din\u00e2mica de Fluidos Geof\u00edsicos da Administra\u00e7\u00e3o Nacional Oce\u00e2nica e Atmosf\u00e9rica (NOAA). \u201cEstes impactos clim\u00e1ticos e meteorol\u00f3gicos modificam a produ\u00e7\u00e3o agr\u00edcola, a propaga\u00e7\u00e3o de doen\u00e7as, o branqueamento de corais, a pesca e muitas outras partes do sistema terrestre que afectam o nosso dia a dia.\u201d<\/p>\n<p style=\"text-align: justify;\" data-t=\"{&quot;n&quot;:&quot;blueLinks&quot;,&quot;t&quot;:13,&quot;a&quot;:&quot;click&quot;,&quot;b&quot;:76}\">Ainda h\u00e1 muita incerteza em rela\u00e7\u00e3o ao pr\u00f3ximo El Ni\u00f1o, incluindo uma variedade de previs\u00f5es, especialmente em rela\u00e7\u00e3o \u00e0 intensidade, acrescenta Johnson. Para complicar ainda mais as coisas, as projec\u00e7\u00f5es dos modelos computacionais feitas durante a primavera tendem a ter uma precis\u00e3o inferior \u00e0s projec\u00e7\u00f5es feitas noutras alturas do ano, um fen\u00f3meno conhecido como barreira de previs\u00e3o da primavera.<\/p>\n<div id=\"attachment_1320\" style=\"width: 778px\" class=\"wp-caption aligncenter\"><img loading=\"lazy\" decoding=\"async\" aria-describedby=\"caption-attachment-1320\" class=\"size-full wp-image-1320\" src=\"https:\/\/inforgomes.pt\/social\/wp-content\/uploads\/2026\/04\/cnn08042026-03.png\" alt=\"\" width=\"768\" height=\"560\" srcset=\"https:\/\/inforgomes.pt\/social\/wp-content\/uploads\/2026\/04\/cnn08042026-03.png 768w, https:\/\/inforgomes.pt\/social\/wp-content\/uploads\/2026\/04\/cnn08042026-03-300x219.png 300w, https:\/\/inforgomes.pt\/social\/wp-content\/uploads\/2026\/04\/cnn08042026-03-411x300.png 411w\" sizes=\"auto, (max-width: 768px) 100vw, 768px\" \/><p id=\"caption-attachment-1320\" class=\"wp-caption-text\">As pessoas enchem a praia de Baker, perto da Golden Gate, em S\u00e3o Francisco, na Calif\u00f3rnia, a 16 de Mar\u00e7o, devido a um alerta de calor<br \/>(Tayfun Coskun\/Anadolu\/Getty Images)<\/p><\/div>\n<p class=\"article-sub-heading\" style=\"text-align: justify;\"><span style=\"font-family: Aldrich; font-size: 20px;\">Quente e mais quente<\/span><\/p>\n<p style=\"text-align: justify;\" data-t=\"{&quot;n&quot;:&quot;blueLinks&quot;,&quot;t&quot;:13,&quot;a&quot;:&quot;click&quot;,&quot;b&quot;:76}\">Nos EUA, o El Ni\u00f1o tende a atingir o seu pico durante os meses de inverno, quando pode enviar uma s\u00e9rie de tempestades para partes da Calif\u00f3rnia e ao longo da faixa sul dos EUA, trazendo o risco de inunda\u00e7\u00f5es.<\/p>\n<p style=\"text-align: justify;\" data-t=\"{&quot;n&quot;:&quot;blueLinks&quot;,&quot;t&quot;:13,&quot;a&quot;:&quot;click&quot;,&quot;b&quot;:76}\">Tamb\u00e9m pode acelerar os ventos na alta atmosfera sobre o Oceano Atl\u00e2ntico tropical durante o outono. Isto provoca um aumento do cisalhamento do vento, o que pode desfazer tempestades tropicais e furac\u00f5es em forma\u00e7\u00e3o &#8211; prejudicando a \u00e9poca dos furac\u00f5es no Atl\u00e2ntico.<\/p>\n<p style=\"text-align: justify;\" data-t=\"{&quot;n&quot;:&quot;blueLinks&quot;,&quot;t&quot;:13,&quot;a&quot;:&quot;click&quot;,&quot;b&quot;:76}\">Al\u00e9m disso, os El Ni\u00f1os fortes tamb\u00e9m foram associados a ondas de calor nos EUA e noutras partes do mundo.<\/p>\n<p style=\"text-align: justify;\" data-t=\"{&quot;n&quot;:&quot;blueLinks&quot;,&quot;t&quot;:13,&quot;a&quot;:&quot;click&quot;,&quot;b&quot;:76}\">Globalmente, o El Ni\u00f1o \u00e9 conhecido por aumentar as probabilidades de secas e ondas de calor na Austr\u00e1lia, onde tamb\u00e9m pode elevar os riscos de inc\u00eandios florestais. Outras \u00e1reas propensas \u00e0 seca durante o El Ni\u00f1o incluem o norte da Am\u00e9rica do Sul (incluindo partes da floresta da Amaz\u00f3nia), a \u00c1frica central e meridional e a \u00cdndia. O El Ni\u00f1o pode tamb\u00e9m causar chuvas em excesso, com \u00e1reas propensas a inunda\u00e7\u00f5es fora dos EUA, incluindo o sudeste da Am\u00e9rica do Sul, o corno de \u00c1frica, o Ir\u00e3o, o Afeganist\u00e3o e outras partes da \u00c1sia centro-sul.<\/p>\n<p style=\"text-align: justify;\" data-t=\"{&quot;n&quot;:&quot;blueLinks&quot;,&quot;t&quot;:13,&quot;a&quot;:&quot;click&quot;,&quot;b&quot;:76}\">Em termos clim\u00e1ticos, o El Ni\u00f1o tende a libertar enormes quantidades de calor armazenado nos oceanos de volta para a atmosfera, elevando as temperaturas m\u00e9dias globais \u00e0 superf\u00edcie. Se um El Ni\u00f1o forte se formar e persistir durante o inverno, \u00e9 quase certo que 2026, 2027 ou ambos os anos estabelecer\u00e3o novos recordes de ano mais quente desde que os dados instrumentais come\u00e7aram a ser recolhidos no s\u00e9culo XIX.<\/p>\n<p style=\"text-align: justify;\" data-t=\"{&quot;n&quot;:&quot;blueLinks&quot;,&quot;t&quot;:13,&quot;a&quot;:&quot;click&quot;,&quot;b&quot;:76}\">O planeta j\u00e1 est\u00e1 a aquecer a um ritmo acelerado, e um El Ni\u00f1o intenso aceleraria ainda mais este processo, pelo menos durante alguns anos. Se compararmos as altera\u00e7\u00f5es clim\u00e1ticas a subir uma escada rolante, com alguns anos mais quentes do que outros, um ano de El Ni\u00f1o seria o equivalente a saltar para cima e para baixo enquanto se sobe essa escada rolante &#8211; atingindo novos patamares recorde, ainda que brevemente.<\/p>\n<p style=\"text-align: justify;\" data-t=\"{&quot;n&quot;:&quot;blueLinks&quot;,&quot;t&quot;:13,&quot;a&quot;:&quot;click&quot;,&quot;b&quot;:76}\">O \u00faltimo El Ni\u00f1o, que n\u00e3o foi um Super El Ni\u00f1o, fez com que 2024 se tornasse o ano mais quente de que h\u00e1 registo. O \u00faltimo Super El Ni\u00f1o ocorreu em 2015-2016, com outros em 1997-98 e 1982-83. O Super El Ni\u00f1o n\u00e3o \u00e9 uma designa\u00e7\u00e3o t\u00e9cnica da NOAA, mas sim uma defini\u00e7\u00e3o informal utilizada por alguns meteorologistas e pelos meios de comunica\u00e7\u00e3o social para se referirem a um El Ni\u00f1o muito forte.<\/p>\n<p style=\"text-align: justify;\" data-t=\"{&quot;n&quot;:&quot;blueLinks&quot;,&quot;t&quot;:13,&quot;a&quot;:&quot;click&quot;,&quot;b&quot;:76}\">Os meteorologistas estar\u00e3o a observar atentamente o aquecimento das \u00e1guas do Pac\u00edfico para determinar a intensidade do El Ni\u00f1o que teremos. Se o modelo europeu se revelar correto, poder\u00e1 ser o El Ni\u00f1o mais forte alguma vez registado.<\/p>\n<p style=\"text-align: justify;\"><a href=\"https:\/\/www.msn.com\/pt-pt\/noticias\/other\/grandes-inunda%C3%A7%C3%B5es-inc%C3%AAndios-e-n%C3%A3o-s%C3%B3-vem-a%C3%AD-um-super-el-ni%C3%B1o\/ar-AA20rhAP\" target=\"_blank\" rel=\"noopener\">CNN<\/a><br \/>\n08.04.2026<\/p>\n<p>Visita:\u00a0<a href=\"https:\/\/www.counter12.com\"><img decoding=\"async\" src=\"https:\/\/www.counter12.com\/img-89WCxYyaZ1z875ZW-22.gif\" alt=\"free counter\" border=\"0\" \/><\/a><\/p>\n<p style=\"text-align: justify;\"><div class=\"note\"><div class=\"notewarning\">- Neste Blogue, escreve-se em Portugu\u00eas \ud83c\uddf5\ud83c\uddf9 de Portugal (n\u00e3o adulterado pela coloniza\u00e7\u00e3o do AO).<\/div><\/div><\/p>\n<p><img loading=\"lazy\" decoding=\"async\" class=\"alignnone wp-image-1223\" src=\"https:\/\/inforgomes.pt\/cozinha\/wp-content\/uploads\/2023\/11\/0-coracao_transp.png\" alt=\"\" width=\"136\" height=\"122\" \/><img loading=\"lazy\" decoding=\"async\" class=\"alignnone wp-image-1758\" src=\"https:\/\/inforgomes.pt\/cozinha\/wp-content\/uploads\/2024\/03\/nao-AO.png\" alt=\"\" width=\"128\" height=\"128\" \/><img loading=\"lazy\" decoding=\"async\" class=\"alignnone wp-image-1791\" src=\"https:\/\/inforgomes.pt\/cozinha\/wp-content\/uploads\/2024\/03\/meio-ambiente.png\" alt=\"\" width=\"127\" height=\"130\" \/><\/p>\n<p>&nbsp;<\/p>\n<div class=\"pvc_clear\"><\/div>\n<p id=\"pvc_stats_1317\" class=\"pvc_stats all  \" data-element-id=\"1317\" style=\"\"><i class=\"pvc-stats-icon medium\" aria-hidden=\"true\"><svg aria-hidden=\"true\" focusable=\"false\" data-prefix=\"far\" data-icon=\"chart-bar\" role=\"img\" xmlns=\"http:\/\/www.w3.org\/2000\/svg\" viewBox=\"0 0 512 512\" class=\"svg-inline--fa fa-chart-bar fa-w-16 fa-2x\"><path fill=\"currentColor\" d=\"M396.8 352h22.4c6.4 0 12.8-6.4 12.8-12.8V108.8c0-6.4-6.4-12.8-12.8-12.8h-22.4c-6.4 0-12.8 6.4-12.8 12.8v230.4c0 6.4 6.4 12.8 12.8 12.8zm-192 0h22.4c6.4 0 12.8-6.4 12.8-12.8V140.8c0-6.4-6.4-12.8-12.8-12.8h-22.4c-6.4 0-12.8 6.4-12.8 12.8v198.4c0 6.4 6.4 12.8 12.8 12.8zm96 0h22.4c6.4 0 12.8-6.4 12.8-12.8V204.8c0-6.4-6.4-12.8-12.8-12.8h-22.4c-6.4 0-12.8 6.4-12.8 12.8v134.4c0 6.4 6.4 12.8 12.8 12.8zM496 400H48V80c0-8.84-7.16-16-16-16H16C7.16 64 0 71.16 0 80v336c0 17.67 14.33 32 32 32h464c8.84 0 16-7.16 16-16v-16c0-8.84-7.16-16-16-16zm-387.2-48h22.4c6.4 0 12.8-6.4 12.8-12.8v-70.4c0-6.4-6.4-12.8-12.8-12.8h-22.4c-6.4 0-12.8 6.4-12.8 12.8v70.4c0 6.4 6.4 12.8 12.8 12.8z\" class=\"\"><\/path><\/svg><\/i> <img loading=\"lazy\" decoding=\"async\" width=\"16\" height=\"16\" alt=\"Loading\" src=\"https:\/\/inforgomes.pt\/social\/wp-content\/plugins\/page-views-count\/ajax-loader-2x.gif\" border=0 \/><\/p>\n<div class=\"pvc_clear\"><\/div>\n","protected":false},"excerpt":{"rendered":"<p>1 0 &nbsp; METEOROLOGIA \/\/ SUPER EL NI\u00d1O Prepare-se para ouvir muito mais sobre o El Ni\u00f1o nos pr\u00f3ximos meses &#8211; e talvez at\u00e9 durante mais tempo &#8211; \u00e0 medida que o infame ciclo clim\u00e1tico regressa, desenvolvendo-se e intensificando-se no &hellip; <a href=\"https:\/\/inforgomes.pt\/social\/grandes-inundacoes-incendios-e-nao-so-vem-ai-um-super-el-nino\/\">Continue reading <span class=\"meta-nav\">&rarr;<\/span><\/a><\/p>\n<div class=\"pvc_clear\"><\/div>\n<p id=\"pvc_stats_1317\" class=\"pvc_stats all  \" data-element-id=\"1317\" style=\"\"><i class=\"pvc-stats-icon medium\" aria-hidden=\"true\"><svg aria-hidden=\"true\" focusable=\"false\" data-prefix=\"far\" data-icon=\"chart-bar\" role=\"img\" xmlns=\"http:\/\/www.w3.org\/2000\/svg\" viewBox=\"0 0 512 512\" class=\"svg-inline--fa fa-chart-bar fa-w-16 fa-2x\"><path fill=\"currentColor\" d=\"M396.8 352h22.4c6.4 0 12.8-6.4 12.8-12.8V108.8c0-6.4-6.4-12.8-12.8-12.8h-22.4c-6.4 0-12.8 6.4-12.8 12.8v230.4c0 6.4 6.4 12.8 12.8 12.8zm-192 0h22.4c6.4 0 12.8-6.4 12.8-12.8V140.8c0-6.4-6.4-12.8-12.8-12.8h-22.4c-6.4 0-12.8 6.4-12.8 12.8v198.4c0 6.4 6.4 12.8 12.8 12.8zm96 0h22.4c6.4 0 12.8-6.4 12.8-12.8V204.8c0-6.4-6.4-12.8-12.8-12.8h-22.4c-6.4 0-12.8 6.4-12.8 12.8v134.4c0 6.4 6.4 12.8 12.8 12.8zM496 400H48V80c0-8.84-7.16-16-16-16H16C7.16 64 0 71.16 0 80v336c0 17.67 14.33 32 32 32h464c8.84 0 16-7.16 16-16v-16c0-8.84-7.16-16-16-16zm-387.2-48h22.4c6.4 0 12.8-6.4 12.8-12.8v-70.4c0-6.4-6.4-12.8-12.8-12.8h-22.4c-6.4 0-12.8 6.4-12.8 12.8v70.4c0 6.4 6.4 12.8 12.8 12.8z\" class=\"\"><\/path><\/svg><\/i> <img loading=\"lazy\" decoding=\"async\" width=\"16\" height=\"16\" alt=\"Loading\" src=\"https:\/\/inforgomes.pt\/social\/wp-content\/plugins\/page-views-count\/ajax-loader-2x.gif\" border=0 \/><\/p>\n<div class=\"pvc_clear\"><\/div>\n","protected":false},"author":1,"featured_media":0,"comment_status":"open","ping_status":"open","sticky":false,"template":"","format":"standard","meta":{"footnotes":""},"categories":[332,305,52,14],"tags":[],"class_list":["post-1317","post","type-post","status-publish","format-standard","hentry","category-abril-2026","category-el-nino","category-meteorologia","category-portugal"],"a3_pvc":{"activated":true,"total_views":3,"today_views":0},"_links":{"self":[{"href":"https:\/\/inforgomes.pt\/social\/wp-json\/wp\/v2\/posts\/1317","targetHints":{"allow":["GET"]}}],"collection":[{"href":"https:\/\/inforgomes.pt\/social\/wp-json\/wp\/v2\/posts"}],"about":[{"href":"https:\/\/inforgomes.pt\/social\/wp-json\/wp\/v2\/types\/post"}],"author":[{"embeddable":true,"href":"https:\/\/inforgomes.pt\/social\/wp-json\/wp\/v2\/users\/1"}],"replies":[{"embeddable":true,"href":"https:\/\/inforgomes.pt\/social\/wp-json\/wp\/v2\/comments?post=1317"}],"version-history":[{"count":3,"href":"https:\/\/inforgomes.pt\/social\/wp-json\/wp\/v2\/posts\/1317\/revisions"}],"predecessor-version":[{"id":1323,"href":"https:\/\/inforgomes.pt\/social\/wp-json\/wp\/v2\/posts\/1317\/revisions\/1323"}],"wp:attachment":[{"href":"https:\/\/inforgomes.pt\/social\/wp-json\/wp\/v2\/media?parent=1317"}],"wp:term":[{"taxonomy":"category","embeddable":true,"href":"https:\/\/inforgomes.pt\/social\/wp-json\/wp\/v2\/categories?post=1317"},{"taxonomy":"post_tag","embeddable":true,"href":"https:\/\/inforgomes.pt\/social\/wp-json\/wp\/v2\/tags?post=1317"}],"curies":[{"name":"wp","href":"https:\/\/api.w.org\/{rel}","templated":true}]}}