{"id":1327,"date":"2026-04-10T10:40:13","date_gmt":"2026-04-10T09:40:13","guid":{"rendered":"https:\/\/inforgomes.pt\/social\/?p=1327"},"modified":"2026-04-10T10:43:28","modified_gmt":"2026-04-10T09:43:28","slug":"entre-moscovo-washington-e-bruxelas-a-estrategia-politica-de-orban","status":"publish","type":"post","link":"https:\/\/inforgomes.pt\/social\/entre-moscovo-washington-e-bruxelas-a-estrategia-politica-de-orban\/","title":{"rendered":"Entre Moscovo, Washington e Bruxelas: a estrat\u00e9gia pol\u00edtica de Orb\u00e1n"},"content":{"rendered":"<div class=\"pld-like-dislike-wrap pld-template-1\">\r\n    <div class=\"pld-like-wrap  pld-common-wrap\">\r\n    <a href=\"javascript:void(0)\" class=\"pld-like-trigger pld-like-dislike-trigger  \" title=\"Gosto\" data-post-id=\"1327\" data-trigger-type=\"like\" data-restriction=\"no\" data-already-liked=\"0\">\r\n                        <i class=\"fas fa-thumbs-up\"><\/i>\r\n                <\/a>\r\n    <span class=\"pld-like-count-wrap pld-count-wrap\">1    <\/span>\r\n<\/div><div class=\"pld-dislike-wrap  pld-common-wrap\">\r\n    <a href=\"javascript:void(0)\" class=\"pld-dislike-trigger pld-like-dislike-trigger  \" title=\"N\u00e3o gosto\" data-post-id=\"1327\" data-trigger-type=\"dislike\" data-restriction=\"no\" data-already-liked=\"0\">\r\n                        <i class=\"fas fa-thumbs-down\"><\/i>\r\n                <\/a>\r\n    <span class=\"pld-dislike-count-wrap pld-count-wrap\">0<\/span>\r\n<\/div><\/div><p>&nbsp;<\/p>\n<p><span style=\"font-size: 20px; font-family: Aldrich; color: #ff0000;\" data-darkreader-inline-color=\"\"><span style=\"font-size: 36px;\">\ud83c\uddf5\ud83c\uddf9<\/span>\u00a0OPINI\u00c3O<\/span><\/p>\n<p style=\"text-align: justify;\"><img loading=\"lazy\" decoding=\"async\" class=\"alignleft size-full wp-image-1251\" src=\"https:\/\/inforgomes.pt\/social\/wp-content\/uploads\/2026\/03\/VictorAngelo106.png\" alt=\"\" width=\"106\" height=\"105\" \/>Os eleitores h\u00fangaros decidir\u00e3o no domingo, 12 de Abril, que for\u00e7as pol\u00edticas poder\u00e3o formar uma maioria no Parlamento Nacional e, consequentemente, quem ser\u00e1 o futuro primeiro-ministro do pa\u00eds. O resto da Europa aguarda ansiosamente pelo desfecho desta elei\u00e7\u00e3o.<\/p>\n<p style=\"text-align: justify;\">Viktor Orb\u00e1n, que est\u00e1 \u00e0 frente do governo desde 2010, quer obter o seu quinto mandato consecutivo. Orb\u00e1n, que joga em tr\u00eas tabuleiros simultaneamente \u2013 no russo de Putin, no americano de Trump e no europeu de Bruxelas \u2013 tem explorado sistematicamente cada um deles para maximizar as suas hip\u00f3teses de reelei\u00e7\u00e3o.<\/p>\n<p style=\"text-align: justify;\">Ele representa uma forma contempor\u00e2nea de autoritarismo pol\u00edtico, exercido dentro de um quadro institucional formalmente democr\u00e1tico. Trata-se, segundo v\u00e1rios analistas, de um dos exemplos mais claros de uma pol\u00edtica centrada no poder quase absoluto do chefe, um fen\u00f3meno antigo que est\u00e1 a renascer no espa\u00e7o europeu, em paralelo com o que se passa noutras partes do globo.<\/p>\n<p style=\"text-align: justify;\">As ast\u00facias que tem utilizado s\u00e3o v\u00e1rias. Os distritos eleitorais foram redesenhados de forma a maximizar o peso relativo dos votos rurais, onde o seu partido, o Fidesz, controla mais facilmente o eleitorado. Em sentido inverso, o peso dos votos urbanos, que tradicionalmente v\u00e3o no sentido da oposi\u00e7\u00e3o, foi dilu\u00eddo. Aboliu o limite de gastos em campanha, o que beneficia de forma desproporcionada o partido presentemente no governo, ou seja, o Fidesz, que, segundo as conclus\u00f5es de v\u00e1rios analistas, utiliza recursos do Estado como se fossem dinheiro pr\u00f3prio.<\/p>\n<p style=\"text-align: justify;\">Esse \u00e9, ali\u00e1s, um padr\u00e3o recorrente de confus\u00e3o deliberada entre recursos p\u00fablicos e interesses partid\u00e1rios e privados. Diversos relat\u00f3rios e an\u00e1lises t\u00eam assinalado que os fundos p\u00fablicos, al\u00e9m de servirem para enriquecer quem est\u00e1 no poder, s\u00e3o utilizados como dinheiro vivo na arregimenta\u00e7\u00e3o de suporte nas zonas rurais.<\/p>\n<p style=\"text-align: justify;\">Mais ainda. O poder actual tornou mais f\u00e1cil o registo dos h\u00fangaros residentes no estrangeiro, que tradicionalmente o apoiam. Controla directa ou indirectamente cerca de 90% da comunica\u00e7\u00e3o social, manipula as redes sociais, tudo com o objectivo de fazer passar a mensagem que o candidato da principal for\u00e7a opositora, P\u00e9ter Magyar, seria um pau-mandado de Ursula von der Leyen e de Volodymyr Zelensky.<\/p>\n<p style=\"text-align: justify;\">A Administra\u00e7\u00e3o Trump apoia abertamente Viktor Orb\u00e1n. O vice-presidente JD Vance, um pol\u00edtico estranhamente ideol\u00f3gico e profundamente retr\u00f3grado, esteve h\u00e1 dias na Hungria. Interveio descaradamente no processo eleitoral de um pa\u00eds da UE. Deve haver coragem para dizer que uma inger\u00eancia desse g\u00e9nero \u00e9 um ato inaceit\u00e1vel.<\/p>\n<p style=\"text-align: justify;\">Vance veio apoiar um l\u00edder europeu que tem liga\u00e7\u00f5es muito especiais com Vladimir Putin. O presidente russo tem no topo da sua agenda pol\u00edtica a destrui\u00e7\u00e3o da UE e da NATO. \u00c9 um pol\u00edtico que se afirma como nosso inimigo e que amea\u00e7a seriamente o nosso espa\u00e7o democr\u00e1tico.<\/p>\n<p style=\"text-align: justify;\">Orb\u00e1n \u00e9 um Cavalo de Troia de Putin, como acaba de ser equacionado pelo <em>Washington Post<\/em>. Segundo este prestigiado di\u00e1rio norte-americano, h\u00e1 relatos cred\u00edveis e abalizados por m\u00faltiplas fontes europeias de que o governo h\u00fangaro mant\u00e9m o Kremlin informado, em tempo real, do que se discute nas reuni\u00f5es de alto n\u00edvel que decorrem em Bruxelas.<\/p>\n<p style=\"text-align: justify;\">Por exemplo, h\u00e1 alega\u00e7\u00f5es cred\u00edveis, publicadas por meios de comunica\u00e7\u00e3o importantes e citadas por fontes de intelig\u00eancia pol\u00edtica, de que dirigentes h\u00fangaros aproveitariam as pausas das sess\u00f5es do Conselho Europeu para telefonarem a Sergey Lavrov, com o intuito de obter instru\u00e7\u00f5es directas de Moscovo.<\/p>\n<p style=\"text-align: justify;\">Por outro lado, suspeita-se que a NATO deixou de partilhar certos planos militares estrat\u00e9gicos com a Hungria. Existiria o receio de que o governo de Orb\u00e1n possa comprometer segredos da Alian\u00e7a no que respeita \u00e0 defesa da Ucr\u00e2nia.<\/p>\n<p style=\"text-align: justify;\">Donald Tusk, o primeiro-ministro polaco, considera Orb\u00e1n e a sua clique uma amea\u00e7a directa contra a seguran\u00e7a da UE e dos seus Estados-membros. A opini\u00e3o de Tusk, que foi presidente do Conselho Europeu e est\u00e1 \u00e0 cabe\u00e7a de um pa\u00eds que conhece bem as pr\u00e1ticas subterr\u00e2neas do Kremlin, n\u00e3o pode ser ignorada, nem varrida para debaixo do tapete, como certos pol\u00edticos t\u00eam o h\u00e1bito de fazer.<\/p>\n<p style=\"text-align: justify;\">Um dos acontecimentos mais caracter\u00edsticos da maneira ardilosa de operar de Orb\u00e1n e de Putin consistiu na tentativa, que muitos atribuem aos servi\u00e7os secretos russos, de procurar preparar, nas v\u00e9speras das elei\u00e7\u00f5es, um falso atentado contra um oleoduto ou contra Orb\u00e1n. A inten\u00e7\u00e3o seria clara: atribuir esses \u201ccrimes encenados\u201d \u00e0 oposi\u00e7\u00e3o, supostamente a soldo de Zelensky e do estrangeiro, e aumentar assim emotivamente as chances de uma vit\u00f3ria de Orb\u00e1n, o \u201cverdadeiro\u201d defensor da p\u00e1tria.<\/p>\n<p style=\"text-align: justify;\">Os partidos europeus aliados do Fidesz formam uma das fam\u00edlias mais reaccion\u00e1rias do Parlamento Europeu: os Patriotas pela Europa. Na verdade, n\u00e3o t\u00eam nenhum sentimento patri\u00f3tico, nem de defesa dos valores europeus. Democracia com \u00e9tica na vida p\u00fablica n\u00e3o \u00e9 com eles.<\/p>\n<p style=\"text-align: justify;\">N\u00e3o acreditam na import\u00e2ncia vital da coes\u00e3o na Uni\u00e3o Europeia e tudo fazem para a minar. Essa fam\u00edlia pol\u00edtica inclui o Rassemblement National ou RN de Marine Le Pen (Fran\u00e7a), o VOX (Espanha), a Liga (It\u00e1lia) e os partidos ultranacionalistas e xen\u00f3fobos da Ch\u00e9quia, da \u00c1ustria, dos Pa\u00edses Baixos, e da Eslov\u00e1quia, e at\u00e9 o Chega de Portugal, para citar apenas alguns dos mais radicais.<\/p>\n<p style=\"text-align: justify;\">O perigo maior vem de Fran\u00e7a: se o RN vencesse as elei\u00e7\u00f5es presidenciais de 2027, os Patriotas pela Europa estariam em melhores condi\u00e7\u00f5es de ajudar a conseguir o que o Kremlin e o movimento MAGA de Donald Trump tanto ambicionam \u2013 fazer implodir a Uni\u00e3o Europeia.<\/p>\n<p style=\"text-align: justify;\">\u00c9 fundamental que a oposi\u00e7\u00e3o h\u00fangara obtenha a maioria no domingo. Mais do que uma anomalia, o caso Orb\u00e1n exp\u00f5e uma fragilidade europeia persistente: a dificuldade em defender a democracia quando o seu esvaziamento ocorre a partir do interior das pr\u00f3prias institui\u00e7\u00f5es ou dos Estados-membros.<\/p>\n<p style=\"text-align: justify;\"><a href=\"https:\/\/www.dn.pt\/opiniao-dn\/entre-moscovo-washington-e-bruxelas-a-estratgia-poltica-de-orbn\" target=\"_blank\" rel=\"noopener\">Di\u00e1rio de Not\u00edcias<\/a><br \/>\nVictor \u00c2ngelo<br \/>\nConselheiro em Seguran\u00e7a Internacional. Ex-secret\u00e1rio-geral-adjunto da ONU<br \/>\n10.04.2026<\/p>\n<p><img loading=\"lazy\" decoding=\"async\" class=\"alignnone size-full wp-image-323\" src=\"https:\/\/inforgomes.pt\/social\/wp-content\/uploads\/2025\/11\/palmas.gif\" alt=\"\" width=\"152\" height=\"160\" \/><\/p>\n<p>Visita:\u00a0<a href=\"https:\/\/www.counter12.com\"><img decoding=\"async\" src=\"https:\/\/www.counter12.com\/img-ZZ2b2ZxbyD3Z5ZZ9-22.gif\" alt=\"web counter free\" border=\"0\" \/><\/a><\/p>\n<p style=\"text-align: justify;\"><div class=\"note\"><div class=\"notewarning\">- Neste Blogue, escreve-se em Portugu\u00eas \ud83c\uddf5\ud83c\uddf9 de Portugal (n\u00e3o adulterado pela coloniza\u00e7\u00e3o do AO).<\/div><\/div><\/p>\n<p><img loading=\"lazy\" decoding=\"async\" class=\"alignnone wp-image-1223\" src=\"https:\/\/inforgomes.pt\/cozinha\/wp-content\/uploads\/2023\/11\/0-coracao_transp.png\" alt=\"\" width=\"136\" height=\"122\" \/><img loading=\"lazy\" decoding=\"async\" class=\"alignnone wp-image-1758\" src=\"https:\/\/inforgomes.pt\/cozinha\/wp-content\/uploads\/2024\/03\/nao-AO.png\" alt=\"\" width=\"128\" height=\"128\" \/><img loading=\"lazy\" decoding=\"async\" class=\"alignnone wp-image-1791\" src=\"https:\/\/inforgomes.pt\/cozinha\/wp-content\/uploads\/2024\/03\/meio-ambiente.png\" alt=\"\" width=\"127\" height=\"130\" \/><\/p>\n<p>&nbsp;<\/p>\n<div class=\"pvc_clear\"><\/div>\n<p id=\"pvc_stats_1327\" class=\"pvc_stats all  \" data-element-id=\"1327\" style=\"\"><i class=\"pvc-stats-icon medium\" aria-hidden=\"true\"><svg aria-hidden=\"true\" focusable=\"false\" data-prefix=\"far\" data-icon=\"chart-bar\" role=\"img\" xmlns=\"http:\/\/www.w3.org\/2000\/svg\" viewBox=\"0 0 512 512\" class=\"svg-inline--fa fa-chart-bar fa-w-16 fa-2x\"><path fill=\"currentColor\" d=\"M396.8 352h22.4c6.4 0 12.8-6.4 12.8-12.8V108.8c0-6.4-6.4-12.8-12.8-12.8h-22.4c-6.4 0-12.8 6.4-12.8 12.8v230.4c0 6.4 6.4 12.8 12.8 12.8zm-192 0h22.4c6.4 0 12.8-6.4 12.8-12.8V140.8c0-6.4-6.4-12.8-12.8-12.8h-22.4c-6.4 0-12.8 6.4-12.8 12.8v198.4c0 6.4 6.4 12.8 12.8 12.8zm96 0h22.4c6.4 0 12.8-6.4 12.8-12.8V204.8c0-6.4-6.4-12.8-12.8-12.8h-22.4c-6.4 0-12.8 6.4-12.8 12.8v134.4c0 6.4 6.4 12.8 12.8 12.8zM496 400H48V80c0-8.84-7.16-16-16-16H16C7.16 64 0 71.16 0 80v336c0 17.67 14.33 32 32 32h464c8.84 0 16-7.16 16-16v-16c0-8.84-7.16-16-16-16zm-387.2-48h22.4c6.4 0 12.8-6.4 12.8-12.8v-70.4c0-6.4-6.4-12.8-12.8-12.8h-22.4c-6.4 0-12.8 6.4-12.8 12.8v70.4c0 6.4 6.4 12.8 12.8 12.8z\" class=\"\"><\/path><\/svg><\/i> <img loading=\"lazy\" decoding=\"async\" width=\"16\" height=\"16\" alt=\"Loading\" src=\"https:\/\/inforgomes.pt\/social\/wp-content\/plugins\/page-views-count\/ajax-loader-2x.gif\" border=0 \/><\/p>\n<div class=\"pvc_clear\"><\/div>\n","protected":false},"excerpt":{"rendered":"<p>1 0 &nbsp; \ud83c\uddf5\ud83c\uddf9\u00a0OPINI\u00c3O Os eleitores h\u00fangaros decidir\u00e3o no domingo, 12 de Abril, que for\u00e7as pol\u00edticas poder\u00e3o formar uma maioria no Parlamento Nacional e, consequentemente, quem ser\u00e1 o futuro primeiro-ministro do pa\u00eds. O resto da Europa aguarda ansiosamente pelo desfecho &hellip; <a href=\"https:\/\/inforgomes.pt\/social\/entre-moscovo-washington-e-bruxelas-a-estrategia-politica-de-orban\/\">Continue reading <span class=\"meta-nav\">&rarr;<\/span><\/a><\/p>\n<div class=\"pvc_clear\"><\/div>\n<p id=\"pvc_stats_1327\" class=\"pvc_stats all  \" data-element-id=\"1327\" style=\"\"><i class=\"pvc-stats-icon medium\" aria-hidden=\"true\"><svg aria-hidden=\"true\" focusable=\"false\" data-prefix=\"far\" data-icon=\"chart-bar\" role=\"img\" xmlns=\"http:\/\/www.w3.org\/2000\/svg\" viewBox=\"0 0 512 512\" class=\"svg-inline--fa fa-chart-bar fa-w-16 fa-2x\"><path fill=\"currentColor\" d=\"M396.8 352h22.4c6.4 0 12.8-6.4 12.8-12.8V108.8c0-6.4-6.4-12.8-12.8-12.8h-22.4c-6.4 0-12.8 6.4-12.8 12.8v230.4c0 6.4 6.4 12.8 12.8 12.8zm-192 0h22.4c6.4 0 12.8-6.4 12.8-12.8V140.8c0-6.4-6.4-12.8-12.8-12.8h-22.4c-6.4 0-12.8 6.4-12.8 12.8v198.4c0 6.4 6.4 12.8 12.8 12.8zm96 0h22.4c6.4 0 12.8-6.4 12.8-12.8V204.8c0-6.4-6.4-12.8-12.8-12.8h-22.4c-6.4 0-12.8 6.4-12.8 12.8v134.4c0 6.4 6.4 12.8 12.8 12.8zM496 400H48V80c0-8.84-7.16-16-16-16H16C7.16 64 0 71.16 0 80v336c0 17.67 14.33 32 32 32h464c8.84 0 16-7.16 16-16v-16c0-8.84-7.16-16-16-16zm-387.2-48h22.4c6.4 0 12.8-6.4 12.8-12.8v-70.4c0-6.4-6.4-12.8-12.8-12.8h-22.4c-6.4 0-12.8 6.4-12.8 12.8v70.4c0 6.4 6.4 12.8 12.8 12.8z\" class=\"\"><\/path><\/svg><\/i> <img loading=\"lazy\" decoding=\"async\" width=\"16\" height=\"16\" alt=\"Loading\" src=\"https:\/\/inforgomes.pt\/social\/wp-content\/plugins\/page-views-count\/ajax-loader-2x.gif\" border=0 \/><\/p>\n<div class=\"pvc_clear\"><\/div>\n","protected":false},"author":1,"featured_media":0,"comment_status":"open","ping_status":"open","sticky":false,"template":"","format":"standard","meta":{"footnotes":""},"categories":[332,3,4,14,76],"tags":[],"class_list":["post-1327","post","type-post","status-publish","format-standard","hentry","category-abril-2026","category-diario-de-noticias","category-opiniao","category-portugal","category-victor-angelo"],"a3_pvc":{"activated":true,"total_views":4,"today_views":0},"_links":{"self":[{"href":"https:\/\/inforgomes.pt\/social\/wp-json\/wp\/v2\/posts\/1327","targetHints":{"allow":["GET"]}}],"collection":[{"href":"https:\/\/inforgomes.pt\/social\/wp-json\/wp\/v2\/posts"}],"about":[{"href":"https:\/\/inforgomes.pt\/social\/wp-json\/wp\/v2\/types\/post"}],"author":[{"embeddable":true,"href":"https:\/\/inforgomes.pt\/social\/wp-json\/wp\/v2\/users\/1"}],"replies":[{"embeddable":true,"href":"https:\/\/inforgomes.pt\/social\/wp-json\/wp\/v2\/comments?post=1327"}],"version-history":[{"count":3,"href":"https:\/\/inforgomes.pt\/social\/wp-json\/wp\/v2\/posts\/1327\/revisions"}],"predecessor-version":[{"id":1330,"href":"https:\/\/inforgomes.pt\/social\/wp-json\/wp\/v2\/posts\/1327\/revisions\/1330"}],"wp:attachment":[{"href":"https:\/\/inforgomes.pt\/social\/wp-json\/wp\/v2\/media?parent=1327"}],"wp:term":[{"taxonomy":"category","embeddable":true,"href":"https:\/\/inforgomes.pt\/social\/wp-json\/wp\/v2\/categories?post=1327"},{"taxonomy":"post_tag","embeddable":true,"href":"https:\/\/inforgomes.pt\/social\/wp-json\/wp\/v2\/tags?post=1327"}],"curies":[{"name":"wp","href":"https:\/\/api.w.org\/{rel}","templated":true}]}}