{"id":1332,"date":"2026-04-11T11:19:44","date_gmt":"2026-04-11T10:19:44","guid":{"rendered":"https:\/\/inforgomes.pt\/social\/?p=1332"},"modified":"2026-04-12T09:58:26","modified_gmt":"2026-04-12T08:58:26","slug":"ha-quatro-distritos-sob-aviso-laranja-no-sabado-e-no-domingo-avisa-ipma","status":"publish","type":"post","link":"https:\/\/inforgomes.pt\/social\/ha-quatro-distritos-sob-aviso-laranja-no-sabado-e-no-domingo-avisa-ipma\/","title":{"rendered":"H\u00e1 quatro distritos sob aviso laranja no s\u00e1bado e no domingo, avisa IPMA"},"content":{"rendered":"<div class=\"pld-like-dislike-wrap pld-template-1\">\r\n    <div class=\"pld-like-wrap  pld-common-wrap\">\r\n    <a href=\"javascript:void(0)\" class=\"pld-like-trigger pld-like-dislike-trigger  \" title=\"Gosto\" data-post-id=\"1332\" data-trigger-type=\"like\" data-restriction=\"no\" data-already-liked=\"0\">\r\n                        <i class=\"fas fa-thumbs-up\"><\/i>\r\n                <\/a>\r\n    <span class=\"pld-like-count-wrap pld-count-wrap\">1    <\/span>\r\n<\/div><div class=\"pld-dislike-wrap  pld-common-wrap\">\r\n    <a href=\"javascript:void(0)\" class=\"pld-dislike-trigger pld-like-dislike-trigger  \" title=\"N\u00e3o gosto\" data-post-id=\"1332\" data-trigger-type=\"dislike\" data-restriction=\"no\" data-already-liked=\"0\">\r\n                        <i class=\"fas fa-thumbs-down\"><\/i>\r\n                <\/a>\r\n    <span class=\"pld-dislike-count-wrap pld-count-wrap\">0<\/span>\r\n<\/div><\/div><p>&nbsp;<\/p>\n<p><span style=\"font-size: 20px; font-family: Aldrich; color: #ff0000; --darkreader-inline-color: var(--darkreader-text-ff0000, #ff1a1a);\" data-darkreader-inline-color=\"\"><span style=\"color: #00ff00;\" data-darkreader-inline-color=\"\"><span style=\"font-size: 36px;\">\ud83c\uddf5\ud83c\uddf9<\/span>\u00a0PORT<\/span>UGAL \/\/ METEOROLOGIA \/\/ MAU TEMPO<\/span><\/p>\n<p style=\"text-align: justify;\"><em><span style=\"font-size: 20px;\">Os distritos de Aveiro, Coimbra, Leiria e Lisboa v\u00e3o estar no s\u00e1bado e no domingo sob aviso laranja (o segundo mais grave) devido \u00e0 previs\u00e3o de agita\u00e7\u00e3o mar\u00edtima, alertou hoje o Instituto Portugu\u00eas do Mar e da Atmosfera (IPMA).<\/span><\/em><\/p>\n<div id=\"attachment_1333\" style=\"width: 778px\" class=\"wp-caption aligncenter\"><img loading=\"lazy\" decoding=\"async\" aria-describedby=\"caption-attachment-1333\" class=\"size-full wp-image-1333\" src=\"https:\/\/inforgomes.pt\/social\/wp-content\/uploads\/2026\/04\/away10042026.png\" alt=\"\" width=\"768\" height=\"432\" srcset=\"https:\/\/inforgomes.pt\/social\/wp-content\/uploads\/2026\/04\/away10042026.png 768w, https:\/\/inforgomes.pt\/social\/wp-content\/uploads\/2026\/04\/away10042026-300x169.png 300w, https:\/\/inforgomes.pt\/social\/wp-content\/uploads\/2026\/04\/away10042026-500x281.png 500w\" sizes=\"auto, (max-width: 768px) 100vw, 768px\" \/><p id=\"caption-attachment-1333\" class=\"wp-caption-text\">Chuva enche albufeiras (foto: PvProductions\/ Freepik)<br \/>\u00a9 AWAY magazine<\/p><\/div>\n<p style=\"text-align: justify;\" data-t=\"{&quot;n&quot;:&quot;blueLinks&quot;,&quot;t&quot;:13,&quot;a&quot;:&quot;click&quot;,&quot;b&quot;:76}\">O aviso laranja, o segundo mais grave de uma escala de tr\u00eas, aplicar-se-\u00e1 a estes quatro distritos das regi\u00f5es Centro e Lisboa de Portugal continental entre as 15:00 de s\u00e1bado e as 09:00 de domingo, prevendo-se agita\u00e7\u00e3o mar\u00edtima com \u201condas de noroeste com 5 a 6 metros, podendo atingir 10 metros de altura m\u00e1xima\u201d, segundo o IPMA.<\/p>\n<p class=\"continue-read-break\" style=\"text-align: justify;\" data-t=\"{&quot;n&quot;:&quot;blueLinks&quot;,&quot;t&quot;:13,&quot;a&quot;:&quot;click&quot;,&quot;b&quot;:76}\">Entre hoje e segunda-feira, h\u00e1 aviso amarelo (o menos grave) para 11 dos 18 distritos de Portugal continental, incluindo precipita\u00e7\u00e3o, trovoada, vento e agita\u00e7\u00e3o mar\u00edtima, de acordo com as recentes previs\u00f5es meteorol\u00f3gicas, divulgadas ao in\u00edcio da tarde desta sexta-feira.<\/p>\n<p style=\"text-align: justify;\" data-t=\"{&quot;n&quot;:&quot;blueLinks&quot;,&quot;t&quot;:13,&quot;a&quot;:&quot;click&quot;,&quot;b&quot;:76}\">No dia de hoje, entre as 15:00 e as 21:00, os distritos de \u00c9vora, Set\u00fabal e Beja v\u00e3o estar sob aviso amarelo por precipita\u00e7\u00e3o, com \u201caguaceiros, que localmente podem ser fortes e de granizo, e acompanhados de rajadas\u201d, e por trovada, que se prev\u00ea frequente e dispersa, informou o IPMA.<\/p>\n<p style=\"text-align: justify;\" data-t=\"{&quot;n&quot;:&quot;blueLinks&quot;,&quot;t&quot;:13,&quot;a&quot;:&quot;click&quot;,&quot;b&quot;:76}\">O aviso amarelo por vento aplicar-se-\u00e1 a partir das 06:00 de s\u00e1bado e at\u00e9 \u00e0s 12:00 de domingo nos distritos de Viana do Castelo, Braga, Porto, Aveiro, Coimbra, Leiria, Lisboa, Set\u00fabal, Beja e Faro, com a previs\u00e3o de rajadas at\u00e9 90 quil\u00f3metros por hora.<\/p>\n<p class=\"\" style=\"text-align: justify;\" data-t=\"{&quot;n&quot;:&quot;blueLinks&quot;,&quot;t&quot;:13,&quot;a&quot;:&quot;click&quot;,&quot;b&quot;:76}\">Al\u00e9m de aviso laranja por agita\u00e7\u00e3o mar\u00edtima para quatro distritos, h\u00e1 aviso amarelo relativamente \u00e0 previs\u00e3o de ondas \u201ccom 4 a 5 metros\u201d, entre as 12:00 de s\u00e1bado e as 00:00 de segunda-feira, para 10 distritos do continente, nomeadamente Viana do Castelo, Braga, Porto, Aveiro, Coimbra, Leiria, Lisboa, Set\u00fabal, Beja e Faro, que s\u00e3o os mesmos que ser\u00e3o afectados pelo vento.<\/p>\n<p style=\"text-align: justify;\" data-t=\"{&quot;n&quot;:&quot;blueLinks&quot;,&quot;t&quot;:13,&quot;a&quot;:&quot;click&quot;,&quot;b&quot;:76}\">O aviso amarelo \u00e9 emitido pelo IPMA sempre que existe uma situa\u00e7\u00e3o de risco para determinadas actividades dependentes da situa\u00e7\u00e3o meteorol\u00f3gica, enquanto o aviso laranja \u00e9 emitido sempre que existe uma situa\u00e7\u00e3o meteorol\u00f3gica de risco moderado a elevado.<\/p>\n<p style=\"text-align: justify;\"><a href=\"https:\/\/www.msn.com\/pt-pt\/noticias\/other\/h%C3%A1-quatro-distritos-sob-aviso-laranja-no-s%C3%A1bado-e-no-domingo-avisa-ipma\/ar-AA20AXKb\" target=\"_blank\" rel=\"noopener\">Away<\/a><br \/>\nAg\u00eancia Lusa<br \/>\n10.04.2026<\/p>\n<p>Visita:\u00a0<a href=\"https:\/\/www.counter12.com\"><img decoding=\"async\" src=\"https:\/\/www.counter12.com\/img-ZZ6D2b88xWYyw2A9-22.gif\" alt=\"conter12\" border=\"0\" \/><\/a><\/p>\n<p style=\"text-align: justify;\"><div class=\"note\"><div class=\"notewarning\">- Neste Blogue, escreve-se em Portugu\u00eas \ud83c\uddf5\ud83c\uddf9 de Portugal (n\u00e3o adulterado pela coloniza\u00e7\u00e3o do AO).<\/div><\/div><\/p>\n<p><img loading=\"lazy\" decoding=\"async\" class=\"alignnone wp-image-1223\" src=\"https:\/\/inforgomes.pt\/cozinha\/wp-content\/uploads\/2023\/11\/0-coracao_transp.png\" alt=\"\" width=\"136\" height=\"122\" \/><img loading=\"lazy\" decoding=\"async\" class=\"alignnone wp-image-1758\" src=\"https:\/\/inforgomes.pt\/cozinha\/wp-content\/uploads\/2024\/03\/nao-AO.png\" alt=\"\" width=\"128\" height=\"128\" \/><img loading=\"lazy\" decoding=\"async\" class=\"alignnone wp-image-1791\" src=\"https:\/\/inforgomes.pt\/cozinha\/wp-content\/uploads\/2024\/03\/meio-ambiente.png\" alt=\"\" width=\"127\" height=\"130\" \/><\/p>\n<p>&nbsp;<\/p>\n<div class=\"pvc_clear\"><\/div>\n<p id=\"pvc_stats_1332\" class=\"pvc_stats all  \" data-element-id=\"1332\" style=\"\"><i class=\"pvc-stats-icon medium\" aria-hidden=\"true\"><svg aria-hidden=\"true\" focusable=\"false\" data-prefix=\"far\" data-icon=\"chart-bar\" role=\"img\" xmlns=\"http:\/\/www.w3.org\/2000\/svg\" viewBox=\"0 0 512 512\" class=\"svg-inline--fa fa-chart-bar fa-w-16 fa-2x\"><path fill=\"currentColor\" d=\"M396.8 352h22.4c6.4 0 12.8-6.4 12.8-12.8V108.8c0-6.4-6.4-12.8-12.8-12.8h-22.4c-6.4 0-12.8 6.4-12.8 12.8v230.4c0 6.4 6.4 12.8 12.8 12.8zm-192 0h22.4c6.4 0 12.8-6.4 12.8-12.8V140.8c0-6.4-6.4-12.8-12.8-12.8h-22.4c-6.4 0-12.8 6.4-12.8 12.8v198.4c0 6.4 6.4 12.8 12.8 12.8zm96 0h22.4c6.4 0 12.8-6.4 12.8-12.8V204.8c0-6.4-6.4-12.8-12.8-12.8h-22.4c-6.4 0-12.8 6.4-12.8 12.8v134.4c0 6.4 6.4 12.8 12.8 12.8zM496 400H48V80c0-8.84-7.16-16-16-16H16C7.16 64 0 71.16 0 80v336c0 17.67 14.33 32 32 32h464c8.84 0 16-7.16 16-16v-16c0-8.84-7.16-16-16-16zm-387.2-48h22.4c6.4 0 12.8-6.4 12.8-12.8v-70.4c0-6.4-6.4-12.8-12.8-12.8h-22.4c-6.4 0-12.8 6.4-12.8 12.8v70.4c0 6.4 6.4 12.8 12.8 12.8z\" class=\"\"><\/path><\/svg><\/i> <img loading=\"lazy\" decoding=\"async\" width=\"16\" height=\"16\" alt=\"Loading\" src=\"https:\/\/inforgomes.pt\/social\/wp-content\/plugins\/page-views-count\/ajax-loader-2x.gif\" border=0 \/><\/p>\n<div class=\"pvc_clear\"><\/div>\n","protected":false},"excerpt":{"rendered":"<p>1 0 &nbsp; \ud83c\uddf5\ud83c\uddf9\u00a0PORTUGAL \/\/ METEOROLOGIA \/\/ MAU TEMPO Os distritos de Aveiro, Coimbra, Leiria e Lisboa v\u00e3o estar no s\u00e1bado e no domingo sob aviso laranja (o segundo mais grave) devido \u00e0 previs\u00e3o de agita\u00e7\u00e3o mar\u00edtima, alertou hoje o &hellip; <a href=\"https:\/\/inforgomes.pt\/social\/ha-quatro-distritos-sob-aviso-laranja-no-sabado-e-no-domingo-avisa-ipma\/\">Continue reading <span class=\"meta-nav\">&rarr;<\/span><\/a><\/p>\n<div class=\"pvc_clear\"><\/div>\n<p id=\"pvc_stats_1332\" class=\"pvc_stats all  \" data-element-id=\"1332\" style=\"\"><i class=\"pvc-stats-icon medium\" aria-hidden=\"true\"><svg aria-hidden=\"true\" focusable=\"false\" data-prefix=\"far\" data-icon=\"chart-bar\" role=\"img\" xmlns=\"http:\/\/www.w3.org\/2000\/svg\" viewBox=\"0 0 512 512\" class=\"svg-inline--fa fa-chart-bar fa-w-16 fa-2x\"><path fill=\"currentColor\" d=\"M396.8 352h22.4c6.4 0 12.8-6.4 12.8-12.8V108.8c0-6.4-6.4-12.8-12.8-12.8h-22.4c-6.4 0-12.8 6.4-12.8 12.8v230.4c0 6.4 6.4 12.8 12.8 12.8zm-192 0h22.4c6.4 0 12.8-6.4 12.8-12.8V140.8c0-6.4-6.4-12.8-12.8-12.8h-22.4c-6.4 0-12.8 6.4-12.8 12.8v198.4c0 6.4 6.4 12.8 12.8 12.8zm96 0h22.4c6.4 0 12.8-6.4 12.8-12.8V204.8c0-6.4-6.4-12.8-12.8-12.8h-22.4c-6.4 0-12.8 6.4-12.8 12.8v134.4c0 6.4 6.4 12.8 12.8 12.8zM496 400H48V80c0-8.84-7.16-16-16-16H16C7.16 64 0 71.16 0 80v336c0 17.67 14.33 32 32 32h464c8.84 0 16-7.16 16-16v-16c0-8.84-7.16-16-16-16zm-387.2-48h22.4c6.4 0 12.8-6.4 12.8-12.8v-70.4c0-6.4-6.4-12.8-12.8-12.8h-22.4c-6.4 0-12.8 6.4-12.8 12.8v70.4c0 6.4 6.4 12.8 12.8 12.8z\" class=\"\"><\/path><\/svg><\/i> <img loading=\"lazy\" decoding=\"async\" width=\"16\" height=\"16\" alt=\"Loading\" src=\"https:\/\/inforgomes.pt\/social\/wp-content\/plugins\/page-views-count\/ajax-loader-2x.gif\" border=0 \/><\/p>\n<div class=\"pvc_clear\"><\/div>\n","protected":false},"author":1,"featured_media":0,"comment_status":"open","ping_status":"open","sticky":false,"template":"","format":"standard","meta":{"footnotes":""},"categories":[332,75,50,43,51,52,14],"tags":[],"class_list":["post-1332","post","type-post","status-publish","format-standard","hentry","category-abril-2026","category-chuva","category-ipma","category-lusa","category-mau-tempo","category-meteorologia","category-portugal"],"a3_pvc":{"activated":true,"total_views":6,"today_views":0},"_links":{"self":[{"href":"https:\/\/inforgomes.pt\/social\/wp-json\/wp\/v2\/posts\/1332","targetHints":{"allow":["GET"]}}],"collection":[{"href":"https:\/\/inforgomes.pt\/social\/wp-json\/wp\/v2\/posts"}],"about":[{"href":"https:\/\/inforgomes.pt\/social\/wp-json\/wp\/v2\/types\/post"}],"author":[{"embeddable":true,"href":"https:\/\/inforgomes.pt\/social\/wp-json\/wp\/v2\/users\/1"}],"replies":[{"embeddable":true,"href":"https:\/\/inforgomes.pt\/social\/wp-json\/wp\/v2\/comments?post=1332"}],"version-history":[{"count":3,"href":"https:\/\/inforgomes.pt\/social\/wp-json\/wp\/v2\/posts\/1332\/revisions"}],"predecessor-version":[{"id":1336,"href":"https:\/\/inforgomes.pt\/social\/wp-json\/wp\/v2\/posts\/1332\/revisions\/1336"}],"wp:attachment":[{"href":"https:\/\/inforgomes.pt\/social\/wp-json\/wp\/v2\/media?parent=1332"}],"wp:term":[{"taxonomy":"category","embeddable":true,"href":"https:\/\/inforgomes.pt\/social\/wp-json\/wp\/v2\/categories?post=1332"},{"taxonomy":"post_tag","embeddable":true,"href":"https:\/\/inforgomes.pt\/social\/wp-json\/wp\/v2\/tags?post=1332"}],"curies":[{"name":"wp","href":"https:\/\/api.w.org\/{rel}","templated":true}]}}