{"id":1340,"date":"2026-04-12T10:14:53","date_gmt":"2026-04-12T09:14:53","guid":{"rendered":"https:\/\/inforgomes.pt\/social\/?p=1340"},"modified":"2026-04-12T10:14:53","modified_gmt":"2026-04-12T09:14:53","slug":"temperaturas-voltam-a-subir-e-podem-chegar-aos-28o-no-final-da-proxima-semana","status":"publish","type":"post","link":"https:\/\/inforgomes.pt\/social\/temperaturas-voltam-a-subir-e-podem-chegar-aos-28o-no-final-da-proxima-semana\/","title":{"rendered":"Temperaturas voltam a subir e podem chegar aos 28\u00ba no final da pr\u00f3xima semana"},"content":{"rendered":"<div class=\"pld-like-dislike-wrap pld-template-1\">\r\n    <div class=\"pld-like-wrap  pld-common-wrap\">\r\n    <a href=\"javascript:void(0)\" class=\"pld-like-trigger pld-like-dislike-trigger  \" title=\"Gosto\" data-post-id=\"1340\" data-trigger-type=\"like\" data-restriction=\"no\" data-already-liked=\"0\">\r\n                        <i class=\"fas fa-thumbs-up\"><\/i>\r\n                <\/a>\r\n    <span class=\"pld-like-count-wrap pld-count-wrap\">1    <\/span>\r\n<\/div><div class=\"pld-dislike-wrap  pld-common-wrap\">\r\n    <a href=\"javascript:void(0)\" class=\"pld-dislike-trigger pld-like-dislike-trigger  \" title=\"N\u00e3o gosto\" data-post-id=\"1340\" data-trigger-type=\"dislike\" data-restriction=\"no\" data-already-liked=\"0\">\r\n                        <i class=\"fas fa-thumbs-down\"><\/i>\r\n                <\/a>\r\n    <span class=\"pld-dislike-count-wrap pld-count-wrap\">0<\/span>\r\n<\/div><\/div><p>&nbsp;<\/p>\n<p><span style=\"font-size: 20px; font-family: Aldrich; color: #ff0000; --darkreader-inline-color: var(--darkreader-text-ff0000, #ff1a1a);\" data-darkreader-inline-color=\"\"><span style=\"color: #00ff00;\" data-darkreader-inline-color=\"\"><span style=\"font-size: 36px;\">\ud83c\uddf5\ud83c\uddf9<\/span>\u00a0PORT<\/span>UGAL \/\/ METEOROLOGIA \/\/ BOM TEMPO<\/span><\/p>\n<p style=\"text-align: justify;\"><em><span style=\"font-size: 20px;\">Para segunda-feira ainda se prev\u00ea chuva fraca, mas ao longo da semana ir\u00e1 &#8220;ocorrer uma subida gradual&#8221; da temperatura, segundo a previs\u00e3o do Instituto Portugu\u00eas do Mar e da Atmosfera.<\/span><\/em><\/p>\n<div id=\"attachment_1341\" style=\"width: 1210px\" class=\"wp-caption aligncenter\"><img loading=\"lazy\" decoding=\"async\" aria-describedby=\"caption-attachment-1341\" class=\"size-full wp-image-1341\" src=\"https:\/\/inforgomes.pt\/social\/wp-content\/uploads\/2026\/04\/dn11042026-02.avif\" alt=\"\" width=\"1200\" height=\"675\" srcset=\"https:\/\/inforgomes.pt\/social\/wp-content\/uploads\/2026\/04\/dn11042026-02.avif 1200w, https:\/\/inforgomes.pt\/social\/wp-content\/uploads\/2026\/04\/dn11042026-02-300x169.avif 300w, https:\/\/inforgomes.pt\/social\/wp-content\/uploads\/2026\/04\/dn11042026-02-1024x576.avif 1024w, https:\/\/inforgomes.pt\/social\/wp-content\/uploads\/2026\/04\/dn11042026-02-768x432.avif 768w, https:\/\/inforgomes.pt\/social\/wp-content\/uploads\/2026\/04\/dn11042026-02-500x281.avif 500w\" sizes=\"auto, (max-width: 1200px) 100vw, 1200px\" \/><p id=\"caption-attachment-1341\" class=\"wp-caption-text\">Rui Oliveira\/Global Imagens<\/p><\/div>\n<p style=\"text-align: justify;\">O in\u00edcio da pr\u00f3xima semana ainda ser\u00e1 de chuva fraca, mas prev\u00ea-se um aumento das temperaturas, que podem chegar perto dos 30\u00ba na sexta-feira (17 de Abril), segundo a previs\u00e3o do Instituto Portugu\u00eas do Mar e da Atmosfera (IPMA).<\/p>\n<p style=\"text-align: justify;\">&#8220;Na pr\u00f3xima semana, no continente, haver\u00e1 chuva fraca na segunda e ter\u00e7a-feira feira, em especial no litoral oeste, com possibilidade de queda de neve nos pontos mais altos da serra da Estrela na segunda-feira&#8221;, indica a previs\u00e3o do IPMA.<\/p>\n<p style=\"text-align: justify;\">Espera-se depois &#8220;aus\u00eancia de precipita\u00e7\u00e3o&#8221; e a subida das temperaturas. &#8220;Ap\u00f3s uma diminui\u00e7\u00e3o significativa dos valores da temperatura no fim de semana, <strong>ir\u00e1 ocorrer uma subida gradual ao longo da semana, ficando acima dos valores m\u00e9dios para esta altura do ano em todo o territ\u00f3rio com excep\u00e7\u00e3o da faixa costeira ocidental&#8221;<\/strong>, refere o IPMA para a semana de 13 a 19 de Abril.<\/p>\n<p style=\"text-align: justify;\">Assim sendo, espera-se que os term\u00f3metros cheguem aos 9 e 19\u00b0C na ter\u00e7a-feira, mas na sexta-feira prev\u00ea-se que a temperatura m\u00e1xima oscile entre os 18 e 28 \u00b0C.<\/p>\n<p style=\"text-align: justify;\">Na semana seguinte, de 20 a 26 de Abril, no que se refere \u00e0 temperatura m\u00e9dia, prev\u00ea-se &#8220;uma anomalia positiva (+0.5\u00b0C a +1.5\u00b0C) para quase todo o territ\u00f3rio, excepto para as regi\u00f5es do litoral Centro e Algarve&#8221;. &#8220;Existe uma probabilidade entre 30 e 50% de a temperatura m\u00e9dia semanal ser superior ao normal&#8221;, indica ainda o boletim de previs\u00e3o mensal do IPMA.<\/p>\n<p style=\"text-align: justify;\"><a href=\"https:\/\/www.dn.pt\/sociedade\/temperaturas-voltam-a-subir-e-podem-chegar-aos-28-no-final-da-prxima-semana\" target=\"_blank\" rel=\"noopener\">Di\u00e1rio de Not\u00edcias<\/a><br \/>\nSusete Henriques<br \/>\n11.04.2026<\/p>\n<p>Visita:\u00a0<a href=\"https:\/\/www.counter12.com\"><img decoding=\"async\" src=\"https:\/\/www.counter12.com\/img-ZZ6D2b88xWYyw2A9-22.gif\" alt=\"conter12\" border=\"0\" \/><\/a><\/p>\n<p style=\"text-align: justify;\"><div class=\"note\"><div class=\"notewarning\">- Neste Blogue, escreve-se em Portugu\u00eas \ud83c\uddf5\ud83c\uddf9 de Portugal (n\u00e3o adulterado pela coloniza\u00e7\u00e3o do AO).<\/div><\/div><\/p>\n<p><img loading=\"lazy\" decoding=\"async\" class=\"alignnone wp-image-1223\" src=\"https:\/\/inforgomes.pt\/cozinha\/wp-content\/uploads\/2023\/11\/0-coracao_transp.png\" alt=\"\" width=\"136\" height=\"122\" \/><img loading=\"lazy\" decoding=\"async\" class=\"alignnone wp-image-1758\" src=\"https:\/\/inforgomes.pt\/cozinha\/wp-content\/uploads\/2024\/03\/nao-AO.png\" alt=\"\" width=\"128\" height=\"128\" \/><img loading=\"lazy\" decoding=\"async\" class=\"alignnone wp-image-1791\" src=\"https:\/\/inforgomes.pt\/cozinha\/wp-content\/uploads\/2024\/03\/meio-ambiente.png\" alt=\"\" width=\"127\" height=\"130\" \/><\/p>\n<p>&nbsp;<\/p>\n<div class=\"pvc_clear\"><\/div>\n<p id=\"pvc_stats_1340\" class=\"pvc_stats all  \" data-element-id=\"1340\" style=\"\"><i class=\"pvc-stats-icon medium\" aria-hidden=\"true\"><svg aria-hidden=\"true\" focusable=\"false\" data-prefix=\"far\" data-icon=\"chart-bar\" role=\"img\" xmlns=\"http:\/\/www.w3.org\/2000\/svg\" viewBox=\"0 0 512 512\" class=\"svg-inline--fa fa-chart-bar fa-w-16 fa-2x\"><path fill=\"currentColor\" d=\"M396.8 352h22.4c6.4 0 12.8-6.4 12.8-12.8V108.8c0-6.4-6.4-12.8-12.8-12.8h-22.4c-6.4 0-12.8 6.4-12.8 12.8v230.4c0 6.4 6.4 12.8 12.8 12.8zm-192 0h22.4c6.4 0 12.8-6.4 12.8-12.8V140.8c0-6.4-6.4-12.8-12.8-12.8h-22.4c-6.4 0-12.8 6.4-12.8 12.8v198.4c0 6.4 6.4 12.8 12.8 12.8zm96 0h22.4c6.4 0 12.8-6.4 12.8-12.8V204.8c0-6.4-6.4-12.8-12.8-12.8h-22.4c-6.4 0-12.8 6.4-12.8 12.8v134.4c0 6.4 6.4 12.8 12.8 12.8zM496 400H48V80c0-8.84-7.16-16-16-16H16C7.16 64 0 71.16 0 80v336c0 17.67 14.33 32 32 32h464c8.84 0 16-7.16 16-16v-16c0-8.84-7.16-16-16-16zm-387.2-48h22.4c6.4 0 12.8-6.4 12.8-12.8v-70.4c0-6.4-6.4-12.8-12.8-12.8h-22.4c-6.4 0-12.8 6.4-12.8 12.8v70.4c0 6.4 6.4 12.8 12.8 12.8z\" class=\"\"><\/path><\/svg><\/i> <img loading=\"lazy\" decoding=\"async\" width=\"16\" height=\"16\" alt=\"Loading\" src=\"https:\/\/inforgomes.pt\/social\/wp-content\/plugins\/page-views-count\/ajax-loader-2x.gif\" border=0 \/><\/p>\n<div class=\"pvc_clear\"><\/div>\n","protected":false},"excerpt":{"rendered":"<p>1 0 &nbsp; \ud83c\uddf5\ud83c\uddf9\u00a0PORTUGAL \/\/ METEOROLOGIA \/\/ BOM TEMPO Para segunda-feira ainda se prev\u00ea chuva fraca, mas ao longo da semana ir\u00e1 &#8220;ocorrer uma subida gradual&#8221; da temperatura, segundo a previs\u00e3o do Instituto Portugu\u00eas do Mar e da Atmosfera. O &hellip; <a href=\"https:\/\/inforgomes.pt\/social\/temperaturas-voltam-a-subir-e-podem-chegar-aos-28o-no-final-da-proxima-semana\/\">Continue reading <span class=\"meta-nav\">&rarr;<\/span><\/a><\/p>\n<div class=\"pvc_clear\"><\/div>\n<p id=\"pvc_stats_1340\" class=\"pvc_stats all  \" data-element-id=\"1340\" style=\"\"><i class=\"pvc-stats-icon medium\" aria-hidden=\"true\"><svg aria-hidden=\"true\" focusable=\"false\" data-prefix=\"far\" data-icon=\"chart-bar\" role=\"img\" xmlns=\"http:\/\/www.w3.org\/2000\/svg\" viewBox=\"0 0 512 512\" class=\"svg-inline--fa fa-chart-bar fa-w-16 fa-2x\"><path fill=\"currentColor\" d=\"M396.8 352h22.4c6.4 0 12.8-6.4 12.8-12.8V108.8c0-6.4-6.4-12.8-12.8-12.8h-22.4c-6.4 0-12.8 6.4-12.8 12.8v230.4c0 6.4 6.4 12.8 12.8 12.8zm-192 0h22.4c6.4 0 12.8-6.4 12.8-12.8V140.8c0-6.4-6.4-12.8-12.8-12.8h-22.4c-6.4 0-12.8 6.4-12.8 12.8v198.4c0 6.4 6.4 12.8 12.8 12.8zm96 0h22.4c6.4 0 12.8-6.4 12.8-12.8V204.8c0-6.4-6.4-12.8-12.8-12.8h-22.4c-6.4 0-12.8 6.4-12.8 12.8v134.4c0 6.4 6.4 12.8 12.8 12.8zM496 400H48V80c0-8.84-7.16-16-16-16H16C7.16 64 0 71.16 0 80v336c0 17.67 14.33 32 32 32h464c8.84 0 16-7.16 16-16v-16c0-8.84-7.16-16-16-16zm-387.2-48h22.4c6.4 0 12.8-6.4 12.8-12.8v-70.4c0-6.4-6.4-12.8-12.8-12.8h-22.4c-6.4 0-12.8 6.4-12.8 12.8v70.4c0 6.4 6.4 12.8 12.8 12.8z\" class=\"\"><\/path><\/svg><\/i> <img loading=\"lazy\" decoding=\"async\" width=\"16\" height=\"16\" alt=\"Loading\" src=\"https:\/\/inforgomes.pt\/social\/wp-content\/plugins\/page-views-count\/ajax-loader-2x.gif\" border=0 \/><\/p>\n<div class=\"pvc_clear\"><\/div>\n","protected":false},"author":1,"featured_media":0,"comment_status":"open","ping_status":"open","sticky":false,"template":"","format":"standard","meta":{"footnotes":""},"categories":[332,350,3,50,52,14],"tags":[],"class_list":["post-1340","post","type-post","status-publish","format-standard","hentry","category-abril-2026","category-bom-tempo","category-diario-de-noticias","category-ipma","category-meteorologia","category-portugal"],"a3_pvc":{"activated":true,"total_views":5,"today_views":0},"_links":{"self":[{"href":"https:\/\/inforgomes.pt\/social\/wp-json\/wp\/v2\/posts\/1340","targetHints":{"allow":["GET"]}}],"collection":[{"href":"https:\/\/inforgomes.pt\/social\/wp-json\/wp\/v2\/posts"}],"about":[{"href":"https:\/\/inforgomes.pt\/social\/wp-json\/wp\/v2\/types\/post"}],"author":[{"embeddable":true,"href":"https:\/\/inforgomes.pt\/social\/wp-json\/wp\/v2\/users\/1"}],"replies":[{"embeddable":true,"href":"https:\/\/inforgomes.pt\/social\/wp-json\/wp\/v2\/comments?post=1340"}],"version-history":[{"count":1,"href":"https:\/\/inforgomes.pt\/social\/wp-json\/wp\/v2\/posts\/1340\/revisions"}],"predecessor-version":[{"id":1342,"href":"https:\/\/inforgomes.pt\/social\/wp-json\/wp\/v2\/posts\/1340\/revisions\/1342"}],"wp:attachment":[{"href":"https:\/\/inforgomes.pt\/social\/wp-json\/wp\/v2\/media?parent=1340"}],"wp:term":[{"taxonomy":"category","embeddable":true,"href":"https:\/\/inforgomes.pt\/social\/wp-json\/wp\/v2\/categories?post=1340"},{"taxonomy":"post_tag","embeddable":true,"href":"https:\/\/inforgomes.pt\/social\/wp-json\/wp\/v2\/tags?post=1340"}],"curies":[{"name":"wp","href":"https:\/\/api.w.org\/{rel}","templated":true}]}}