{"id":1343,"date":"2026-04-13T08:55:08","date_gmt":"2026-04-13T07:55:08","guid":{"rendered":"https:\/\/inforgomes.pt\/social\/?p=1343"},"modified":"2026-04-13T08:59:30","modified_gmt":"2026-04-13T07:59:30","slug":"uma-questao-de-confianca","status":"publish","type":"post","link":"https:\/\/inforgomes.pt\/social\/uma-questao-de-confianca\/","title":{"rendered":"Uma quest\u00e3o de confian\u00e7a"},"content":{"rendered":"<div class=\"pld-like-dislike-wrap pld-template-1\">\r\n    <div class=\"pld-like-wrap  pld-common-wrap\">\r\n    <a href=\"javascript:void(0)\" class=\"pld-like-trigger pld-like-dislike-trigger  \" title=\"Gosto\" data-post-id=\"1343\" data-trigger-type=\"like\" data-restriction=\"no\" data-already-liked=\"0\">\r\n                        <i class=\"fas fa-thumbs-up\"><\/i>\r\n                <\/a>\r\n    <span class=\"pld-like-count-wrap pld-count-wrap\">1    <\/span>\r\n<\/div><div class=\"pld-dislike-wrap  pld-common-wrap\">\r\n    <a href=\"javascript:void(0)\" class=\"pld-dislike-trigger pld-like-dislike-trigger  \" title=\"N\u00e3o gosto\" data-post-id=\"1343\" data-trigger-type=\"dislike\" data-restriction=\"no\" data-already-liked=\"0\">\r\n                        <i class=\"fas fa-thumbs-down\"><\/i>\r\n                <\/a>\r\n    <span class=\"pld-dislike-count-wrap pld-count-wrap\">0<\/span>\r\n<\/div><\/div><p>&nbsp;<\/p>\n<p><span style=\"font-size: 20px; font-family: Aldrich; color: #ff0000;\" data-darkreader-inline-color=\"\"><span style=\"font-size: 36px;\">\ud83c\uddf5\ud83c\uddf9<\/span>\u00a0OPINI\u00c3O<\/span><\/p>\n<p style=\"text-align: justify;\"><img loading=\"lazy\" decoding=\"async\" class=\"alignleft size-full wp-image-1346\" src=\"https:\/\/inforgomes.pt\/social\/wp-content\/uploads\/2026\/04\/NunoVinha.png\" alt=\"\" width=\"136\" height=\"145\" \/>Para os pol\u00edticos que cultivam o culto da personalidade, quase tudo o que a imprensa escreve de mau sobre o partido, o minist\u00e9rio ou a autarquia que dirigem \u00e9 considerado um ataque pessoal. E o passo l\u00f3gico seguinte \u00e9 atacar o autor da not\u00edcia com a qual n\u00e3o concordam, desgostam ou, simplesmente, n\u00e3o lhes \u00e9 favor\u00e1vel.<\/p>\n<p style=\"text-align: justify;\">Em 2006, Isaltino Morais \u2013 ent\u00e3o na primeira passagem como presidente da C\u00e2mara de Oeiras \u2013 n\u00e3o gostou da manchete que o seman\u00e1rio <em>Sol<\/em> lhe dedicou, segundo a qual o Minist\u00e9rio P\u00fablico lhe tinha apreendido a vivenda de f\u00e9rias que tinha em Alagoa (Algarve), \u201cpara evitar que fosse vendida\u201d. O jornal citava a acusa\u00e7\u00e3o do processo Isaltino Morais e referia que a vivenda lhe teria sido \u201coferecida pelo empres\u00e1rio Jo\u00e3o Algarvio\u201d em alegada troca pela autoriza\u00e7\u00e3o de aumento da \u00e1rea de constru\u00e7\u00e3o de um edif\u00edcio em Oeiras.<\/p>\n<p style=\"text-align: justify;\">Apesar de se tratar do documento da acusa\u00e7\u00e3o, Isaltino Morais n\u00e3o gostou, chamou \u201cpasquim\u201d ao jornal <em>Sol<\/em> e acusou os jornalistas respons\u00e1veis pela pe\u00e7a de serem pagos pelo ent\u00e3o l\u00edder do PSD, Marques Mendes.<\/p>\n<div id=\"attachment_1344\" style=\"width: 1210px\" class=\"wp-caption aligncenter\"><img loading=\"lazy\" decoding=\"async\" aria-describedby=\"caption-attachment-1344\" class=\"size-full wp-image-1344\" src=\"https:\/\/inforgomes.pt\/social\/wp-content\/uploads\/2026\/04\/dn13042026-01.avif\" alt=\"\" width=\"1200\" height=\"800\" srcset=\"https:\/\/inforgomes.pt\/social\/wp-content\/uploads\/2026\/04\/dn13042026-01.avif 1200w, https:\/\/inforgomes.pt\/social\/wp-content\/uploads\/2026\/04\/dn13042026-01-300x200.avif 300w, https:\/\/inforgomes.pt\/social\/wp-content\/uploads\/2026\/04\/dn13042026-01-1024x683.avif 1024w, https:\/\/inforgomes.pt\/social\/wp-content\/uploads\/2026\/04\/dn13042026-01-768x512.avif 768w, https:\/\/inforgomes.pt\/social\/wp-content\/uploads\/2026\/04\/dn13042026-01-450x300.avif 450w\" sizes=\"auto, (max-width: 1200px) 100vw, 1200px\" \/><p id=\"caption-attachment-1344\" class=\"wp-caption-text\">&#8220;\u00c9 que Ana Abrunhosa acusou um jornalista da Delega\u00e7\u00e3o Centro da ag\u00eancia \u201cde fazer pol\u00edtica\u201d quando escreveu uma pe\u00e7a a dar conta de que a Casa de Cinema de Coimbra estava em risco de fechar, por falta de obras da c\u00e2mara.&#8221;<br \/>Leonel de Castro \/ Global Imagens<\/p><\/div>\n<p style=\"text-align: justify;\">Em 2011, Isaltino foi a julgamento por difama\u00e7\u00e3o dos quatro jornalistas do Sol. Dois anos depois foi detido para cumprir pena de pris\u00e3o por crimes de fraude fiscal qualificada e branqueamento de capitais. Hoje, \u00e9 novamente autarca em Oeiras.<\/p>\n<p style=\"text-align: justify;\">Os excessos de autarcas com a imprensa n\u00e3o s\u00e3o uma coisa do passado. E acusar os jornalistas de estarem ao servi\u00e7o dos opositores e de propagarem <em>fake news<\/em> n\u00e3o \u00e9 apan\u00e1gio de l\u00edderes pol\u00edticos do outro lado do Atl\u00e2ntico. Basta olhar para Coimbra.<\/p>\n<p style=\"text-align: justify;\">A recente guerra da presidente da C\u00e2mara de Coimbra contra a Ag\u00eancia Lusa tem contornos semelhantes, mas um desfecho mais perturbador.<\/p>\n<p style=\"text-align: justify;\">\u00c9 que Ana Abrunhosa acusou um jornalista da Delega\u00e7\u00e3o Centro da ag\u00eancia \u201cde fazer pol\u00edtica\u201d quando escreveu uma pe\u00e7a a dar conta de que a Casa de Cinema de Coimbra estava em risco de fechar, por falta de obras da c\u00e2mara.<\/p>\n<p style=\"text-align: justify;\">Ao contr\u00e1rio de outros \u00f3rg\u00e3os, a Lusa n\u00e3o tem por h\u00e1bito escrever com base em fontes an\u00f3nimas. Apenas o faz, com extremo cuidado, quando esta \u00e9 a \u00fanica op\u00e7\u00e3o para noticiar um tema de manifesto interesse p\u00fablico. E, tal como outros meios, rodeia-se de todos os cuidados, incluindo ter duas fontes n\u00e3o-relacionadas entre si a confirmarem a informa\u00e7\u00e3o e cumprir o estrito exerc\u00edcio do contradit\u00f3rio.<\/p>\n<p style=\"text-align: justify;\">Na pe\u00e7a em causa, n\u00e3o houve fontes em <em>off<\/em>. O jornalista Jo\u00e3o Gaspar citou directamente declara\u00e7\u00f5es do coordenador da Casa de Cinema de Coimbra, Tiago Santos. \u00c9 este respons\u00e1vel quem coloca a hip\u00f3tese de a estrutura cultural fechar se a C\u00e2mara n\u00e3o fizer obras.<\/p>\n<div class=\"big-fact-m_content__1u2Ul\" style=\"text-align: justify;\">&#8220;A presidente da C\u00e2mara de Coimbra n\u00e3o s\u00f3 disse que o jornalista da Lusa tem uma agenda pol\u00edtica, como sinalizou \u00e0 direc\u00e7\u00e3o da ag\u00eancia que, consigo na presid\u00eancia, aquele jornalista n\u00e3o mais receber\u00e1 informa\u00e7\u00f5es da autarquia. Em suma: que ser\u00e1, a partir de hoje, uma esp\u00e9cie de proscrito.\u201d<\/div>\n<p style=\"text-align: justify;\">Para cumprir as regras da ag\u00eancia, Jo\u00e3o Gaspar confrontou a C\u00e2mara de Coimbra com a informa\u00e7\u00e3o que tinha e esperou pelas respostas. Esperou nove dias. E as respostas nunca chegaram. Mesmo assim, antes de publicar a not\u00edcia, ainda fez uma \u00faltima tentativa, contactando directamente a respons\u00e1vel de Comunica\u00e7\u00e3o da C\u00e2mara.<\/p>\n<p style=\"text-align: justify;\">Para a C\u00e2mara de Coimbra, isto n\u00e3o foi suficiente. Ana Abrunhosa veio a p\u00fablico afirmar que iria \u201cretirar a confian\u00e7a\u201d ao rep\u00f3rter da Lusa. E acrescentou uma acusa\u00e7\u00e3o: \u201cSe o jornalista quer fazer pol\u00edtica, deve entregar a Carteira de Jornalista.\u201d<\/p>\n<p style=\"text-align: justify;\">Ou seja, a presidente da C\u00e2mara de Coimbra n\u00e3o s\u00f3 disse que o jornalista da Lusa tem uma agenda pol\u00edtica, como sinalizou \u00e0 direc\u00e7\u00e3o da ag\u00eancia que, consigo na presid\u00eancia, aquele jornalista n\u00e3o mais receber\u00e1 informa\u00e7\u00f5es da autarquia. Em suma: que ser\u00e1, a partir de hoje, uma esp\u00e9cie de proscrito.<\/p>\n<p style=\"text-align: justify;\">Das duas uma: ou \u00e9 uma tentativa de afastar o jornalista inc\u00f3modo da cobertura de Coimbra ou, em alternativa, \u00e9 uma tentativa de condicionar o seu trabalho daqui em diante. As duas s\u00e3o m\u00e1s e censur\u00e1veis.<\/p>\n<p style=\"text-align: justify;\">Tr\u00eas notas finais.<\/p>\n<p style=\"text-align: justify;\">Primeira. Os jornalistas n\u00e3o s\u00e3o florzinhas. Est\u00e3o habituados a sofrer e a resistir a este tipo de press\u00f5es. E a outras, algumas bastante piores. Faz parte do trabalho.<\/p>\n<p style=\"text-align: justify;\">Segunda. Desconhe\u00e7o se h\u00e1 algum historial de \u201cm\u00e1 \u00e1gua\u201d ou incidentes anteriores entre Ana Abrunhosa e o jornalista da Lusa a quem quis \u201cretirar a confian\u00e7a\u201d. Mas o \u00f3nus de o provar est\u00e1 agora do lado da autarca.<\/p>\n<p style=\"text-align: justify;\">Terceira. Fui jornalista da Lusa durante 15 anos. At\u00e9 ao momento, n\u00e3o vi neste caso qualquer viola\u00e7\u00e3o das regras da ag\u00eancia por parte do autor da pe\u00e7a. Acredito que, al\u00e9m de cumprir todas as regras deontol\u00f3gicas, os jornalistas devem estar dispon\u00edveis para aceitar o mesmo escrut\u00ednio que exercem sobre detentores de cargos p\u00fablicos, sobre institui\u00e7\u00f5es ou empresas.<\/p>\n<p style=\"text-align: justify;\">\u00c9 isso que gera a confian\u00e7a de quem nos l\u00ea, v\u00ea ou escuta. E \u00e9 uma confian\u00e7a que n\u00e3o se tira por decreto.<\/p>\n<p style=\"text-align: justify;\"><a href=\"https:\/\/www.dn.pt\/opiniao-dn\/uma-questo-de-confiana\" target=\"_blank\" rel=\"noopener\">Di\u00e1rio de Not\u00edcias<\/a><br \/>\nNuno Vinha<br \/>\nDirector-adjunto do Di\u00e1rio de Not\u00edcias<br \/>\n13.04.2026<\/p>\n<p>Visita:\u00a0<a href=\"https:\/\/www.counter12.com\"><img decoding=\"async\" src=\"https:\/\/www.counter12.com\/img-ZzBz6YZaD8Dy51z5-22.gif\" alt=\"web counter free\" border=\"0\" \/><\/a><\/p>\n<p style=\"text-align: justify;\"><div class=\"note\"><div class=\"notewarning\">- Neste Blogue, escreve-se em Portugu\u00eas \ud83c\uddf5\ud83c\uddf9 de Portugal (n\u00e3o adulterado pela coloniza\u00e7\u00e3o do AO).<\/div><\/div><\/p>\n<p><img loading=\"lazy\" decoding=\"async\" class=\"alignnone wp-image-1223\" src=\"https:\/\/inforgomes.pt\/cozinha\/wp-content\/uploads\/2023\/11\/0-coracao_transp.png\" alt=\"\" width=\"136\" height=\"122\" \/><img loading=\"lazy\" decoding=\"async\" class=\"alignnone wp-image-1758\" src=\"https:\/\/inforgomes.pt\/cozinha\/wp-content\/uploads\/2024\/03\/nao-AO.png\" alt=\"\" width=\"128\" height=\"128\" \/><img loading=\"lazy\" decoding=\"async\" class=\"alignnone wp-image-1791\" src=\"https:\/\/inforgomes.pt\/cozinha\/wp-content\/uploads\/2024\/03\/meio-ambiente.png\" alt=\"\" width=\"127\" height=\"130\" \/><\/p>\n<p>&nbsp;<\/p>\n<div class=\"pvc_clear\"><\/div>\n<p id=\"pvc_stats_1343\" class=\"pvc_stats all  \" data-element-id=\"1343\" style=\"\"><i class=\"pvc-stats-icon medium\" aria-hidden=\"true\"><svg aria-hidden=\"true\" focusable=\"false\" data-prefix=\"far\" data-icon=\"chart-bar\" role=\"img\" xmlns=\"http:\/\/www.w3.org\/2000\/svg\" viewBox=\"0 0 512 512\" class=\"svg-inline--fa fa-chart-bar fa-w-16 fa-2x\"><path fill=\"currentColor\" d=\"M396.8 352h22.4c6.4 0 12.8-6.4 12.8-12.8V108.8c0-6.4-6.4-12.8-12.8-12.8h-22.4c-6.4 0-12.8 6.4-12.8 12.8v230.4c0 6.4 6.4 12.8 12.8 12.8zm-192 0h22.4c6.4 0 12.8-6.4 12.8-12.8V140.8c0-6.4-6.4-12.8-12.8-12.8h-22.4c-6.4 0-12.8 6.4-12.8 12.8v198.4c0 6.4 6.4 12.8 12.8 12.8zm96 0h22.4c6.4 0 12.8-6.4 12.8-12.8V204.8c0-6.4-6.4-12.8-12.8-12.8h-22.4c-6.4 0-12.8 6.4-12.8 12.8v134.4c0 6.4 6.4 12.8 12.8 12.8zM496 400H48V80c0-8.84-7.16-16-16-16H16C7.16 64 0 71.16 0 80v336c0 17.67 14.33 32 32 32h464c8.84 0 16-7.16 16-16v-16c0-8.84-7.16-16-16-16zm-387.2-48h22.4c6.4 0 12.8-6.4 12.8-12.8v-70.4c0-6.4-6.4-12.8-12.8-12.8h-22.4c-6.4 0-12.8 6.4-12.8 12.8v70.4c0 6.4 6.4 12.8 12.8 12.8z\" class=\"\"><\/path><\/svg><\/i> <img loading=\"lazy\" decoding=\"async\" width=\"16\" height=\"16\" alt=\"Loading\" src=\"https:\/\/inforgomes.pt\/social\/wp-content\/plugins\/page-views-count\/ajax-loader-2x.gif\" border=0 \/><\/p>\n<div class=\"pvc_clear\"><\/div>\n","protected":false},"excerpt":{"rendered":"<p>1 0 &nbsp; \ud83c\uddf5\ud83c\uddf9\u00a0OPINI\u00c3O Para os pol\u00edticos que cultivam o culto da personalidade, quase tudo o que a imprensa escreve de mau sobre o partido, o minist\u00e9rio ou a autarquia que dirigem \u00e9 considerado um ataque pessoal. E o passo &hellip; <a href=\"https:\/\/inforgomes.pt\/social\/uma-questao-de-confianca\/\">Continue reading <span class=\"meta-nav\">&rarr;<\/span><\/a><\/p>\n<div class=\"pvc_clear\"><\/div>\n<p id=\"pvc_stats_1343\" class=\"pvc_stats all  \" data-element-id=\"1343\" style=\"\"><i class=\"pvc-stats-icon medium\" aria-hidden=\"true\"><svg aria-hidden=\"true\" focusable=\"false\" data-prefix=\"far\" data-icon=\"chart-bar\" role=\"img\" xmlns=\"http:\/\/www.w3.org\/2000\/svg\" viewBox=\"0 0 512 512\" class=\"svg-inline--fa fa-chart-bar fa-w-16 fa-2x\"><path fill=\"currentColor\" d=\"M396.8 352h22.4c6.4 0 12.8-6.4 12.8-12.8V108.8c0-6.4-6.4-12.8-12.8-12.8h-22.4c-6.4 0-12.8 6.4-12.8 12.8v230.4c0 6.4 6.4 12.8 12.8 12.8zm-192 0h22.4c6.4 0 12.8-6.4 12.8-12.8V140.8c0-6.4-6.4-12.8-12.8-12.8h-22.4c-6.4 0-12.8 6.4-12.8 12.8v198.4c0 6.4 6.4 12.8 12.8 12.8zm96 0h22.4c6.4 0 12.8-6.4 12.8-12.8V204.8c0-6.4-6.4-12.8-12.8-12.8h-22.4c-6.4 0-12.8 6.4-12.8 12.8v134.4c0 6.4 6.4 12.8 12.8 12.8zM496 400H48V80c0-8.84-7.16-16-16-16H16C7.16 64 0 71.16 0 80v336c0 17.67 14.33 32 32 32h464c8.84 0 16-7.16 16-16v-16c0-8.84-7.16-16-16-16zm-387.2-48h22.4c6.4 0 12.8-6.4 12.8-12.8v-70.4c0-6.4-6.4-12.8-12.8-12.8h-22.4c-6.4 0-12.8 6.4-12.8 12.8v70.4c0 6.4 6.4 12.8 12.8 12.8z\" class=\"\"><\/path><\/svg><\/i> <img loading=\"lazy\" decoding=\"async\" width=\"16\" height=\"16\" alt=\"Loading\" src=\"https:\/\/inforgomes.pt\/social\/wp-content\/plugins\/page-views-count\/ajax-loader-2x.gif\" border=0 \/><\/p>\n<div class=\"pvc_clear\"><\/div>\n","protected":false},"author":1,"featured_media":0,"comment_status":"open","ping_status":"open","sticky":false,"template":"","format":"standard","meta":{"footnotes":""},"categories":[1],"tags":[],"class_list":["post-1343","post","type-post","status-publish","format-standard","hentry","category-uncategorized"],"a3_pvc":{"activated":true,"total_views":9,"today_views":0},"_links":{"self":[{"href":"https:\/\/inforgomes.pt\/social\/wp-json\/wp\/v2\/posts\/1343","targetHints":{"allow":["GET"]}}],"collection":[{"href":"https:\/\/inforgomes.pt\/social\/wp-json\/wp\/v2\/posts"}],"about":[{"href":"https:\/\/inforgomes.pt\/social\/wp-json\/wp\/v2\/types\/post"}],"author":[{"embeddable":true,"href":"https:\/\/inforgomes.pt\/social\/wp-json\/wp\/v2\/users\/1"}],"replies":[{"embeddable":true,"href":"https:\/\/inforgomes.pt\/social\/wp-json\/wp\/v2\/comments?post=1343"}],"version-history":[{"count":2,"href":"https:\/\/inforgomes.pt\/social\/wp-json\/wp\/v2\/posts\/1343\/revisions"}],"predecessor-version":[{"id":1347,"href":"https:\/\/inforgomes.pt\/social\/wp-json\/wp\/v2\/posts\/1343\/revisions\/1347"}],"wp:attachment":[{"href":"https:\/\/inforgomes.pt\/social\/wp-json\/wp\/v2\/media?parent=1343"}],"wp:term":[{"taxonomy":"category","embeddable":true,"href":"https:\/\/inforgomes.pt\/social\/wp-json\/wp\/v2\/categories?post=1343"},{"taxonomy":"post_tag","embeddable":true,"href":"https:\/\/inforgomes.pt\/social\/wp-json\/wp\/v2\/tags?post=1343"}],"curies":[{"name":"wp","href":"https:\/\/api.w.org\/{rel}","templated":true}]}}