{"id":1353,"date":"2026-04-15T08:19:54","date_gmt":"2026-04-15T07:19:54","guid":{"rendered":"https:\/\/inforgomes.pt\/social\/?p=1353"},"modified":"2026-04-15T08:21:43","modified_gmt":"2026-04-15T07:21:43","slug":"boas-noticias-da-hungria","status":"publish","type":"post","link":"https:\/\/inforgomes.pt\/social\/boas-noticias-da-hungria\/","title":{"rendered":"Boas not\u00edcias da Hungria"},"content":{"rendered":"<div class=\"pld-like-dislike-wrap pld-template-1\">\r\n    <div class=\"pld-like-wrap  pld-common-wrap\">\r\n    <a href=\"javascript:void(0)\" class=\"pld-like-trigger pld-like-dislike-trigger  \" title=\"Gosto\" data-post-id=\"1353\" data-trigger-type=\"like\" data-restriction=\"no\" data-already-liked=\"0\">\r\n                        <i class=\"fas fa-thumbs-up\"><\/i>\r\n                <\/a>\r\n    <span class=\"pld-like-count-wrap pld-count-wrap\">1    <\/span>\r\n<\/div><div class=\"pld-dislike-wrap  pld-common-wrap\">\r\n    <a href=\"javascript:void(0)\" class=\"pld-dislike-trigger pld-like-dislike-trigger  \" title=\"N\u00e3o gosto\" data-post-id=\"1353\" data-trigger-type=\"dislike\" data-restriction=\"no\" data-already-liked=\"0\">\r\n                        <i class=\"fas fa-thumbs-down\"><\/i>\r\n                <\/a>\r\n    <span class=\"pld-dislike-count-wrap pld-count-wrap\">0<\/span>\r\n<\/div><\/div><p>&nbsp;<\/p>\n<p><span style=\"font-size: 20px; font-family: Aldrich; color: #ff0000;\" data-darkreader-inline-color=\"\"><span style=\"font-size: 36px;\">\ud83c\uddf5\ud83c\uddf9<\/span>\u00a0OPINI\u00c3O<\/span><\/p>\n<p style=\"text-align: justify;\"><img loading=\"lazy\" decoding=\"async\" class=\"alignleft size-full wp-image-1203\" src=\"https:\/\/inforgomes.pt\/social\/wp-content\/uploads\/2026\/03\/LuisCastroMendes150-transp.png\" alt=\"\" width=\"150\" height=\"149\" \/>Vivemos hoje entre guerras e amea\u00e7as, retrocessos e desastres, situa\u00e7\u00e3o que pode certamente refor\u00e7ar o nosso desejo de escapar para um jardim interior ou de limitar a nossa actividade aos mais paroquiais e familiares contactos.<\/p>\n<p style=\"text-align: justify;\">N\u00e3o \u00e9 inteiramente ileg\u00edtimo esse desejo: se nos concentramos no terror do mundo, acabamos por perder qualquer aten\u00e7\u00e3o \u00e0 beleza do mundo.<\/p>\n<p style=\"text-align: justify;\">E a atitude consciente e l\u00facida de quem n\u00e3o quer deixar de estar atento n\u00e3o pode tornar-se numa fixa\u00e7\u00e3o doentia na dem\u00eancia mortal para que nos arrastam os pretensos donos do mundo, esquecendo-se da vida \u201cv\u00ea-la desfiar seu fio, que tamb\u00e9m se chama vida, ver a f\u00e1brica que ela mesma teimosamente se fabrica\u201d, como escreveu Jo\u00e3o Cabral de Melo Neto. O nosso dever \u00e9 ficarmos intransigentemente do lado da vida que continua, contra todos os arautos da morte que ocupam o nosso espa\u00e7o e o nosso tempo.<\/p>\n<p style=\"text-align: justify;\">A derrota esmagadora de Viktor Orb\u00e1n na Hungria \u00e9 uma boa not\u00edcia, no meio das desgra\u00e7as com que somos todos os dias confrontados. Peter Magyar \u00e9 um pol\u00edtico da \u00e1rea cultural conservadora a que pertence o Fidesz, de que foi membro at\u00e9 h\u00e1 pouco tempo. Mas a vota\u00e7\u00e3o que obteve, na qual convergiram esquerda e direita, campo e cidade, e uma impressionante maioria de jovens, mostra um desejo de mudan\u00e7a, que o seu partido Tisza n\u00e3o poder\u00e1 ignorar e que a maioria de 2\/3 que obteve lhe permite concretizar, enquanto governo.<\/p>\n<p style=\"text-align: justify;\">As redes de interesses criados e as cl\u00e1usulas legais e constitucionais montadas para dificultar uma verdadeira altern\u00e2ncia dever\u00e3o ser os primeiros objectivos de Peter Magyar. \u201cLibert\u00e1mos a Hungria\u201d foi a sua primeira proclama\u00e7\u00e3o.<\/p>\n<p style=\"text-align: justify;\">Em rela\u00e7\u00e3o \u00e0 Uni\u00e3o Europeia, existe um mesmo desejo de mudan\u00e7a e Trump e Putin sofreram uma clara derrota. Mas em pol\u00edtica externa o peso das realidades conta mais e talvez as posi\u00e7\u00f5es do novo governo h\u00fangaro quanto \u00e0 R\u00fassia, de que a Hungria ainda depende em termos energ\u00e9ticos, e da Ucr\u00e2nia, com quem subsistem contenciosos vindos da Hist\u00f3ria (a situa\u00e7\u00e3o da minoria h\u00fangara na antiga Rut\u00e9nia Carp\u00e1tica), venham revelar alguma maior modera\u00e7\u00e3o numa pol\u00edtica que estar\u00e1 agora virada prioritariamente para desmontar o sistema de poder interno montado por Orb\u00e1n.<\/p>\n<p style=\"text-align: justify;\">Mas \u00e9 claro que a atitude em rela\u00e7\u00e3o \u00e0 Uni\u00e3o Europeia ir\u00e1 mudar e desanuviar-se. E bem mais recente que os contenciosos com a Ucr\u00e2nia, a triste mem\u00f3ria da domina\u00e7\u00e3o sovi\u00e9tica e da invas\u00e3o de 1956 viu-se profundamente ferida com a divulga\u00e7\u00e3o p\u00fablica dos votos de amizade eterna trocados entre Putin e Orb\u00e1n e do papel de agente russo desempenhado pelo ministro h\u00fangaro que relatava a Moscovo todas as discuss\u00f5es sigilosas em que participava nas reuni\u00f5es europeias.<\/p>\n<p style=\"text-align: justify;\">Derrota de Putin e n\u00e3o menor derrota de Trump, que deu todo o seu apoio a Orb\u00e1n, enviando o vice presidente Vance a Budapeste participar no com\u00edcio de apoio ao FIDESZ, com mensagem telef\u00f3nica pessoal sua para os participantes naquela manifesta\u00e7\u00e3o.<\/p>\n<p style=\"text-align: justify;\">Temos raz\u00f5es para nos sentirmos hoje mais confiantes na for\u00e7a da democracia.<\/p>\n<p style=\"text-align: justify;\"><a href=\"https:\/\/www.dn.pt\/opiniao-dn\/boas-notcias-da-hungria\" target=\"_blank\" rel=\"noopener\">Di\u00e1rio de Not\u00edcias<\/a><br \/>\nLu\u00eds Castro Mendes<br \/>\nDiplomata e escritor<\/p>\n<p>15.04.2026<\/p>\n<p>Visita:\u00a0<a href=\"https:\/\/www.counter12.com\"><img decoding=\"async\" src=\"https:\/\/www.counter12.com\/img-2Y1Z1dAC9WC2766b-22.gif\" alt=\"free web counter\" border=\"0\" \/><\/a><\/p>\n<p style=\"text-align: justify;\"><div class=\"note\"><div class=\"notewarning\">- Neste Blogue, escreve-se em Portugu\u00eas \ud83c\uddf5\ud83c\uddf9 de Portugal (n\u00e3o adulterado pela coloniza\u00e7\u00e3o do AO).<\/div><\/div><\/p>\n<p><img loading=\"lazy\" decoding=\"async\" class=\"alignnone wp-image-1223\" src=\"https:\/\/inforgomes.pt\/cozinha\/wp-content\/uploads\/2023\/11\/0-coracao_transp.png\" alt=\"\" width=\"136\" height=\"122\" \/><img loading=\"lazy\" decoding=\"async\" class=\"alignnone wp-image-1758\" src=\"https:\/\/inforgomes.pt\/cozinha\/wp-content\/uploads\/2024\/03\/nao-AO.png\" alt=\"\" width=\"128\" height=\"128\" \/><img loading=\"lazy\" decoding=\"async\" class=\"alignnone wp-image-1791\" src=\"https:\/\/inforgomes.pt\/cozinha\/wp-content\/uploads\/2024\/03\/meio-ambiente.png\" alt=\"\" width=\"127\" height=\"130\" \/><\/p>\n<p>&nbsp;<\/p>\n<div class=\"pvc_clear\"><\/div>\n<p id=\"pvc_stats_1353\" class=\"pvc_stats all  \" data-element-id=\"1353\" style=\"\"><i class=\"pvc-stats-icon medium\" aria-hidden=\"true\"><svg aria-hidden=\"true\" focusable=\"false\" data-prefix=\"far\" data-icon=\"chart-bar\" role=\"img\" xmlns=\"http:\/\/www.w3.org\/2000\/svg\" viewBox=\"0 0 512 512\" class=\"svg-inline--fa fa-chart-bar fa-w-16 fa-2x\"><path fill=\"currentColor\" d=\"M396.8 352h22.4c6.4 0 12.8-6.4 12.8-12.8V108.8c0-6.4-6.4-12.8-12.8-12.8h-22.4c-6.4 0-12.8 6.4-12.8 12.8v230.4c0 6.4 6.4 12.8 12.8 12.8zm-192 0h22.4c6.4 0 12.8-6.4 12.8-12.8V140.8c0-6.4-6.4-12.8-12.8-12.8h-22.4c-6.4 0-12.8 6.4-12.8 12.8v198.4c0 6.4 6.4 12.8 12.8 12.8zm96 0h22.4c6.4 0 12.8-6.4 12.8-12.8V204.8c0-6.4-6.4-12.8-12.8-12.8h-22.4c-6.4 0-12.8 6.4-12.8 12.8v134.4c0 6.4 6.4 12.8 12.8 12.8zM496 400H48V80c0-8.84-7.16-16-16-16H16C7.16 64 0 71.16 0 80v336c0 17.67 14.33 32 32 32h464c8.84 0 16-7.16 16-16v-16c0-8.84-7.16-16-16-16zm-387.2-48h22.4c6.4 0 12.8-6.4 12.8-12.8v-70.4c0-6.4-6.4-12.8-12.8-12.8h-22.4c-6.4 0-12.8 6.4-12.8 12.8v70.4c0 6.4 6.4 12.8 12.8 12.8z\" class=\"\"><\/path><\/svg><\/i> <img loading=\"lazy\" decoding=\"async\" width=\"16\" height=\"16\" alt=\"Loading\" src=\"https:\/\/inforgomes.pt\/social\/wp-content\/plugins\/page-views-count\/ajax-loader-2x.gif\" border=0 \/><\/p>\n<div class=\"pvc_clear\"><\/div>\n","protected":false},"excerpt":{"rendered":"<p>1 0 &nbsp; \ud83c\uddf5\ud83c\uddf9\u00a0OPINI\u00c3O Vivemos hoje entre guerras e amea\u00e7as, retrocessos e desastres, situa\u00e7\u00e3o que pode certamente refor\u00e7ar o nosso desejo de escapar para um jardim interior ou de limitar a nossa actividade aos mais paroquiais e familiares contactos. N\u00e3o &hellip; <a href=\"https:\/\/inforgomes.pt\/social\/boas-noticias-da-hungria\/\">Continue reading <span class=\"meta-nav\">&rarr;<\/span><\/a><\/p>\n<div class=\"pvc_clear\"><\/div>\n<p id=\"pvc_stats_1353\" class=\"pvc_stats all  \" data-element-id=\"1353\" style=\"\"><i class=\"pvc-stats-icon medium\" aria-hidden=\"true\"><svg aria-hidden=\"true\" focusable=\"false\" data-prefix=\"far\" data-icon=\"chart-bar\" role=\"img\" xmlns=\"http:\/\/www.w3.org\/2000\/svg\" viewBox=\"0 0 512 512\" class=\"svg-inline--fa fa-chart-bar fa-w-16 fa-2x\"><path fill=\"currentColor\" d=\"M396.8 352h22.4c6.4 0 12.8-6.4 12.8-12.8V108.8c0-6.4-6.4-12.8-12.8-12.8h-22.4c-6.4 0-12.8 6.4-12.8 12.8v230.4c0 6.4 6.4 12.8 12.8 12.8zm-192 0h22.4c6.4 0 12.8-6.4 12.8-12.8V140.8c0-6.4-6.4-12.8-12.8-12.8h-22.4c-6.4 0-12.8 6.4-12.8 12.8v198.4c0 6.4 6.4 12.8 12.8 12.8zm96 0h22.4c6.4 0 12.8-6.4 12.8-12.8V204.8c0-6.4-6.4-12.8-12.8-12.8h-22.4c-6.4 0-12.8 6.4-12.8 12.8v134.4c0 6.4 6.4 12.8 12.8 12.8zM496 400H48V80c0-8.84-7.16-16-16-16H16C7.16 64 0 71.16 0 80v336c0 17.67 14.33 32 32 32h464c8.84 0 16-7.16 16-16v-16c0-8.84-7.16-16-16-16zm-387.2-48h22.4c6.4 0 12.8-6.4 12.8-12.8v-70.4c0-6.4-6.4-12.8-12.8-12.8h-22.4c-6.4 0-12.8 6.4-12.8 12.8v70.4c0 6.4 6.4 12.8 12.8 12.8z\" class=\"\"><\/path><\/svg><\/i> <img loading=\"lazy\" decoding=\"async\" width=\"16\" height=\"16\" alt=\"Loading\" src=\"https:\/\/inforgomes.pt\/social\/wp-content\/plugins\/page-views-count\/ajax-loader-2x.gif\" border=0 \/><\/p>\n<div class=\"pvc_clear\"><\/div>\n","protected":false},"author":1,"featured_media":0,"comment_status":"open","ping_status":"open","sticky":false,"template":"","format":"standard","meta":{"footnotes":""},"categories":[332,3,9,4,14],"tags":[],"class_list":["post-1353","post","type-post","status-publish","format-standard","hentry","category-abril-2026","category-diario-de-noticias","category-luis-castro-mendes","category-opiniao","category-portugal"],"a3_pvc":{"activated":true,"total_views":4,"today_views":0},"_links":{"self":[{"href":"https:\/\/inforgomes.pt\/social\/wp-json\/wp\/v2\/posts\/1353","targetHints":{"allow":["GET"]}}],"collection":[{"href":"https:\/\/inforgomes.pt\/social\/wp-json\/wp\/v2\/posts"}],"about":[{"href":"https:\/\/inforgomes.pt\/social\/wp-json\/wp\/v2\/types\/post"}],"author":[{"embeddable":true,"href":"https:\/\/inforgomes.pt\/social\/wp-json\/wp\/v2\/users\/1"}],"replies":[{"embeddable":true,"href":"https:\/\/inforgomes.pt\/social\/wp-json\/wp\/v2\/comments?post=1353"}],"version-history":[{"count":2,"href":"https:\/\/inforgomes.pt\/social\/wp-json\/wp\/v2\/posts\/1353\/revisions"}],"predecessor-version":[{"id":1355,"href":"https:\/\/inforgomes.pt\/social\/wp-json\/wp\/v2\/posts\/1353\/revisions\/1355"}],"wp:attachment":[{"href":"https:\/\/inforgomes.pt\/social\/wp-json\/wp\/v2\/media?parent=1353"}],"wp:term":[{"taxonomy":"category","embeddable":true,"href":"https:\/\/inforgomes.pt\/social\/wp-json\/wp\/v2\/categories?post=1353"},{"taxonomy":"post_tag","embeddable":true,"href":"https:\/\/inforgomes.pt\/social\/wp-json\/wp\/v2\/tags?post=1353"}],"curies":[{"name":"wp","href":"https:\/\/api.w.org\/{rel}","templated":true}]}}