{"id":1356,"date":"2026-04-15T14:47:22","date_gmt":"2026-04-15T13:47:22","guid":{"rendered":"https:\/\/inforgomes.pt\/social\/?p=1356"},"modified":"2026-04-15T14:49:16","modified_gmt":"2026-04-15T13:49:16","slug":"el-nino-podera-regressar-em-forca-entre-maio-e-julho-de-2026","status":"publish","type":"post","link":"https:\/\/inforgomes.pt\/social\/el-nino-podera-regressar-em-forca-entre-maio-e-julho-de-2026\/","title":{"rendered":"El Ni\u00f1o poder\u00e1 regressar em for\u00e7a entre Maio e Julho de 2026"},"content":{"rendered":"<div class=\"pld-like-dislike-wrap pld-template-1\">\r\n    <div class=\"pld-like-wrap  pld-common-wrap\">\r\n    <a href=\"javascript:void(0)\" class=\"pld-like-trigger pld-like-dislike-trigger  \" title=\"Gosto\" data-post-id=\"1356\" data-trigger-type=\"like\" data-restriction=\"no\" data-already-liked=\"0\">\r\n                        <i class=\"fas fa-thumbs-up\"><\/i>\r\n                <\/a>\r\n    <span class=\"pld-like-count-wrap pld-count-wrap\">1    <\/span>\r\n<\/div><div class=\"pld-dislike-wrap  pld-common-wrap\">\r\n    <a href=\"javascript:void(0)\" class=\"pld-dislike-trigger pld-like-dislike-trigger  \" title=\"N\u00e3o gosto\" data-post-id=\"1356\" data-trigger-type=\"dislike\" data-restriction=\"no\" data-already-liked=\"0\">\r\n                        <i class=\"fas fa-thumbs-down\"><\/i>\r\n                <\/a>\r\n    <span class=\"pld-dislike-count-wrap pld-count-wrap\">0<\/span>\r\n<\/div><\/div><p>&nbsp;<\/p>\n<p><span style=\"font-size: 20px; font-family: Aldrich; color: #ff0000;\" data-darkreader-inline-color=\"\">METEOROLOGIA \/\/ EL NI\u00d1O<\/span><\/p>\n<p style=\"text-align: justify;\"><em><span style=\"font-size: 20px;\">Este fen\u00f3meno meteorol\u00f3gico redistribui o calor global, provocando eventos meteorol\u00f3gicos extremos. Existe uma probabilidade de 25% da ocorr\u00eancia de um &#8220;Super El Ni\u00f1o&#8221; entre Novembro de 2026 e Janeiro de 2027.<\/span><\/em><\/p>\n<div id=\"attachment_1357\" style=\"width: 778px\" class=\"wp-caption aligncenter\"><img loading=\"lazy\" decoding=\"async\" aria-describedby=\"caption-attachment-1357\" class=\"size-full wp-image-1357\" src=\"https:\/\/inforgomes.pt\/social\/wp-content\/uploads\/2026\/04\/RTP15042026.png\" alt=\"\" width=\"768\" height=\"421\" srcset=\"https:\/\/inforgomes.pt\/social\/wp-content\/uploads\/2026\/04\/RTP15042026.png 768w, https:\/\/inforgomes.pt\/social\/wp-content\/uploads\/2026\/04\/RTP15042026-300x164.png 300w, https:\/\/inforgomes.pt\/social\/wp-content\/uploads\/2026\/04\/RTP15042026-500x274.png 500w\" sizes=\"auto, (max-width: 768px) 100vw, 768px\" \/><p id=\"caption-attachment-1357\" class=\"wp-caption-text\">Este fen\u00f3meno meteorol\u00f3gico redistribui o calor global, provocando eventos meteorol\u00f3gicos extremos.<br \/>\u00a9 RTVE<\/p><\/div>\n<p style=\"text-align: justify;\">Antes de mais, o que \u00e9 o <i>El Ni\u00f1o<\/i>? O<i> El Ni\u00f1o<\/i>-Oscila\u00e7\u00e3o Sul (ENSO) \u00e9 um fen\u00f3meno natural que ocorre no Pac\u00edfico equatorial mas que influencia os padr\u00f5es clim\u00e1ticos em v\u00e1rias partes do mundo. Envolve a atmosfera e o oceano e tem tr\u00eas fases distintas: <i>El Ni\u00f1o<\/i>, <i>La Ni\u00f1a<\/i> e a fase neutra.<\/p>\n<p style=\"text-align: justify;\">Trata-se de um processo peri\u00f3dico, que come\u00e7a a desenvolver-se na primavera\/ver\u00e3o no hemisf\u00e9rio norte e se intensifica no inverno.<\/p>\n<p style=\"text-align: justify;\">A transi\u00e7\u00e3o de <i>El Ni\u00f1o<\/i> para <i>La Ni\u00f1a<\/i> ocorre, em m\u00e9dia, a cada tr\u00eas a cinco anos. O <i>El Ni\u00f1o<\/i> provoca um enfraquecimento dos ventos al\u00edsios no Pac\u00edfico equatorial e aumenta a temperatura \u00e0 superf\u00edcie do Pac\u00edfico equatorial central e oriental. Pode durar at\u00e9 18 meses.<\/p>\n<p style=\"text-align: justify;\">Provoca chuvas intensas, ou mesmo inunda\u00e7\u00f5es, e prejudica a pesca nas costas peruanas e equatorianas, enquanto no outro extremo, no Sudeste Asi\u00e1tico ou na Austr\u00e1lia, se forma uma zona de alta press\u00e3o persistente que provoca seca.<\/p>\n<p style=\"text-align: justify;\">Nome de <i>El Ni\u00f1o<\/i><\/p>\n<p style=\"text-align: justify;\">Este termo \u00e9 utilizado h\u00e1 s\u00e9culos. <b>Foi assim que os pescadores do Peru e do Equador baptizaram este acontecimento em refer\u00eancia ao Menino Jesus, quando, por altura do Natal, a \u00e1gua aquecia e a pesca piorava.<\/b><\/p>\n<p style=\"text-align: justify;\">E <i>La Ni\u00f1a<\/i>? \u00c9 o fen\u00f3meno oposto. Os ventos al\u00edsios intensificam-se e a temperatura \u00e0 superf\u00edcie do Pac\u00edfico equatorial central e oriental arrefece.<\/p>\n<p style=\"text-align: justify;\">As \u00e1guas profundas do oceano sobem ao largo da costa do Peru e do Equador, fornecendo mais nutrientes e melhorando a pesca, mas o tempo \u00e9, no entanto, mais seco.<\/p>\n<p style=\"text-align: justify;\">Na Austr\u00e1lia, por outro lado, a precipita\u00e7\u00e3o \u00e9 muito abundante. Pode durar at\u00e9 tr\u00eas anos.<\/p>\n<p style=\"text-align: justify;\"><span style=\"font-size: 20px; font-family: Aldrich;\">Efeitos fora do Pac\u00edfico<\/span><\/p>\n<p style=\"text-align: justify;\"><b> Modifica a circula\u00e7\u00e3o atmosf\u00e9rica global, logo, os efeitos n\u00e3o se fazem sentir apenas no local de origem, mas podem ser detectados a milhares de quil\u00f3metros de dist\u00e2ncia. Impede o desenvolvimento de furac\u00f5es, conduzindo a uma esta\u00e7\u00e3o de ciclones tropicais menos activa no Atl\u00e2ntico.<\/b><\/p>\n<p style=\"text-align: justify;\">Como j\u00e1 dissemos, <b>gera mais chuva no Equador e no Peru, mas provoca secas noutros pa\u00edses do norte da Am\u00e9rica do Sul e da Am\u00e9rica Central.<\/b> L\u00e1 longe, no Corno de \u00c1frica, o <i>El Ni\u00f1o<\/i> provoca inunda\u00e7\u00f5es, enquanto o <i>La Ni\u00f1a<\/i> gera secas significativas.Quando \u00e9 que o El Ni\u00f1o regressa?<\/p>\n<p style=\"text-align: justify;\">Actualmente, nem <i>El Ni\u00f1o<\/i> nem<i> La Ni\u00f1a<\/i> est\u00e3o presentes, ou seja, ainda estamos em condi\u00e7\u00f5es neutras.<\/p>\n<p style=\"text-align: justify;\"><b>Mas estamos a come\u00e7ar a ver mudan\u00e7as tanto na atmosfera como no oceano. H\u00e1 cinco meses consecutivos que a temperatura do Pac\u00edfico equatorial est\u00e1 acima da m\u00e9dia.<\/b><\/p>\n<p style=\"text-align: justify;\"><b>Existe uma probabilidade de 61% de que o <i>El Ni\u00f1o<\/i> surja no trimestre entre maio e Julho. Esta probabilidade aumenta para 79% no trimestre Junho-Julho-Agosto e ultrapassar\u00e1 os 90% nos meses seguintes. <\/b>Uma vez activo, <i>El Ni\u00f1o<\/i> persistir\u00e1 pelo menos at\u00e9 ao final de 2026.<\/p>\n<p style=\"text-align: justify;\">Poderemos ter um &#8220;super El Ni\u00f1o&#8221; no final de 2026?<\/p>\n<p style=\"text-align: justify;\"><b> Existe uma probabilidade de 25% da ocorr\u00eancia de um <i>El Ni\u00f1o<\/i> muito forte (anomalia \u2265 2\u00b0C) durante o trimestre Novembro-Dezembro-Janeiro. Um <i>El Ni\u00f1o<\/i> mais forte aumentaria a probabilidade de temperaturas globais anormalmente elevadas em 2026 e 2027 e de fen\u00f3menos meteorol\u00f3gicos extremos (vagas de calor, inunda\u00e7\u00f5es, secas, tempestades graves, etc.).<\/b><\/p>\n<p style=\"text-align: justify;\" data-t=\"{&quot;n&quot;:&quot;blueLinks&quot;,&quot;t&quot;:13,&quot;a&quot;:&quot;click&quot;,&quot;b&quot;:76}\">Os epis\u00f3dios <i>El Ni\u00f1o<\/i> tendem a aumentar as temperaturas globais durante o evento e mesmo depois de este terminar, enquanto o <i>La Ni\u00f1a<\/i> provoca um arrefecimento.<\/p>\n<div style=\"text-align: justify;\">At\u00e9 agora, o ano de 2024 \u00e9 o mais quente registado desde 1850 e o segundo ano mais quente foi 2023. <b>O ano de 2024, com uma anomalia de temperatura de +1,6\u00b0C, \u00e9 o primeiro ano a exceder o n\u00edvel de 1,5\u00b0C estabelecido no Acordo de Paris.\u00a0<\/b><\/div>\n<p style=\"text-align: justify;\" data-t=\"{&quot;n&quot;:&quot;blueLinks&quot;,&quot;t&quot;:13,&quot;a&quot;:&quot;click&quot;,&quot;b&quot;:76}\">O \u00faltimo evento <i>El Ni\u00f1o<\/i> ocorreu entre 2023 e 2024. Se adicionarmos o <i>El Ni\u00f1o<\/i> ao aquecimento global, o que se antev\u00ea para 2026 e 2027 n\u00e3o \u00e9 certamente uma previs\u00e3o optimista.<\/p>\n<p style=\"text-align: justify;\">Silvia Laplana \/ 14 abril 2026 06:13 GMT+1<br \/>\nEdi\u00e7\u00e3o e Tradu\u00e7\u00e3o \/ Joana B\u00e9nard da Costa<\/p>\n<p style=\"text-align: justify;\">Um Olhar Europeu com RTVE<br \/>\n<a href=\"https:\/\/www.msn.com\/pt-pt\/noticias\/ultimas\/el-ni%C3%B1o-poder%C3%A1-regressar-em-for%C3%A7a-entre-maio-e-julho-de-2026\/ar-AA20QasD\" target=\"_blank\" rel=\"noopener\">RTP<\/a><br \/>\n14.04.2026<\/p>\n<p>Visita:\u00a0<a href=\"https:\/\/www.counter12.com\"><img decoding=\"async\" src=\"https:\/\/www.counter12.com\/img-2Y1Z1dAC9WC2766b-22.gif\" alt=\"free web counter\" border=\"0\" \/><\/a><\/p>\n<p style=\"text-align: justify;\"><div class=\"note\"><div class=\"notewarning\">- Neste Blogue, escreve-se em Portugu\u00eas \ud83c\uddf5\ud83c\uddf9 de Portugal (n\u00e3o adulterado pela coloniza\u00e7\u00e3o do AO).<\/div><\/div><\/p>\n<p><img loading=\"lazy\" decoding=\"async\" class=\"alignnone wp-image-1223\" src=\"https:\/\/inforgomes.pt\/cozinha\/wp-content\/uploads\/2023\/11\/0-coracao_transp.png\" alt=\"\" width=\"136\" height=\"122\" \/><img loading=\"lazy\" decoding=\"async\" class=\"alignnone wp-image-1758\" src=\"https:\/\/inforgomes.pt\/cozinha\/wp-content\/uploads\/2024\/03\/nao-AO.png\" alt=\"\" width=\"128\" height=\"128\" \/><img loading=\"lazy\" decoding=\"async\" class=\"alignnone wp-image-1791\" src=\"https:\/\/inforgomes.pt\/cozinha\/wp-content\/uploads\/2024\/03\/meio-ambiente.png\" alt=\"\" width=\"127\" height=\"130\" \/><\/p>\n<p>&nbsp;<\/p>\n<div class=\"pvc_clear\"><\/div>\n<p id=\"pvc_stats_1356\" class=\"pvc_stats all  \" data-element-id=\"1356\" style=\"\"><i class=\"pvc-stats-icon medium\" aria-hidden=\"true\"><svg aria-hidden=\"true\" focusable=\"false\" data-prefix=\"far\" data-icon=\"chart-bar\" role=\"img\" xmlns=\"http:\/\/www.w3.org\/2000\/svg\" viewBox=\"0 0 512 512\" class=\"svg-inline--fa fa-chart-bar fa-w-16 fa-2x\"><path fill=\"currentColor\" d=\"M396.8 352h22.4c6.4 0 12.8-6.4 12.8-12.8V108.8c0-6.4-6.4-12.8-12.8-12.8h-22.4c-6.4 0-12.8 6.4-12.8 12.8v230.4c0 6.4 6.4 12.8 12.8 12.8zm-192 0h22.4c6.4 0 12.8-6.4 12.8-12.8V140.8c0-6.4-6.4-12.8-12.8-12.8h-22.4c-6.4 0-12.8 6.4-12.8 12.8v198.4c0 6.4 6.4 12.8 12.8 12.8zm96 0h22.4c6.4 0 12.8-6.4 12.8-12.8V204.8c0-6.4-6.4-12.8-12.8-12.8h-22.4c-6.4 0-12.8 6.4-12.8 12.8v134.4c0 6.4 6.4 12.8 12.8 12.8zM496 400H48V80c0-8.84-7.16-16-16-16H16C7.16 64 0 71.16 0 80v336c0 17.67 14.33 32 32 32h464c8.84 0 16-7.16 16-16v-16c0-8.84-7.16-16-16-16zm-387.2-48h22.4c6.4 0 12.8-6.4 12.8-12.8v-70.4c0-6.4-6.4-12.8-12.8-12.8h-22.4c-6.4 0-12.8 6.4-12.8 12.8v70.4c0 6.4 6.4 12.8 12.8 12.8z\" class=\"\"><\/path><\/svg><\/i> <img loading=\"lazy\" decoding=\"async\" width=\"16\" height=\"16\" alt=\"Loading\" src=\"https:\/\/inforgomes.pt\/social\/wp-content\/plugins\/page-views-count\/ajax-loader-2x.gif\" border=0 \/><\/p>\n<div class=\"pvc_clear\"><\/div>\n","protected":false},"excerpt":{"rendered":"<p>1 0 &nbsp; METEOROLOGIA \/\/ EL NI\u00d1O Este fen\u00f3meno meteorol\u00f3gico redistribui o calor global, provocando eventos meteorol\u00f3gicos extremos. Existe uma probabilidade de 25% da ocorr\u00eancia de um &#8220;Super El Ni\u00f1o&#8221; entre Novembro de 2026 e Janeiro de 2027. Antes de &hellip; <a href=\"https:\/\/inforgomes.pt\/social\/el-nino-podera-regressar-em-forca-entre-maio-e-julho-de-2026\/\">Continue reading <span class=\"meta-nav\">&rarr;<\/span><\/a><\/p>\n<div class=\"pvc_clear\"><\/div>\n<p id=\"pvc_stats_1356\" class=\"pvc_stats all  \" data-element-id=\"1356\" style=\"\"><i class=\"pvc-stats-icon medium\" aria-hidden=\"true\"><svg aria-hidden=\"true\" focusable=\"false\" data-prefix=\"far\" data-icon=\"chart-bar\" role=\"img\" xmlns=\"http:\/\/www.w3.org\/2000\/svg\" viewBox=\"0 0 512 512\" class=\"svg-inline--fa fa-chart-bar fa-w-16 fa-2x\"><path fill=\"currentColor\" d=\"M396.8 352h22.4c6.4 0 12.8-6.4 12.8-12.8V108.8c0-6.4-6.4-12.8-12.8-12.8h-22.4c-6.4 0-12.8 6.4-12.8 12.8v230.4c0 6.4 6.4 12.8 12.8 12.8zm-192 0h22.4c6.4 0 12.8-6.4 12.8-12.8V140.8c0-6.4-6.4-12.8-12.8-12.8h-22.4c-6.4 0-12.8 6.4-12.8 12.8v198.4c0 6.4 6.4 12.8 12.8 12.8zm96 0h22.4c6.4 0 12.8-6.4 12.8-12.8V204.8c0-6.4-6.4-12.8-12.8-12.8h-22.4c-6.4 0-12.8 6.4-12.8 12.8v134.4c0 6.4 6.4 12.8 12.8 12.8zM496 400H48V80c0-8.84-7.16-16-16-16H16C7.16 64 0 71.16 0 80v336c0 17.67 14.33 32 32 32h464c8.84 0 16-7.16 16-16v-16c0-8.84-7.16-16-16-16zm-387.2-48h22.4c6.4 0 12.8-6.4 12.8-12.8v-70.4c0-6.4-6.4-12.8-12.8-12.8h-22.4c-6.4 0-12.8 6.4-12.8 12.8v70.4c0 6.4 6.4 12.8 12.8 12.8z\" class=\"\"><\/path><\/svg><\/i> <img loading=\"lazy\" decoding=\"async\" width=\"16\" height=\"16\" alt=\"Loading\" src=\"https:\/\/inforgomes.pt\/social\/wp-content\/plugins\/page-views-count\/ajax-loader-2x.gif\" border=0 \/><\/p>\n<div class=\"pvc_clear\"><\/div>\n","protected":false},"author":1,"featured_media":0,"comment_status":"open","ping_status":"open","sticky":false,"template":"","format":"standard","meta":{"footnotes":""},"categories":[332,305,52,14,67],"tags":[],"class_list":["post-1356","post","type-post","status-publish","format-standard","hentry","category-abril-2026","category-el-nino","category-meteorologia","category-portugal","category-rtp"],"a3_pvc":{"activated":true,"total_views":7,"today_views":0},"_links":{"self":[{"href":"https:\/\/inforgomes.pt\/social\/wp-json\/wp\/v2\/posts\/1356","targetHints":{"allow":["GET"]}}],"collection":[{"href":"https:\/\/inforgomes.pt\/social\/wp-json\/wp\/v2\/posts"}],"about":[{"href":"https:\/\/inforgomes.pt\/social\/wp-json\/wp\/v2\/types\/post"}],"author":[{"embeddable":true,"href":"https:\/\/inforgomes.pt\/social\/wp-json\/wp\/v2\/users\/1"}],"replies":[{"embeddable":true,"href":"https:\/\/inforgomes.pt\/social\/wp-json\/wp\/v2\/comments?post=1356"}],"version-history":[{"count":1,"href":"https:\/\/inforgomes.pt\/social\/wp-json\/wp\/v2\/posts\/1356\/revisions"}],"predecessor-version":[{"id":1358,"href":"https:\/\/inforgomes.pt\/social\/wp-json\/wp\/v2\/posts\/1356\/revisions\/1358"}],"wp:attachment":[{"href":"https:\/\/inforgomes.pt\/social\/wp-json\/wp\/v2\/media?parent=1356"}],"wp:term":[{"taxonomy":"category","embeddable":true,"href":"https:\/\/inforgomes.pt\/social\/wp-json\/wp\/v2\/categories?post=1356"},{"taxonomy":"post_tag","embeddable":true,"href":"https:\/\/inforgomes.pt\/social\/wp-json\/wp\/v2\/tags?post=1356"}],"curies":[{"name":"wp","href":"https:\/\/api.w.org\/{rel}","templated":true}]}}