{"id":1359,"date":"2026-04-15T15:37:51","date_gmt":"2026-04-15T14:37:51","guid":{"rendered":"https:\/\/inforgomes.pt\/social\/?p=1359"},"modified":"2026-04-15T15:37:51","modified_gmt":"2026-04-15T14:37:51","slug":"semana-arranca-com-chuva-mas-bom-tempo-chega-ja-na-quinta-feira","status":"publish","type":"post","link":"https:\/\/inforgomes.pt\/social\/semana-arranca-com-chuva-mas-bom-tempo-chega-ja-na-quinta-feira\/","title":{"rendered":"Semana arranca com chuva mas bom tempo chega j\u00e1 na quinta-feira"},"content":{"rendered":"<div class=\"pld-like-dislike-wrap pld-template-1\">\r\n    <div class=\"pld-like-wrap  pld-common-wrap\">\r\n    <a href=\"javascript:void(0)\" class=\"pld-like-trigger pld-like-dislike-trigger  \" title=\"Gosto\" data-post-id=\"1359\" data-trigger-type=\"like\" data-restriction=\"no\" data-already-liked=\"0\">\r\n                        <i class=\"fas fa-thumbs-up\"><\/i>\r\n                <\/a>\r\n    <span class=\"pld-like-count-wrap pld-count-wrap\">1    <\/span>\r\n<\/div><div class=\"pld-dislike-wrap  pld-common-wrap\">\r\n    <a href=\"javascript:void(0)\" class=\"pld-dislike-trigger pld-like-dislike-trigger  \" title=\"N\u00e3o gosto\" data-post-id=\"1359\" data-trigger-type=\"dislike\" data-restriction=\"no\" data-already-liked=\"0\">\r\n                        <i class=\"fas fa-thumbs-down\"><\/i>\r\n                <\/a>\r\n    <span class=\"pld-dislike-count-wrap pld-count-wrap\">0<\/span>\r\n<\/div><\/div><p>&nbsp;<\/p>\n<p><span style=\"font-size: 20px; font-family: Aldrich; color: #ff0000; --darkreader-inline-color: var(--darkreader-text-ff0000, #ff1a1a);\" data-darkreader-inline-color=\"\"><span style=\"color: #00ff00;\" data-darkreader-inline-color=\"\"><span style=\"font-size: 36px;\">\ud83c\uddf5\ud83c\uddf9<\/span>\u00a0PORT<\/span>UGAL \/\/ METEOROLOGIA \/\/ BOM TEMPO<\/span><\/p>\n<p style=\"text-align: justify;\"><em><span style=\"font-size: 20px;\">O IPMA prev\u00ea que, para esta ter\u00e7a e quarta-feira, o tempo continue cinzento, com alguma chuva e temperaturas abaixo dos 20\u00baC em quase todo o pa\u00eds. A partir de quinta-feira, 16 de Abril, o cen\u00e1rio muda e chega o bom tempo.<\/span><\/em><\/p>\n<div id=\"attachment_1360\" style=\"width: 778px\" class=\"wp-caption aligncenter\"><img loading=\"lazy\" decoding=\"async\" aria-describedby=\"caption-attachment-1360\" class=\"size-full wp-image-1360\" src=\"https:\/\/inforgomes.pt\/social\/wp-content\/uploads\/2026\/04\/nm14042026.webp\" alt=\"\" width=\"768\" height=\"432\" srcset=\"https:\/\/inforgomes.pt\/social\/wp-content\/uploads\/2026\/04\/nm14042026.webp 768w, https:\/\/inforgomes.pt\/social\/wp-content\/uploads\/2026\/04\/nm14042026-300x169.webp 300w, https:\/\/inforgomes.pt\/social\/wp-content\/uploads\/2026\/04\/nm14042026-500x281.webp 500w\" sizes=\"auto, (max-width: 768px) 100vw, 768px\" \/><p id=\"caption-attachment-1360\" class=\"wp-caption-text\">sol, nuvens<br \/>\u00a9 Shutterstock<\/p><\/div>\n<p style=\"text-align: justify;\">A semana arrancou fresca e sombria, com alguma chuva, mas a partir de quinta-feira, 16 de Abril, tudo indica que o bom tempo regresse para um fim de semana de sol e calor.<\/p>\n<p style=\"text-align: justify;\">De acordo com as previs\u00f5es do <a href=\"https:\/\/www.ipma.pt\/pt\/index.html\" target=\"_blank\" rel=\"noopener\" data-t=\"{&quot;n&quot;:&quot;destination&quot;,&quot;t&quot;:13,&quot;a&quot;:&quot;click&quot;,&quot;b&quot;:1,&quot;c.t&quot;:7}\">Instituto Portugu\u00eas do Mar e da Atmosfera (IPMA)<\/a>, hoje, ter\u00e7a-feira, 14 de abril, \u00e9 esperado em Portugal Continental &#8220;c\u00e9u geralmente muito nublado, diminuindo de nebulosidade a partir da tarde&#8221;, assim como &#8220;per\u00edodos de chuva fraca, em especial no litoral Norte e Centro, sendo pouco prov\u00e1vel a partir da tarde&#8221;.<\/p>\n<p style=\"text-align: justify;\">Apesar de se registar uma &#8220;subida de\u00a0temperatura, em especial no interior&#8221;, os term\u00f3metros n\u00e3o dever\u00e3o ir al\u00e9m dos 21\u00baC de m\u00e1xima e apenas em Santar\u00e9m, \u00c9vora e Faro.<\/p>\n<p style=\"text-align: justify;\">Para os A\u00e7ores, espera-se chuva para todas as ilhas, sendo que Flores e Corvo est\u00e3o sob aviso amarelo devido \u00e0 agita\u00e7\u00e3o mar\u00edtima. J\u00e1 na Madeira o c\u00e9u vai estar apenas nublado.<\/p>\n<p style=\"text-align: justify;\">Para amanh\u00e3, quarta-feira, 15 de Abril, o IPMA prev\u00ea algo id\u00eantico. C\u00e9u geralmente muito nublado, diminuindo gradualmente de nebulosidade a partir da manh\u00e3. Possibilidade de ocorr\u00eancia de per\u00edodos de chuva fraca no litoral Norte e Centro at\u00e9 ao final da manh\u00e3, podendo persistir no Minho ao longo do dia.<\/p>\n<p style=\"text-align: justify;\">A registar uma nova &#8220;pequena subida da temperatura m\u00e1xima no Interior e na costa sul do<\/p>\n<p style=\"text-align: justify;\">Algarve&#8221;. Castelo Branco, Santar\u00e9m e Faro chegam aos 23\u00baC, Set\u00fabal, \u00c9vora e Beja aos 22\u00baC.<\/p>\n<p style=\"text-align: justify;\">Nos A\u00e7ores apenas se prev\u00ea chuva para a ilha Terceira, enquanto Flores e Corvo continuam sob aviso amarelo devido \u00e0 agita\u00e7\u00e3o mar\u00edtima. Na Madeira, o c\u00e9u continua pouco nublado.<\/p>\n<p style=\"text-align: justify;\">J\u00e1 na quinta-feira, 16 de Abril, o cen\u00e1rio come\u00e7a a mudar, pelo menos em Portugal Continental. Segundo os meteorologistas do IPMA, o c\u00e9u vai estar &#8220;em geral pouco nublado, apresentando per\u00edodos de maior nebulosidade at\u00e9 ao meio da manh\u00e3&#8221;.<\/p>\n<p style=\"text-align: justify;\">Apesar disso, h\u00e1 &#8220;possibilidade de chuva fraca no Minho e Douro Litoral at\u00e9 ao fim da\u00a0manh\u00e3&#8221; de quinta-feira.<\/p>\n<p style=\"text-align: justify;\">O vento vai soprar &#8220;fraco a moderado (at\u00e9 30 km\/h) predominando de noroeste,\u00a0soprando por vezes moderado a forte (at\u00e9 40 km\/h) nas serras das\u00a0regi\u00f5es Centro e Sul e na faixa costeira ocidental a sul do Cabo\u00a0Carvoeiro, em especial a partir da tarde&#8221;.<\/p>\n<p style=\"text-align: justify;\">Espera-se alguma &#8220;neblina ou nevoeiro matinal, em especial no interior&#8221;, uma &#8220;pequena descida da temperatura m\u00ednima&#8221; mas tamb\u00e9m uma &#8220;subida da temperatura m\u00e1xima, exceto no litoral das regi\u00f5es\u00a0Norte e Centro&#8221;, o que s\u00f3 dever\u00e1 acontecer a partir de sexta-feira.<\/p>\n<p style=\"text-align: justify;\">Em Santar\u00e9m, \u00c9vora, Beja e Faro os term\u00f3metros devem chegar aos 26\u00baC de m\u00e1xima, Set\u00fabal aos 25\u00baC, Castelo Branco e Lisboa aos 24\u00baC e Portalegre, Sines e Sagres aos 23\u00baC.<\/p>\n<p style=\"text-align: justify;\">Nos A\u00e7ores vai voltar a chover no Grupo Ocidental (Flores e Corvo) e Central (Terceira, Faial, Pico, S\u00e3o Jorge e Graciosa). J\u00e1 no Oriental (S\u00e3o Miguel e Santa Maria) e na Madeira o c\u00e9u estar\u00e1 apenas nublado.<\/p>\n<p style=\"text-align: justify;\"><a href=\"https:\/\/www.msn.com\/pt-pt\/noticias\/ultimas\/semana-arranca-com-chuva-mas-bom-tempo-chega-j%C3%A1-na-quinta-feira\/ar-AA20Q2iL\" target=\"_blank\" rel=\"noopener\">Not\u00edcias ao Minuto<\/a><br \/>\nNatacha Nunes Costa<br \/>\n14.04.2026<\/p>\n<p>Visita:\u00a0<a href=\"https:\/\/www.counter12.com\"><img decoding=\"async\" src=\"https:\/\/www.counter12.com\/img-2Y1Z1dAC9WC2766b-22.gif\" alt=\"free web counter\" border=\"0\" \/><\/a><\/p>\n<p style=\"text-align: justify;\"><div class=\"note\"><div class=\"notewarning\">- Neste Blogue, escreve-se em Portugu\u00eas \ud83c\uddf5\ud83c\uddf9 de Portugal (n\u00e3o adulterado pela coloniza\u00e7\u00e3o do AO).<\/div><\/div><\/p>\n<p><img loading=\"lazy\" decoding=\"async\" class=\"alignnone wp-image-1223\" src=\"https:\/\/inforgomes.pt\/cozinha\/wp-content\/uploads\/2023\/11\/0-coracao_transp.png\" alt=\"\" width=\"136\" height=\"122\" \/><img loading=\"lazy\" decoding=\"async\" class=\"alignnone wp-image-1758\" src=\"https:\/\/inforgomes.pt\/cozinha\/wp-content\/uploads\/2024\/03\/nao-AO.png\" alt=\"\" width=\"128\" height=\"128\" \/><img loading=\"lazy\" decoding=\"async\" class=\"alignnone wp-image-1791\" src=\"https:\/\/inforgomes.pt\/cozinha\/wp-content\/uploads\/2024\/03\/meio-ambiente.png\" alt=\"\" width=\"127\" height=\"130\" \/><\/p>\n<p>&nbsp;<\/p>\n<div class=\"pvc_clear\"><\/div>\n<p id=\"pvc_stats_1359\" class=\"pvc_stats all  \" data-element-id=\"1359\" style=\"\"><i class=\"pvc-stats-icon medium\" aria-hidden=\"true\"><svg aria-hidden=\"true\" focusable=\"false\" data-prefix=\"far\" data-icon=\"chart-bar\" role=\"img\" xmlns=\"http:\/\/www.w3.org\/2000\/svg\" viewBox=\"0 0 512 512\" class=\"svg-inline--fa fa-chart-bar fa-w-16 fa-2x\"><path fill=\"currentColor\" d=\"M396.8 352h22.4c6.4 0 12.8-6.4 12.8-12.8V108.8c0-6.4-6.4-12.8-12.8-12.8h-22.4c-6.4 0-12.8 6.4-12.8 12.8v230.4c0 6.4 6.4 12.8 12.8 12.8zm-192 0h22.4c6.4 0 12.8-6.4 12.8-12.8V140.8c0-6.4-6.4-12.8-12.8-12.8h-22.4c-6.4 0-12.8 6.4-12.8 12.8v198.4c0 6.4 6.4 12.8 12.8 12.8zm96 0h22.4c6.4 0 12.8-6.4 12.8-12.8V204.8c0-6.4-6.4-12.8-12.8-12.8h-22.4c-6.4 0-12.8 6.4-12.8 12.8v134.4c0 6.4 6.4 12.8 12.8 12.8zM496 400H48V80c0-8.84-7.16-16-16-16H16C7.16 64 0 71.16 0 80v336c0 17.67 14.33 32 32 32h464c8.84 0 16-7.16 16-16v-16c0-8.84-7.16-16-16-16zm-387.2-48h22.4c6.4 0 12.8-6.4 12.8-12.8v-70.4c0-6.4-6.4-12.8-12.8-12.8h-22.4c-6.4 0-12.8 6.4-12.8 12.8v70.4c0 6.4 6.4 12.8 12.8 12.8z\" class=\"\"><\/path><\/svg><\/i> <img loading=\"lazy\" decoding=\"async\" width=\"16\" height=\"16\" alt=\"Loading\" src=\"https:\/\/inforgomes.pt\/social\/wp-content\/plugins\/page-views-count\/ajax-loader-2x.gif\" border=0 \/><\/p>\n<div class=\"pvc_clear\"><\/div>\n","protected":false},"excerpt":{"rendered":"<p>1 0 &nbsp; \ud83c\uddf5\ud83c\uddf9\u00a0PORTUGAL \/\/ METEOROLOGIA \/\/ BOM TEMPO O IPMA prev\u00ea que, para esta ter\u00e7a e quarta-feira, o tempo continue cinzento, com alguma chuva e temperaturas abaixo dos 20\u00baC em quase todo o pa\u00eds. A partir de quinta-feira, 16 &hellip; <a href=\"https:\/\/inforgomes.pt\/social\/semana-arranca-com-chuva-mas-bom-tempo-chega-ja-na-quinta-feira\/\">Continue reading <span class=\"meta-nav\">&rarr;<\/span><\/a><\/p>\n<div class=\"pvc_clear\"><\/div>\n<p id=\"pvc_stats_1359\" class=\"pvc_stats all  \" data-element-id=\"1359\" style=\"\"><i class=\"pvc-stats-icon medium\" aria-hidden=\"true\"><svg aria-hidden=\"true\" focusable=\"false\" data-prefix=\"far\" data-icon=\"chart-bar\" role=\"img\" xmlns=\"http:\/\/www.w3.org\/2000\/svg\" viewBox=\"0 0 512 512\" class=\"svg-inline--fa fa-chart-bar fa-w-16 fa-2x\"><path fill=\"currentColor\" d=\"M396.8 352h22.4c6.4 0 12.8-6.4 12.8-12.8V108.8c0-6.4-6.4-12.8-12.8-12.8h-22.4c-6.4 0-12.8 6.4-12.8 12.8v230.4c0 6.4 6.4 12.8 12.8 12.8zm-192 0h22.4c6.4 0 12.8-6.4 12.8-12.8V140.8c0-6.4-6.4-12.8-12.8-12.8h-22.4c-6.4 0-12.8 6.4-12.8 12.8v198.4c0 6.4 6.4 12.8 12.8 12.8zm96 0h22.4c6.4 0 12.8-6.4 12.8-12.8V204.8c0-6.4-6.4-12.8-12.8-12.8h-22.4c-6.4 0-12.8 6.4-12.8 12.8v134.4c0 6.4 6.4 12.8 12.8 12.8zM496 400H48V80c0-8.84-7.16-16-16-16H16C7.16 64 0 71.16 0 80v336c0 17.67 14.33 32 32 32h464c8.84 0 16-7.16 16-16v-16c0-8.84-7.16-16-16-16zm-387.2-48h22.4c6.4 0 12.8-6.4 12.8-12.8v-70.4c0-6.4-6.4-12.8-12.8-12.8h-22.4c-6.4 0-12.8 6.4-12.8 12.8v70.4c0 6.4 6.4 12.8 12.8 12.8z\" class=\"\"><\/path><\/svg><\/i> <img loading=\"lazy\" decoding=\"async\" width=\"16\" height=\"16\" alt=\"Loading\" src=\"https:\/\/inforgomes.pt\/social\/wp-content\/plugins\/page-views-count\/ajax-loader-2x.gif\" border=0 \/><\/p>\n<div class=\"pvc_clear\"><\/div>\n","protected":false},"author":1,"featured_media":0,"comment_status":"open","ping_status":"open","sticky":false,"template":"","format":"standard","meta":{"footnotes":""},"categories":[332,50,51,52,14],"tags":[],"class_list":["post-1359","post","type-post","status-publish","format-standard","hentry","category-abril-2026","category-ipma","category-mau-tempo","category-meteorologia","category-portugal"],"a3_pvc":{"activated":true,"total_views":8,"today_views":1},"_links":{"self":[{"href":"https:\/\/inforgomes.pt\/social\/wp-json\/wp\/v2\/posts\/1359","targetHints":{"allow":["GET"]}}],"collection":[{"href":"https:\/\/inforgomes.pt\/social\/wp-json\/wp\/v2\/posts"}],"about":[{"href":"https:\/\/inforgomes.pt\/social\/wp-json\/wp\/v2\/types\/post"}],"author":[{"embeddable":true,"href":"https:\/\/inforgomes.pt\/social\/wp-json\/wp\/v2\/users\/1"}],"replies":[{"embeddable":true,"href":"https:\/\/inforgomes.pt\/social\/wp-json\/wp\/v2\/comments?post=1359"}],"version-history":[{"count":1,"href":"https:\/\/inforgomes.pt\/social\/wp-json\/wp\/v2\/posts\/1359\/revisions"}],"predecessor-version":[{"id":1361,"href":"https:\/\/inforgomes.pt\/social\/wp-json\/wp\/v2\/posts\/1359\/revisions\/1361"}],"wp:attachment":[{"href":"https:\/\/inforgomes.pt\/social\/wp-json\/wp\/v2\/media?parent=1359"}],"wp:term":[{"taxonomy":"category","embeddable":true,"href":"https:\/\/inforgomes.pt\/social\/wp-json\/wp\/v2\/categories?post=1359"},{"taxonomy":"post_tag","embeddable":true,"href":"https:\/\/inforgomes.pt\/social\/wp-json\/wp\/v2\/tags?post=1359"}],"curies":[{"name":"wp","href":"https:\/\/api.w.org\/{rel}","templated":true}]}}