{"id":1368,"date":"2026-04-17T08:56:20","date_gmt":"2026-04-17T07:56:20","guid":{"rendered":"https:\/\/inforgomes.pt\/social\/?p=1368"},"modified":"2026-04-17T08:56:20","modified_gmt":"2026-04-17T07:56:20","slug":"um-cargo-impossivel-a-sucessao-de-guterres-num-mundo-a-deriva","status":"publish","type":"post","link":"https:\/\/inforgomes.pt\/social\/um-cargo-impossivel-a-sucessao-de-guterres-num-mundo-a-deriva\/","title":{"rendered":"Um cargo imposs\u00edvel? A sucess\u00e3o de Guterres num mundo \u00e0 deriva"},"content":{"rendered":"<div class=\"pld-like-dislike-wrap pld-template-1\">\r\n    <div class=\"pld-like-wrap  pld-common-wrap\">\r\n    <a href=\"javascript:void(0)\" class=\"pld-like-trigger pld-like-dislike-trigger  \" title=\"Gosto\" data-post-id=\"1368\" data-trigger-type=\"like\" data-restriction=\"no\" data-already-liked=\"0\">\r\n                        <i class=\"fas fa-thumbs-up\"><\/i>\r\n                <\/a>\r\n    <span class=\"pld-like-count-wrap pld-count-wrap\">1    <\/span>\r\n<\/div><div class=\"pld-dislike-wrap  pld-common-wrap\">\r\n    <a href=\"javascript:void(0)\" class=\"pld-dislike-trigger pld-like-dislike-trigger  \" title=\"N\u00e3o gosto\" data-post-id=\"1368\" data-trigger-type=\"dislike\" data-restriction=\"no\" data-already-liked=\"0\">\r\n                        <i class=\"fas fa-thumbs-down\"><\/i>\r\n                <\/a>\r\n    <span class=\"pld-dislike-count-wrap pld-count-wrap\">0<\/span>\r\n<\/div><\/div><p>&nbsp;<\/p>\n<p><span style=\"font-size: 20px; font-family: Aldrich; color: #ff0000;\" data-darkreader-inline-color=\"\"><span style=\"font-size: 36px;\">\ud83c\uddf5\ud83c\uddf9<\/span>\u00a0OPINI\u00c3O<\/span><\/p>\n<p style=\"text-align: justify;\"><img loading=\"lazy\" decoding=\"async\" class=\"alignleft size-full wp-image-1251\" src=\"https:\/\/inforgomes.pt\/social\/wp-content\/uploads\/2026\/03\/VictorAngelo106.png\" alt=\"\" width=\"106\" height=\"105\" \/>Dentro de dias, a 21 e 22, a Assembleia Geral da ONU ir\u00e1 questionar a vis\u00e3o e as propostas de cada um dos candidatos a secret\u00e1rio-geral. Ant\u00f3nio Guterres termina o seu segundo e \u00faltimo mandato no final do ano. Quem ser\u00e1 o seu sucessor?<\/p>\n<p style=\"text-align: justify;\">Uma candidata \u00e9 Michelle Bachelet, que foi presidente do Chile por duas vezes \u2013 no per\u00edodo 2006-2010 e de 2014 a 2018. Bachelet pode igualmente reivindicar uma experi\u00eancia marcante nas Na\u00e7\u00f5es Unidas. Assumiu v\u00e1rios cargos, e foi at\u00e9 2022 a alta-comiss\u00e1ria para os Direitos Humanos.<\/p>\n<p style=\"text-align: justify;\">Acontece que os Direitos Humanos s\u00e3o uma \u00e1rea muito sens\u00edvel, onde \u00e9 frequente criar conflitos com diversos Estados infractores. O presidente norte-americano e o rec\u00e9m-empossado presidente do seu pa\u00eds n\u00e3o v\u00eaem por isso a sua candidatura com bons olhos. Embora seja, na minha opini\u00e3o, a candidata mais qualificada, enfrenta um desafio praticamente imposs\u00edvel.<\/p>\n<p style=\"text-align: justify;\">Rafael Grossi, o argentino que desempenha a fun\u00e7\u00e3o de director-geral da Ag\u00eancia Internacional da Energia At\u00f3mica desde 2019, tamb\u00e9m participa na corrida. Grossi ganhou visibilidade por causa das crises em torno das centrais at\u00f3micas na Ucr\u00e2nia e no Ir\u00e3o. O seu nome est\u00e1 claramente associado \u00e0s quest\u00f5es nucleares. Tem revelado coragem e iniciativa.<\/p>\n<p style=\"text-align: justify;\">O apoio do presidente do seu pa\u00eds, Javier Milei, um extravagante que mant\u00e9m uma rela\u00e7\u00e3o especial com Donald Trump e se tem aproximado da China \u2013 disse este ano em Davos que a China \u00e9 um grande parceiro comercial \u2013 ajudar\u00e1 a sua candidatura. O problema poder\u00e1 vir de Moscovo: Milei apoia a Ucr\u00e2nia, embora com oscila\u00e7\u00f5es ditadas pelo alinhamento com Washington. Que impacto poder\u00e1 ter essa posi\u00e7\u00e3o sobre a ambi\u00e7\u00e3o de Grossi?<\/p>\n<p style=\"text-align: justify;\">Rebeca Grynspan, a antiga vice-presidente da Costa Rica (1994-1998), est\u00e1 igualmente na lista dos candidatos oficiais. Grynspan ganhou pontos quando foi um dos respons\u00e1veis pelas negocia\u00e7\u00f5es entre a Ucr\u00e2nia e a R\u00fassia sobre a seguran\u00e7a da navega\u00e7\u00e3o no Mar Negro. \u00c9 actualmente a secret\u00e1ria-geral da UNCTAD, a ag\u00eancia da ONU que procura promover o com\u00e9rcio internacional num quadro de desenvolvimento sustent\u00e1vel.<\/p>\n<p style=\"text-align: justify;\">Esteve recentemente em Baku, num encontro internacional que \u00e9 anualmente promovido pelo presidente do Azerbaij\u00e3o e que re\u00fane centenas de personalidades activas na cena internacional. Depois, viajou at\u00e9 Moscovo, onde se reuniu com Sergey Lavrov. Dizem-me que a visita correu de modo cordial. Todavia, a diplomacia russa \u00e9 muito sabida e s\u00f3 mostrar\u00e1 as suas cartas no \u00faltimo momento.<\/p>\n<p style=\"text-align: justify;\">Grynspan \u00e9, \u00e0 partida, a candidata com mais hip\u00f3teses de sucesso. Al\u00e9m das suas qualidades diplom\u00e1ticas e da sua experi\u00eancia no dom\u00ednio da economia global, vem de um pa\u00eds com pouca controv\u00e9rsia e \u00e9 mulher. Ora, existe uma enorme campanha pol\u00edtica, em v\u00e1rios c\u00edrculos influentes, que faz press\u00e3o para que seja eleita uma mulher \u2013 um feito in\u00e9dito.<\/p>\n<p style=\"text-align: justify;\">Temos ainda Macky Sall, antigo presidente do Senegal (2012-2024) e da Uni\u00e3o Africana (2022-2023). No desempenho desses cargos, Sall mostrou saber dialogar com as grandes pot\u00eancias de modo independente, sem alinhamentos geo-estrat\u00e9gicos. \u00c9 uma voz moderada do Sul Global. Enfrenta, no entanto, um grande desafio: a rota\u00e7\u00e3o geogr\u00e1fica da posi\u00e7\u00e3o de secret\u00e1rio-geral. Segundo esse princ\u00edpio, um entendimento n\u00e3o-escrito, mas decisivo, o pr\u00f3ximo secret\u00e1rio-geral da ONU deve provir do grupo de pa\u00edses que constituem a Am\u00e9rica Latina e as Cara\u00edbas.<\/p>\n<p style=\"text-align: justify;\">O \u00fanico secret\u00e1rio-geral vindo dessa regi\u00e3o foi o peruano Javier P\u00e9rez de Cu\u00e9llar, que concluiu o seu mandato no \u00faltimo dia do ano de 1991. Assim, \u00e9 quase certo ver Guterres ceder o lugar a um latino-americano ou a um caribenho &#8211; estou convencido de que estas designa\u00e7\u00f5es de nacionalidade deveriam ser escritas no feminino.<\/p>\n<p style=\"text-align: justify;\">Veremos como decorrem as audi\u00e7\u00f5es de 21 e 22 de Abril. As delega\u00e7\u00f5es presentes na Assembleia-Geral preparam-se para levantar um vasto leque de quest\u00f5es. As mais delicadas ser\u00e3o certamente as ligadas \u00e0 reforma das Na\u00e7\u00f5es Unidas, a come\u00e7ar pela composi\u00e7\u00e3o e representatividade do Conselho de Seguran\u00e7a.<\/p>\n<p style=\"text-align: justify;\">Tamb\u00e9m surgir\u00e3o pedidos de esclarecimento sobre a maneira como cada candidato pensa ser poss\u00edvel tratar com os Estados com direito de veto, cada vez que estes enveredam pela viola\u00e7\u00e3o clara da Carta das Na\u00e7\u00f5es Unidas e da Lei Internacional. Esta \u00e9 uma quest\u00e3o demasiado actual.<\/p>\n<p style=\"text-align: justify;\">Grandes pot\u00eancias violam agora descaradamente os princ\u00edpios e protocolos que elas pr\u00f3prias e a comunidade internacional aprovaram ao longo das d\u00e9cadas. Rasgam a Carta da ONU quando lhes conv\u00e9m. E protegem Estados-clientes que s\u00e3o dirigidos por criminosos de guerra.<\/p>\n<p style=\"text-align: justify;\">Como poder\u00e1 cada candidato responder a quest\u00f5es desse tipo? N\u00e3o ser\u00e1 f\u00e1cil.<\/p>\n<p style=\"text-align: justify;\">A dimens\u00e3o pol\u00edtica da ONU conhece um per\u00edodo acelerado de fragiliza\u00e7\u00e3o e de marginaliza\u00e7\u00e3o. As rela\u00e7\u00f5es internacionais deixaram de estar alinhadas com a procura de solu\u00e7\u00f5es para os problemas globais. Hoje, como num passado que se julgaria n\u00e3o mais voltar, anterior a 1945, os confrontos e as guerras de agress\u00e3o contam mais do que a diplomacia e a solidariedade entre os povos. Que pode o secret\u00e1rio-geral fazer para inverter esta tend\u00eancia?<\/p>\n<p style=\"text-align: justify;\">Dito de outra maneira, haver\u00e1 ainda espa\u00e7o pol\u00edtico para uma organiza\u00e7\u00e3o que tem como miss\u00e3o a manuten\u00e7\u00e3o da paz entre os povos? A resposta reside nas diferentes capitais nas diversas partes do mundo. N\u00e3o est\u00e1 no edif\u00edcio em Manhattan, na zona conhecida como <em>Turtle Bay<\/em>, a Ba\u00eda das Tartarugas. Por isso, o novo secret\u00e1rio-geral, seja ele ou ela um dos quatro acima mencionados, ou saia ele de uma qualquer carta fora do baralho, que apare\u00e7a na hora derradeira e tenha o benepl\u00e1cito dos cinco membros com direito de veto, tem de ser uma tartaruga em movimento.<\/p>\n<p style=\"text-align: justify;\">Um peregrino da paz em tr\u00e2nsito permanente entre as capitais. O contacto directo com os povos e com os mais diversos l\u00edderes, incluindo com os que fingem acreditar no multilateralismo, na diplomacia e no respeito pela Lei Internacional, essa \u00e9 a chave-mestra do renascimento das Na\u00e7\u00f5es Unidas.<\/p>\n<p style=\"text-align: justify;\"><a href=\"https:\/\/www.dn.pt\/opiniao-dn\/um-cargo-impossvel-a-sucesso-de-guterres-num-mundo-deriva\" target=\"_blank\" rel=\"noopener\">Di\u00e1rio de Not\u00edcias<\/a><br \/>\nVictor \u00c2ngelo<br \/>\nConselheiro em Seguran\u00e7a Internacional. Ex-secret\u00e1rio-geral-adjunto da ONU<br \/>\n17.04.2026<\/p>\n<p>Visita: <a href=\"https:\/\/www.counter12.com\"><img decoding=\"async\" src=\"https:\/\/www.counter12.com\/img-z3Yw3cAYAY0Wz9x9-22.gif\" alt=\"free web counter\" border=\"0\" \/><\/a><\/p>\n<p style=\"text-align: justify;\"><div class=\"note\"><div class=\"notewarning\">- Neste Blogue, escreve-se em Portugu\u00eas \ud83c\uddf5\ud83c\uddf9 de Portugal (n\u00e3o adulterado pela coloniza\u00e7\u00e3o do AO).<\/div><\/div><\/p>\n<p><img loading=\"lazy\" decoding=\"async\" class=\"alignnone wp-image-1223\" src=\"https:\/\/inforgomes.pt\/cozinha\/wp-content\/uploads\/2023\/11\/0-coracao_transp.png\" alt=\"\" width=\"136\" height=\"122\" \/><img loading=\"lazy\" decoding=\"async\" class=\"alignnone wp-image-1758\" src=\"https:\/\/inforgomes.pt\/cozinha\/wp-content\/uploads\/2024\/03\/nao-AO.png\" alt=\"\" width=\"128\" height=\"128\" \/><img loading=\"lazy\" decoding=\"async\" class=\"alignnone wp-image-1791\" src=\"https:\/\/inforgomes.pt\/cozinha\/wp-content\/uploads\/2024\/03\/meio-ambiente.png\" alt=\"\" width=\"127\" height=\"130\" \/><\/p>\n<p>&nbsp;<\/p>\n<div class=\"pvc_clear\"><\/div>\n<p id=\"pvc_stats_1368\" class=\"pvc_stats all  \" data-element-id=\"1368\" style=\"\"><i class=\"pvc-stats-icon medium\" aria-hidden=\"true\"><svg aria-hidden=\"true\" focusable=\"false\" data-prefix=\"far\" data-icon=\"chart-bar\" role=\"img\" xmlns=\"http:\/\/www.w3.org\/2000\/svg\" viewBox=\"0 0 512 512\" class=\"svg-inline--fa fa-chart-bar fa-w-16 fa-2x\"><path fill=\"currentColor\" d=\"M396.8 352h22.4c6.4 0 12.8-6.4 12.8-12.8V108.8c0-6.4-6.4-12.8-12.8-12.8h-22.4c-6.4 0-12.8 6.4-12.8 12.8v230.4c0 6.4 6.4 12.8 12.8 12.8zm-192 0h22.4c6.4 0 12.8-6.4 12.8-12.8V140.8c0-6.4-6.4-12.8-12.8-12.8h-22.4c-6.4 0-12.8 6.4-12.8 12.8v198.4c0 6.4 6.4 12.8 12.8 12.8zm96 0h22.4c6.4 0 12.8-6.4 12.8-12.8V204.8c0-6.4-6.4-12.8-12.8-12.8h-22.4c-6.4 0-12.8 6.4-12.8 12.8v134.4c0 6.4 6.4 12.8 12.8 12.8zM496 400H48V80c0-8.84-7.16-16-16-16H16C7.16 64 0 71.16 0 80v336c0 17.67 14.33 32 32 32h464c8.84 0 16-7.16 16-16v-16c0-8.84-7.16-16-16-16zm-387.2-48h22.4c6.4 0 12.8-6.4 12.8-12.8v-70.4c0-6.4-6.4-12.8-12.8-12.8h-22.4c-6.4 0-12.8 6.4-12.8 12.8v70.4c0 6.4 6.4 12.8 12.8 12.8z\" class=\"\"><\/path><\/svg><\/i> <img loading=\"lazy\" decoding=\"async\" width=\"16\" height=\"16\" alt=\"Loading\" src=\"https:\/\/inforgomes.pt\/social\/wp-content\/plugins\/page-views-count\/ajax-loader-2x.gif\" border=0 \/><\/p>\n<div class=\"pvc_clear\"><\/div>\n","protected":false},"excerpt":{"rendered":"<p>1 0 &nbsp; \ud83c\uddf5\ud83c\uddf9\u00a0OPINI\u00c3O Dentro de dias, a 21 e 22, a Assembleia Geral da ONU ir\u00e1 questionar a vis\u00e3o e as propostas de cada um dos candidatos a secret\u00e1rio-geral. Ant\u00f3nio Guterres termina o seu segundo e \u00faltimo mandato no &hellip; <a href=\"https:\/\/inforgomes.pt\/social\/um-cargo-impossivel-a-sucessao-de-guterres-num-mundo-a-deriva\/\">Continue reading <span class=\"meta-nav\">&rarr;<\/span><\/a><\/p>\n<div class=\"pvc_clear\"><\/div>\n<p id=\"pvc_stats_1368\" class=\"pvc_stats all  \" data-element-id=\"1368\" style=\"\"><i class=\"pvc-stats-icon medium\" aria-hidden=\"true\"><svg aria-hidden=\"true\" focusable=\"false\" data-prefix=\"far\" data-icon=\"chart-bar\" role=\"img\" xmlns=\"http:\/\/www.w3.org\/2000\/svg\" viewBox=\"0 0 512 512\" class=\"svg-inline--fa fa-chart-bar fa-w-16 fa-2x\"><path fill=\"currentColor\" d=\"M396.8 352h22.4c6.4 0 12.8-6.4 12.8-12.8V108.8c0-6.4-6.4-12.8-12.8-12.8h-22.4c-6.4 0-12.8 6.4-12.8 12.8v230.4c0 6.4 6.4 12.8 12.8 12.8zm-192 0h22.4c6.4 0 12.8-6.4 12.8-12.8V140.8c0-6.4-6.4-12.8-12.8-12.8h-22.4c-6.4 0-12.8 6.4-12.8 12.8v198.4c0 6.4 6.4 12.8 12.8 12.8zm96 0h22.4c6.4 0 12.8-6.4 12.8-12.8V204.8c0-6.4-6.4-12.8-12.8-12.8h-22.4c-6.4 0-12.8 6.4-12.8 12.8v134.4c0 6.4 6.4 12.8 12.8 12.8zM496 400H48V80c0-8.84-7.16-16-16-16H16C7.16 64 0 71.16 0 80v336c0 17.67 14.33 32 32 32h464c8.84 0 16-7.16 16-16v-16c0-8.84-7.16-16-16-16zm-387.2-48h22.4c6.4 0 12.8-6.4 12.8-12.8v-70.4c0-6.4-6.4-12.8-12.8-12.8h-22.4c-6.4 0-12.8 6.4-12.8 12.8v70.4c0 6.4 6.4 12.8 12.8 12.8z\" class=\"\"><\/path><\/svg><\/i> <img loading=\"lazy\" decoding=\"async\" width=\"16\" height=\"16\" alt=\"Loading\" src=\"https:\/\/inforgomes.pt\/social\/wp-content\/plugins\/page-views-count\/ajax-loader-2x.gif\" border=0 \/><\/p>\n<div class=\"pvc_clear\"><\/div>\n","protected":false},"author":1,"featured_media":0,"comment_status":"open","ping_status":"open","sticky":false,"template":"","format":"standard","meta":{"footnotes":""},"categories":[3,4,14,76],"tags":[],"class_list":["post-1368","post","type-post","status-publish","format-standard","hentry","category-diario-de-noticias","category-opiniao","category-portugal","category-victor-angelo"],"a3_pvc":{"activated":true,"total_views":7,"today_views":0},"_links":{"self":[{"href":"https:\/\/inforgomes.pt\/social\/wp-json\/wp\/v2\/posts\/1368","targetHints":{"allow":["GET"]}}],"collection":[{"href":"https:\/\/inforgomes.pt\/social\/wp-json\/wp\/v2\/posts"}],"about":[{"href":"https:\/\/inforgomes.pt\/social\/wp-json\/wp\/v2\/types\/post"}],"author":[{"embeddable":true,"href":"https:\/\/inforgomes.pt\/social\/wp-json\/wp\/v2\/users\/1"}],"replies":[{"embeddable":true,"href":"https:\/\/inforgomes.pt\/social\/wp-json\/wp\/v2\/comments?post=1368"}],"version-history":[{"count":1,"href":"https:\/\/inforgomes.pt\/social\/wp-json\/wp\/v2\/posts\/1368\/revisions"}],"predecessor-version":[{"id":1369,"href":"https:\/\/inforgomes.pt\/social\/wp-json\/wp\/v2\/posts\/1368\/revisions\/1369"}],"wp:attachment":[{"href":"https:\/\/inforgomes.pt\/social\/wp-json\/wp\/v2\/media?parent=1368"}],"wp:term":[{"taxonomy":"category","embeddable":true,"href":"https:\/\/inforgomes.pt\/social\/wp-json\/wp\/v2\/categories?post=1368"},{"taxonomy":"post_tag","embeddable":true,"href":"https:\/\/inforgomes.pt\/social\/wp-json\/wp\/v2\/tags?post=1368"}],"curies":[{"name":"wp","href":"https:\/\/api.w.org\/{rel}","templated":true}]}}