{"id":1370,"date":"2026-04-17T21:07:44","date_gmt":"2026-04-17T20:07:44","guid":{"rendered":"https:\/\/inforgomes.pt\/social\/?p=1370"},"modified":"2026-04-17T21:07:44","modified_gmt":"2026-04-17T20:07:44","slug":"calor-de-verao-no-fim-de-semana-ja-so-queremos-voltar-a-ilha-portuguesa-que-muitos-comparam-as-maldivas","status":"publish","type":"post","link":"https:\/\/inforgomes.pt\/social\/calor-de-verao-no-fim-de-semana-ja-so-queremos-voltar-a-ilha-portuguesa-que-muitos-comparam-as-maldivas\/","title":{"rendered":"Calor de ver\u00e3o no fim de semana? J\u00e1 s\u00f3 queremos voltar \u00e0 ilha portuguesa que muitos comparam \u00e0s Maldivas"},"content":{"rendered":"<div class=\"pld-like-dislike-wrap pld-template-1\">\r\n    <div class=\"pld-like-wrap  pld-common-wrap\">\r\n    <a href=\"javascript:void(0)\" class=\"pld-like-trigger pld-like-dislike-trigger  \" title=\"Gosto\" data-post-id=\"1370\" data-trigger-type=\"like\" data-restriction=\"no\" data-already-liked=\"0\">\r\n                        <i class=\"fas fa-thumbs-up\"><\/i>\r\n                <\/a>\r\n    <span class=\"pld-like-count-wrap pld-count-wrap\">1    <\/span>\r\n<\/div><div class=\"pld-dislike-wrap  pld-common-wrap\">\r\n    <a href=\"javascript:void(0)\" class=\"pld-dislike-trigger pld-like-dislike-trigger  \" title=\"N\u00e3o gosto\" data-post-id=\"1370\" data-trigger-type=\"dislike\" data-restriction=\"no\" data-already-liked=\"0\">\r\n                        <i class=\"fas fa-thumbs-down\"><\/i>\r\n                <\/a>\r\n    <span class=\"pld-dislike-count-wrap pld-count-wrap\">0<\/span>\r\n<\/div><\/div><p>&nbsp;<\/p>\n<p><span style=\"font-size: 20px; font-family: Aldrich; color: #ff0000; --darkreader-inline-color: var(--darkreader-text-ff0000, #ff1a1a);\" data-darkreader-inline-color=\"\"><span style=\"color: #00ff00;\" data-darkreader-inline-color=\"\"><span style=\"font-size: 36px;\">\ud83c\uddf5\ud83c\uddf9<\/span>\u00a0PORT<\/span>UGAL \/\/ METEOROLOGIA \/\/ BOM TEMPO<\/span><\/p>\n<p style=\"text-align: justify;\">\u00c9 quase certo que 90% dos portugueses est\u00e1 cansado dos dias cinzentos e frio. Felizmente, o sol come\u00e7ou a aparecer e no fim de semana, 18 e 19 de Abril, as temperaturas v\u00e3o subir significativamente, segundo a previs\u00f5es do <a href=\"https:\/\/www.ipma.pt\/pt\/otempo\/prev.localidade.hora\/#Faro&amp;Faro\" target=\"_blank\" rel=\"noopener\" data-t=\"{&quot;n&quot;:&quot;destination&quot;,&quot;t&quot;:13,&quot;a&quot;:&quot;click&quot;,&quot;b&quot;:1,&quot;c.t&quot;:7}\">Instituto Portugu\u00eas do Mar e da Atmosfera<\/a> (IPMA).<\/p>\n<div id=\"attachment_1371\" style=\"width: 778px\" class=\"wp-caption aligncenter\"><img loading=\"lazy\" decoding=\"async\" aria-describedby=\"caption-attachment-1371\" class=\"size-full wp-image-1371\" src=\"https:\/\/inforgomes.pt\/social\/wp-content\/uploads\/2026\/04\/versa15042026.jpg\" alt=\"\" width=\"768\" height=\"768\" srcset=\"https:\/\/inforgomes.pt\/social\/wp-content\/uploads\/2026\/04\/versa15042026.jpg 768w, https:\/\/inforgomes.pt\/social\/wp-content\/uploads\/2026\/04\/versa15042026-300x300.jpg 300w, https:\/\/inforgomes.pt\/social\/wp-content\/uploads\/2026\/04\/versa15042026-150x150.jpg 150w\" sizes=\"auto, (max-width: 768px) 100vw, 768px\" \/><p id=\"caption-attachment-1371\" class=\"wp-caption-text\">H\u00e1 uma ilha portuguesa que muitos comparam \u00e0s Maldivas<br \/>Fotografia: Instagram, @ilhadaarmona \u00a9 VERSA<\/p><\/div>\n<p style=\"text-align: justify;\">E n\u00e3o, n\u00e3o estamos a exagerar&#8230; \u00c9 mesmo poss\u00edvel que as temperaturas cheguem aos 29\u00baC, no s\u00e1bado e no domingo, mas apenas em alguns distritos, como Beja, Santar\u00e9m ou \u00c9vora. J\u00e1 nos restantes mant\u00e9m-se entre os 25\u00baC e 26\u00baC, incluindo em Faro.<\/p>\n<p style=\"text-align: justify;\">Isto significa que vai estar um fim de semana perfeito para passear com a fam\u00edlia, apanhar sol e, quem sabe, ir a banhos. Este bom tempo lembrou-nos que Portugal tem <a href=\"https:\/\/versa.iol.pt\/design-e-artes\/bolas-de-berlim\/descobrimos-as-melhores-bolas-de-berlim-nas-maldivas-portuguesas\/20240730\/66a7b406d34ea1acf26cc6de\" target=\"_blank\" rel=\"noopener\" data-t=\"{&quot;n&quot;:&quot;destination&quot;,&quot;t&quot;:13,&quot;a&quot;:&quot;click&quot;,&quot;b&quot;:1,&quot;c.t&quot;:7}\">um destino comparado com as Maldivas<\/a>. Qual?<\/p>\n<p style=\"text-align: justify;\">Estamos a falar\u00a0a Ilha da Armona,\u00a0<a href=\"https:\/\/versa.iol.pt\/evasao\/algarve\/esta-regiao-do-pais-e-comparada-a-california-por-revista-americana\/20241026\/67190548d34ea1acf26fcd8a\" target=\"_blank\" rel=\"noopener\" data-t=\"{&quot;n&quot;:&quot;destination&quot;,&quot;t&quot;:13,&quot;a&quot;:&quot;click&quot;,&quot;b&quot;:1,&quot;c.t&quot;:7}\">em Olh\u00e3o<\/a>, <a href=\"https:\/\/versa.iol.pt\/evasao\/praia\/a-ilha-portuguesa-que-muitos-comparam-as-maldivas-e-com-razao\/20250511\/681c6a53d34ef72ee445ad09\" target=\"_blank\" rel=\"noopener\" data-t=\"{&quot;n&quot;:&quot;destination&quot;,&quot;t&quot;:13,&quot;a&quot;:&quot;click&quot;,&quot;b&quot;:1,&quot;c.t&quot;:7}\">uma das mais bonitas da regi\u00e3o, e talvez do pa\u00eds<\/a>. S\u00f3 consegues l\u00e1 chegar de barco que parte de Olh\u00e3o. \u00c9 uma viagem c\u00e9nica de 15 a 20 minutos e o bilhete custa a apenas \u20ac4,20 (ida e volta).<\/p>\n<p style=\"text-align: justify;\">L\u00e1 podes aproveitar as &#8220;\u00e1guas cristalinas e areia branca&#8221;, mas tamb\u00e9m os &#8220;restaurantes, mini mercados, parque de campismo e uma praia acess\u00edvel a cadeiras de rodas&#8221;, explicam os criadores de conte\u00fados de viagens do perfil\u00a0<a href=\"https:\/\/www.tiktok.com\/@maggieandramiro\" target=\"_blank\" rel=\"noopener\" data-t=\"{&quot;n&quot;:&quot;destination&quot;,&quot;t&quot;:13,&quot;a&quot;:&quot;click&quot;,&quot;b&quot;:1,&quot;c.t&quot;:7}\">@maggieandramiro<\/a>, no TikTok.<\/p>\n<p style=\"text-align: justify;\">\u00c9, sem d\u00favida, um pequeno para\u00edso e recebe muitos\u00a0<a href=\"https:\/\/versa.iol.pt\/evasao\/portugal\/ha-um-hotel-em-portugal-entre-os-melhores-do-mundo\/20250507\/6814ca43d34ef72ee4456f0e\" target=\"_blank\" rel=\"noopener\" data-t=\"{&quot;n&quot;:&quot;destination&quot;,&quot;t&quot;:13,&quot;a&quot;:&quot;click&quot;,&quot;b&quot;:1,&quot;c.t&quot;:7}\">elogios em plataformas como o Tripadvisor<\/a>, onde as pessoas que por l\u00e1 passaram a descrevem como &#8220;uma ilha super acolhedora&#8221;, &#8220;serena&#8221; e de ficar &#8220;completamente sem palavras&#8221;.<\/p>\n<p style=\"text-align: justify;\">Se n\u00e3o acreditas podes sempre espreitar a galeria, onde encontras v\u00e1rias imagens desta ilha.<\/p>\n<p style=\"text-align: justify;\"><a href=\"https:\/\/www.msn.com\/pt-pt\/noticias\/other\/calor-de-ver%C3%A3o-no-fim-de-semana-j%C3%A1-s%C3%B3-queremos-voltar-%C3%A0-ilha-portuguesa-que-muitos-comparam-%C3%A0s-maldivas\/ar-AA20YUip\" target=\"_blank\" rel=\"noopener\">Versa<\/a><br \/>\nMargarida Ribeiro<br \/>\n15.04.2026<\/p>\n<p>Visita: <a href=\"https:\/\/www.counter12.com\"><img decoding=\"async\" src=\"https:\/\/www.counter12.com\/img-z3Yw3cAYAY0Wz9x9-22.gif\" alt=\"free web counter\" border=\"0\" \/><\/a><\/p>\n<p style=\"text-align: justify;\"><div class=\"note\"><div class=\"notewarning\">- Neste Blogue, escreve-se em Portugu\u00eas \ud83c\uddf5\ud83c\uddf9 de Portugal (n\u00e3o adulterado pela coloniza\u00e7\u00e3o do AO).<\/div><\/div><\/p>\n<p><img loading=\"lazy\" decoding=\"async\" class=\"alignnone wp-image-1223\" src=\"https:\/\/inforgomes.pt\/cozinha\/wp-content\/uploads\/2023\/11\/0-coracao_transp.png\" alt=\"\" width=\"136\" height=\"122\" \/><img loading=\"lazy\" decoding=\"async\" class=\"alignnone wp-image-1758\" src=\"https:\/\/inforgomes.pt\/cozinha\/wp-content\/uploads\/2024\/03\/nao-AO.png\" alt=\"\" width=\"128\" height=\"128\" \/><img loading=\"lazy\" decoding=\"async\" class=\"alignnone wp-image-1791\" src=\"https:\/\/inforgomes.pt\/cozinha\/wp-content\/uploads\/2024\/03\/meio-ambiente.png\" alt=\"\" width=\"127\" height=\"130\" \/><\/p>\n<p>&nbsp;<\/p>\n<div class=\"pvc_clear\"><\/div>\n<p id=\"pvc_stats_1370\" class=\"pvc_stats all  \" data-element-id=\"1370\" style=\"\"><i class=\"pvc-stats-icon medium\" aria-hidden=\"true\"><svg aria-hidden=\"true\" focusable=\"false\" data-prefix=\"far\" data-icon=\"chart-bar\" role=\"img\" xmlns=\"http:\/\/www.w3.org\/2000\/svg\" viewBox=\"0 0 512 512\" class=\"svg-inline--fa fa-chart-bar fa-w-16 fa-2x\"><path fill=\"currentColor\" d=\"M396.8 352h22.4c6.4 0 12.8-6.4 12.8-12.8V108.8c0-6.4-6.4-12.8-12.8-12.8h-22.4c-6.4 0-12.8 6.4-12.8 12.8v230.4c0 6.4 6.4 12.8 12.8 12.8zm-192 0h22.4c6.4 0 12.8-6.4 12.8-12.8V140.8c0-6.4-6.4-12.8-12.8-12.8h-22.4c-6.4 0-12.8 6.4-12.8 12.8v198.4c0 6.4 6.4 12.8 12.8 12.8zm96 0h22.4c6.4 0 12.8-6.4 12.8-12.8V204.8c0-6.4-6.4-12.8-12.8-12.8h-22.4c-6.4 0-12.8 6.4-12.8 12.8v134.4c0 6.4 6.4 12.8 12.8 12.8zM496 400H48V80c0-8.84-7.16-16-16-16H16C7.16 64 0 71.16 0 80v336c0 17.67 14.33 32 32 32h464c8.84 0 16-7.16 16-16v-16c0-8.84-7.16-16-16-16zm-387.2-48h22.4c6.4 0 12.8-6.4 12.8-12.8v-70.4c0-6.4-6.4-12.8-12.8-12.8h-22.4c-6.4 0-12.8 6.4-12.8 12.8v70.4c0 6.4 6.4 12.8 12.8 12.8z\" class=\"\"><\/path><\/svg><\/i> <img loading=\"lazy\" decoding=\"async\" width=\"16\" height=\"16\" alt=\"Loading\" src=\"https:\/\/inforgomes.pt\/social\/wp-content\/plugins\/page-views-count\/ajax-loader-2x.gif\" border=0 \/><\/p>\n<div class=\"pvc_clear\"><\/div>\n","protected":false},"excerpt":{"rendered":"<p>1 0 &nbsp; \ud83c\uddf5\ud83c\uddf9\u00a0PORTUGAL \/\/ METEOROLOGIA \/\/ BOM TEMPO \u00c9 quase certo que 90% dos portugueses est\u00e1 cansado dos dias cinzentos e frio. Felizmente, o sol come\u00e7ou a aparecer e no fim de semana, 18 e 19 de Abril, as &hellip; <a href=\"https:\/\/inforgomes.pt\/social\/calor-de-verao-no-fim-de-semana-ja-so-queremos-voltar-a-ilha-portuguesa-que-muitos-comparam-as-maldivas\/\">Continue reading <span class=\"meta-nav\">&rarr;<\/span><\/a><\/p>\n<div class=\"pvc_clear\"><\/div>\n<p id=\"pvc_stats_1370\" class=\"pvc_stats all  \" data-element-id=\"1370\" style=\"\"><i class=\"pvc-stats-icon medium\" aria-hidden=\"true\"><svg aria-hidden=\"true\" focusable=\"false\" data-prefix=\"far\" data-icon=\"chart-bar\" role=\"img\" xmlns=\"http:\/\/www.w3.org\/2000\/svg\" viewBox=\"0 0 512 512\" class=\"svg-inline--fa fa-chart-bar fa-w-16 fa-2x\"><path fill=\"currentColor\" d=\"M396.8 352h22.4c6.4 0 12.8-6.4 12.8-12.8V108.8c0-6.4-6.4-12.8-12.8-12.8h-22.4c-6.4 0-12.8 6.4-12.8 12.8v230.4c0 6.4 6.4 12.8 12.8 12.8zm-192 0h22.4c6.4 0 12.8-6.4 12.8-12.8V140.8c0-6.4-6.4-12.8-12.8-12.8h-22.4c-6.4 0-12.8 6.4-12.8 12.8v198.4c0 6.4 6.4 12.8 12.8 12.8zm96 0h22.4c6.4 0 12.8-6.4 12.8-12.8V204.8c0-6.4-6.4-12.8-12.8-12.8h-22.4c-6.4 0-12.8 6.4-12.8 12.8v134.4c0 6.4 6.4 12.8 12.8 12.8zM496 400H48V80c0-8.84-7.16-16-16-16H16C7.16 64 0 71.16 0 80v336c0 17.67 14.33 32 32 32h464c8.84 0 16-7.16 16-16v-16c0-8.84-7.16-16-16-16zm-387.2-48h22.4c6.4 0 12.8-6.4 12.8-12.8v-70.4c0-6.4-6.4-12.8-12.8-12.8h-22.4c-6.4 0-12.8 6.4-12.8 12.8v70.4c0 6.4 6.4 12.8 12.8 12.8z\" class=\"\"><\/path><\/svg><\/i> <img loading=\"lazy\" decoding=\"async\" width=\"16\" height=\"16\" alt=\"Loading\" src=\"https:\/\/inforgomes.pt\/social\/wp-content\/plugins\/page-views-count\/ajax-loader-2x.gif\" border=0 \/><\/p>\n<div class=\"pvc_clear\"><\/div>\n","protected":false},"author":1,"featured_media":0,"comment_status":"open","ping_status":"open","sticky":false,"template":"","format":"standard","meta":{"footnotes":""},"categories":[332,350,50,52,14],"tags":[],"class_list":["post-1370","post","type-post","status-publish","format-standard","hentry","category-abril-2026","category-bom-tempo","category-ipma","category-meteorologia","category-portugal"],"a3_pvc":{"activated":true,"total_views":4,"today_views":0},"_links":{"self":[{"href":"https:\/\/inforgomes.pt\/social\/wp-json\/wp\/v2\/posts\/1370","targetHints":{"allow":["GET"]}}],"collection":[{"href":"https:\/\/inforgomes.pt\/social\/wp-json\/wp\/v2\/posts"}],"about":[{"href":"https:\/\/inforgomes.pt\/social\/wp-json\/wp\/v2\/types\/post"}],"author":[{"embeddable":true,"href":"https:\/\/inforgomes.pt\/social\/wp-json\/wp\/v2\/users\/1"}],"replies":[{"embeddable":true,"href":"https:\/\/inforgomes.pt\/social\/wp-json\/wp\/v2\/comments?post=1370"}],"version-history":[{"count":1,"href":"https:\/\/inforgomes.pt\/social\/wp-json\/wp\/v2\/posts\/1370\/revisions"}],"predecessor-version":[{"id":1372,"href":"https:\/\/inforgomes.pt\/social\/wp-json\/wp\/v2\/posts\/1370\/revisions\/1372"}],"wp:attachment":[{"href":"https:\/\/inforgomes.pt\/social\/wp-json\/wp\/v2\/media?parent=1370"}],"wp:term":[{"taxonomy":"category","embeddable":true,"href":"https:\/\/inforgomes.pt\/social\/wp-json\/wp\/v2\/categories?post=1370"},{"taxonomy":"post_tag","embeddable":true,"href":"https:\/\/inforgomes.pt\/social\/wp-json\/wp\/v2\/tags?post=1370"}],"curies":[{"name":"wp","href":"https:\/\/api.w.org\/{rel}","templated":true}]}}