{"id":1375,"date":"2026-04-19T10:12:42","date_gmt":"2026-04-19T09:12:42","guid":{"rendered":"https:\/\/inforgomes.pt\/social\/?p=1375"},"modified":"2026-04-19T10:13:09","modified_gmt":"2026-04-19T09:13:09","slug":"ordem-dos-psicologos-reforca-repudio-a-abusos-apos-polemica-com-tvi","status":"publish","type":"post","link":"https:\/\/inforgomes.pt\/social\/ordem-dos-psicologos-reforca-repudio-a-abusos-apos-polemica-com-tvi\/","title":{"rendered":"Ordem dos Psic\u00f3logos refor\u00e7a rep\u00fadio a abusos ap\u00f3s pol\u00e9mica com TVI"},"content":{"rendered":"<div class=\"pld-like-dislike-wrap pld-template-1\">\r\n    <div class=\"pld-like-wrap  pld-common-wrap\">\r\n    <a href=\"javascript:void(0)\" class=\"pld-like-trigger pld-like-dislike-trigger  \" title=\"Gosto\" data-post-id=\"1375\" data-trigger-type=\"like\" data-restriction=\"no\" data-already-liked=\"0\">\r\n                        <i class=\"fas fa-thumbs-up\"><\/i>\r\n                <\/a>\r\n    <span class=\"pld-like-count-wrap pld-count-wrap\">1    <\/span>\r\n<\/div><div class=\"pld-dislike-wrap  pld-common-wrap\">\r\n    <a href=\"javascript:void(0)\" class=\"pld-dislike-trigger pld-like-dislike-trigger  \" title=\"N\u00e3o gosto\" data-post-id=\"1375\" data-trigger-type=\"dislike\" data-restriction=\"no\" data-already-liked=\"0\">\r\n                        <i class=\"fas fa-thumbs-down\"><\/i>\r\n                <\/a>\r\n    <span class=\"pld-dislike-count-wrap pld-count-wrap\">0<\/span>\r\n<\/div><\/div><p>&nbsp;<\/p>\n<p><span style=\"font-size: 20px; font-family: Aldrich; color: #ff0000; --darkreader-inline-color: var(--darkreader-text-ff0000, #ff1a1a);\" data-darkreader-inline-color=\"\"><span style=\"color: #00ff00;\" data-darkreader-inline-color=\"\"><span style=\"font-size: 36px;\">\ud83c\uddf5\ud83c\uddf9<\/span>\u00a0PORT<\/span>UGAL \/\/ ORDEM DOS PSIC\u00d3LOGOS \/\/ TVI<\/span><\/p>\n<p class=\"py-4 font-slab text-xl lg:text-lead\" style=\"text-align: justify;\"><em><span style=\"font-size: 20px;\">A Ordem dos Psic\u00f3logos Portugueses (OPP) frisou, no s\u00e1bado, que &#8220;a sociedade como um todo tem de ser totalmente clara no rep\u00fadio ao abuso sexual e na educa\u00e7\u00e3o para a responsabilidade, o consentimento e a empatia&#8221;, tendo recordado j\u00e1 ter v\u00e1rios recursos com &#8220;recomenda\u00e7\u00f5es espec\u00edficas para a rela\u00e7\u00e3o dos psic\u00f3logos com os meios de comunica\u00e7\u00e3o&#8221;, no rescaldo da pol\u00e9mica com a TVI.<\/span><\/em><\/p>\n<p style=\"text-align: justify;\"><span class=\"news_capital_letter\">A<\/span> Ordem dos Psic\u00f3logos Portugueses (OPP) respondeu, no s\u00e1bado, \u00e0 carta aberta &#8220;A viola\u00e7\u00e3o n\u00e3o \u00e9 mat\u00e9ria de opini\u00e3o&#8221;, tendo n\u00e3o s\u00f3 recordado que j\u00e1 disponibilizou &#8220;recomenda\u00e7\u00f5es espec\u00edficas para a rela\u00e7\u00e3o dos psic\u00f3logos com os meios de comunica\u00e7\u00e3o&#8221;, mas tamb\u00e9m que &#8220;a sociedade como um todo tem de ser totalmente clara no rep\u00fadio ao abuso sexual e na educa\u00e7\u00e3o para a responsabilidade, o consentimento e a empatia&#8221;.<\/p>\n<p style=\"text-align: justify;\"><a href=\"https:\/\/www.noticiasaominuto.com\/fama\/2974747\/mais-de-100-personalidades-criticam-cristina-ferreira-em-carta-aberta\" target=\"_blank\" rel=\"noopener\">Assinado por mais de 100 personalidades<\/a>, o documento divulgado na sexta-feira surgiu ap\u00f3s as <a href=\"https:\/\/www.noticiasaominuto.com\/fama\/2973208\/apos-polemica-cristina-ferreira-bloqueia-comentarios-no-instagram\" target=\"_blank\" rel=\"noopener\">declara\u00e7\u00f5es da apresentadora da TVI Cristina Ferreira e da psic\u00f3loga In\u00eas Balinha Carlos<\/a>, no programa Dois \u00e0s 10 do dia 14 de Abril, no qual foi abordado o in\u00edcio do julgamento do caso de uma jovem de 16 anos que ter\u00e1 sido violada por quatro <em>influencers<\/em>.<\/p>\n<p style=\"text-align: justify;\">&#8220;Porque n\u00f3s temos de falar disto. <span class=\"news_bold\">Porque \u00e9 assim: mesmo que ela tenha dito para parar, quando s\u00e3o quatro que est\u00e3o naquela adrenalina de estar a fazer sexo com uma rapariga, algu\u00e9m ouve?<\/span> Claro que tem de ouvir, mas algu\u00e9m entende aquele: \u2018N\u00e3o quero mais'&#8221;, questionou Cristina Ferreira, o que deu azo a <a href=\"https:\/\/www.noticiasaominuto.com\/fama\/2973526\/de-iva-domingues-a-tania-laranjo-somam-se-reacoes-a-polemica-de-cristina\" target=\"_blank\" rel=\"noopener\">duras cr\u00edticas<\/a> e motivou\u00a0<a href=\"https:\/\/www.noticiasaominuto.com\/pais\/2974045\/erc-recebe-3300-queixas-sobre-declaracoes-de-cristina-ferreira\" target=\"_blank\" rel=\"noopener\">mais de tr\u00eas mil queixas \u00e0 Entidade Reguladora para a Comunica\u00e7\u00e3o Social (ERC)<\/a>, uma das quais <a href=\"https:\/\/www.noticiasaominuto.com\/pais\/2974035\/pais-de-jovem-violada-em-loures-assinam-queixa-contra-cristina-ferreira\" target=\"_blank\" rel=\"noopener\">assinada pelos pais da v\u00edtima<\/a>.<\/p>\n<p style=\"text-align: justify;\">Os signat\u00e1rios da carta manifestaram, assim, &#8220;<span class=\"news_bold\">o mais absoluto rep\u00fadio pelo teor e pelo tom do debate<\/span>&#8220;, argumentando que &#8220;tert\u00falias televisivas sobre criminalidade tendem a <span class=\"news_bold\">trivializar os casos de viol\u00eancia, dissecando hist\u00f3rias de vida como se personagens de novela se tratassem<\/span>, sem reflectirem nos impactos que as palavras ditas na TV t\u00eam nas pessoas que sofreram a viol\u00eancia comentada&#8221;.<\/p>\n<p style=\"text-align: justify;\">Apelaram, por isso, a que a OPP emitisse &#8220;directrizes claras sobre esta mat\u00e9ria&#8221; e refor\u00e7asse &#8220;<span class=\"news_bold\">a necessidade de especializa\u00e7\u00e3o para todas\/os as\/os profissionais que atendem e acompanham v\u00edtimas de viol\u00eancia sexual<\/span>&#8220;, j\u00e1 que &#8220;a n\u00e3o especializa\u00e7\u00e3o compromete as v\u00edtimas-sobreviventes&#8221;.<\/p>\n<p class=\"news_h3\" style=\"text-align: justify;\"><span style=\"font-family: Aldrich; font-size: 20px;\">H\u00e1 recomenda\u00e7\u00f5es desde Agosto de 2022<\/span><\/p>\n<p style=\"text-align: justify;\">Na resposta divulgada no s\u00e1bado, o organismo frisou que &#8220;um ato sexual n\u00e3o consentido \u00e9 abuso sexual&#8221; e que &#8220;obrigar algu\u00e9m a assistir a actividades de cariz sexual sem o seu consentimento tamb\u00e9m \u00e9 abuso sexual&#8221;. Aclarou, de igual modo, que &#8220;valoriza e acolhe iniciativas que promovam uma melhor informa\u00e7\u00e3o e literacia em temas da Psicologia, como a carta aberta \u2018A viola\u00e7\u00e3o n\u00e3o \u00e9 mat\u00e9ria de opini\u00e3o\u2019&#8221;, mas ressalvou que, em Agosto de 2022, &#8220;<span class=\"news_bold\">foram <a href=\"https:\/\/recursos.ordemdospsicologos.pt\/files\/artigos\/a_ci__ncia_psicol__gica_nos_social_media.pdf\" target=\"_blank\" rel=\"noopener\">disponibilizadas recomenda\u00e7\u00f5es espec\u00edficas<\/a> para a rela\u00e7\u00e3o dos psic\u00f3logos com os meios de comunica\u00e7\u00e3o<\/span>&#8220;.<\/p>\n<p style=\"text-align: justify;\">Entre elas, a Ordem concedeu destaque \u00e0 considera\u00e7\u00e3o pelos &#8220;princ\u00edpios da compet\u00eancia espec\u00edfica, privacidade e confidencialidade, respeito pela dignidade da pessoa, integridade, benefic\u00eancia e n\u00e3o malefic\u00eancia&#8221;, apontando que, &#8220;<span class=\"news_bold\">quando fazem declara\u00e7\u00f5es p\u00fablicas, os psic\u00f3logos devem observar o princ\u00edpio do rigor e da independ\u00eancia, abstendo-se de fazer declara\u00e7\u00f5es falsas<\/span> ou sem fundamenta\u00e7\u00e3o cient\u00edfica&#8221;.<\/p>\n<p style=\"text-align: justify;\">&#8220;Devem relatar os factos de forma criteriosa com base em fundamenta\u00e7\u00e3o cient\u00edfica adequada, utilizando o direito de rectifica\u00e7\u00e3o, sem suprimir as posi\u00e7\u00f5es cr\u00edticas e permitindo a exist\u00eancia do contradit\u00f3rio&#8221;, complementou, aconselhando a que estes profissionais limitem &#8220;as suas declara\u00e7\u00f5es p\u00fablicas <span class=\"news_bold\">apenas a temas para os quais t\u00eam conhecimento ou experi\u00eancia relevantes<\/span>&#8220;.<\/p>\n<p style=\"text-align: justify;\">A par disto, a entidade sublinhou que &#8220;os psic\u00f3logos reconhecem o impacto das suas declara\u00e7\u00f5es junto do p\u00fablico, em fun\u00e7\u00e3o da credibilidade da ci\u00eancia que representam&#8221;, o que &#8220;<span class=\"news_bold\">aumenta a sua responsabilidade em rela\u00e7\u00e3o \u00e0s suas afirma\u00e7\u00f5es<\/span>, uma vez que representam uma classe profissional&#8221;.<\/p>\n<p style=\"text-align: justify;\">Nessa linha, a OPP lembrou que o <a href=\"https:\/\/www.ordemdospsicologos.pt\/ficheiros\/documentos\/caodigo_deontolaogico_regulamento_nao_898_2024.pdf\" target=\"_blank\" rel=\"noopener\">c\u00f3digo deontol\u00f3gico deixa claro<\/a> que &#8220;os psic\u00f3logos t\u00eam como obriga\u00e7\u00e3o exercer a sua actividade de acordo com os pressupostos t\u00e9cnicos e cient\u00edficos da profiss\u00e3o, a partir de uma forma\u00e7\u00e3o pessoal adequada e de uma constante actualiza\u00e7\u00e3o profissional&#8221;, sob pena de acrescer &#8220;a possibilidade de <span class=\"news_bold\">prejudicar o cliente e de contribuir para o descr\u00e9dito da profiss\u00e3o<\/span>&#8220;.<\/p>\n<p class=\"news_h3\" style=\"text-align: justify;\"><span style=\"font-family: Aldrich; font-size: 20px;\">&#8220;A sociedade como um todo tem de ser totalmente clara no rep\u00fadio ao abuso sexual&#8221;<\/span><\/p>\n<p style=\"text-align: justify;\">Na mesma nota, a baston\u00e1ria da institui\u00e7\u00e3o, Sofia Ramalho, vincou que, &#8220;em qualquer caso de viol\u00eancia sexual, sobretudo quando est\u00e1 envolvido uma menor, h\u00e1 o dever de rigor, de protec\u00e7\u00e3o, de linguagem correta e cient\u00edfica e de responsabilidade p\u00fablica e colectiva&#8221;, defendendo &#8220;<span class=\"news_bold\">o papel dos media e dos profissionais de sa\u00fade mental [enquanto] parte da resposta social \u00e0 viol\u00eancia contra mulheres e raparigas, e n\u00e3o amplificar as pol\u00e9micas<\/span>&#8220;.<\/p>\n<p style=\"text-align: justify;\">&#8220;Temos espa\u00e7o para uma melhoria concreta e uma correc\u00e7\u00e3o estrutural. O pa\u00eds precisa de discutir consentimento, responsabilidade, preven\u00e7\u00e3o e protec\u00e7\u00e3o. <span class=\"news_bold\">\u00c9 necess\u00e1rio um plano nacional de combate ao abuso sexual, incluindo o abuso sexual infantil, que integre educa\u00e7\u00e3o sexual nas escolas<\/span>, por profissionais devidamente qualificados e com compet\u00eancia espec\u00edfica, educa\u00e7\u00e3o para os media, literacia em sa\u00fade e literacia medi\u00e1tica.<\/p>\n<p style=\"text-align: justify;\">Precisamos tamb\u00e9m de protocolos de actua\u00e7\u00e3o integrados para escolas, servi\u00e7os de sa\u00fade e comunit\u00e1rios, bem como para estruturas judiciais e media. [\u2026] <span class=\"news_bold\">A sociedade como um todo tem de ser totalmente clara no rep\u00fadio ao abuso sexual e na educa\u00e7\u00e3o para a responsabilidade, o consentimento e a empatia<\/span>&#8220;, acrescentou.<\/p>\n<p style=\"text-align: justify;\">A OPP recordou ainda ter um <a href=\"https:\/\/recursos.ordemdospsicologos.pt\/files\/artigos\/sa__de_psicol__gica___guia_para_os_media.pdf\" target=\"_blank\" rel=\"noopener\">guia para os meios de comunica\u00e7\u00e3o<\/a> sobre a abordagem de temas sens\u00edveis, incluindo a viol\u00eancia sexual, al\u00e9m de disponibilizar e promover recursos de literacia com orienta\u00e7\u00f5es para a pr\u00e1tica dos profissionais e destinados \u00e0 popula\u00e7\u00e3o, como \u00e9 o caso do documento &#8220;<a href=\"https:\/\/www.ordemdospsicologos.pt\/ficheiros\/documentos\/opp_vamosfalarsobreabusosexual_documento.pdf\" target=\"_blank\" rel=\"noopener\">Vamos Falar Sobre Abuso Sexual<\/a>&#8220;, de Julho de 2023.<\/p>\n<p style=\"text-align: justify;\">Oferece, al\u00e9m disso, <a href=\"https:\/\/dpc.ordemdospsicologos.pt\/courses\/show\/7750.html\" target=\"_blank\" rel=\"noopener\">forma\u00e7\u00e3o cont\u00ednua especializada na \u00e1rea da viol\u00eancia sexual<\/a> e <a href=\"https:\/\/dpc.ordemdospsicologos.pt\/courses\/show\/7749.html\" target=\"_blank\" rel=\"noopener\">na \u00e1rea da viol\u00eancia dom\u00e9stica<\/a>, colaborando tamb\u00e9m com &#8220;a Comiss\u00e3o para a Cidadania e a Igualdade de G\u00e9nero no desenvolvimento de programas e ac\u00e7\u00f5es inter-sectoriais articuladas, e na forma\u00e7\u00e3o especializada de psic\u00f3logos no \u00e2mbito das respostas de apoio psicol\u00f3gico&#8221;, no que diz respeito \u00e0 viol\u00eancia interpessoal.<\/p>\n<p style=\"text-align: justify;\"><a href=\"https:\/\/www.noticiasaominuto.com\/pais\/2975466\/ordem-dos-psicologos-reforca-repudio-a-abusos-apos-polemica-com-tvi\" target=\"_blank\" rel=\"noopener\">Not\u00edcias ao Minuto<\/a><br \/>\nCristina Ferreira<br \/>\n19.04.2026<\/p>\n<p>Visita: <a href=\"https:\/\/www.counter12.com\"><img decoding=\"async\" src=\"https:\/\/www.counter12.com\/img-z3Yw3cAYAY0Wz9x9-22.gif\" alt=\"free web counter\" border=\"0\" \/><\/a><\/p>\n<p style=\"text-align: justify;\"><div class=\"note\"><div class=\"notewarning\">- Neste Blogue, escreve-se em Portugu\u00eas \ud83c\uddf5\ud83c\uddf9 de Portugal (n\u00e3o adulterado pela coloniza\u00e7\u00e3o do AO).<\/div><\/div><\/p>\n<p><img loading=\"lazy\" decoding=\"async\" class=\"alignnone wp-image-1223\" src=\"https:\/\/inforgomes.pt\/cozinha\/wp-content\/uploads\/2023\/11\/0-coracao_transp.png\" alt=\"\" width=\"136\" height=\"122\" \/><img loading=\"lazy\" decoding=\"async\" class=\"alignnone wp-image-1758\" src=\"https:\/\/inforgomes.pt\/cozinha\/wp-content\/uploads\/2024\/03\/nao-AO.png\" alt=\"\" width=\"128\" height=\"128\" \/><img loading=\"lazy\" decoding=\"async\" class=\"alignnone wp-image-1791\" src=\"https:\/\/inforgomes.pt\/cozinha\/wp-content\/uploads\/2024\/03\/meio-ambiente.png\" alt=\"\" width=\"127\" height=\"130\" \/><\/p>\n<p>&nbsp;<\/p>\n<div class=\"pvc_clear\"><\/div>\n<p id=\"pvc_stats_1375\" class=\"pvc_stats all  \" data-element-id=\"1375\" style=\"\"><i class=\"pvc-stats-icon medium\" aria-hidden=\"true\"><svg aria-hidden=\"true\" focusable=\"false\" data-prefix=\"far\" data-icon=\"chart-bar\" role=\"img\" xmlns=\"http:\/\/www.w3.org\/2000\/svg\" viewBox=\"0 0 512 512\" class=\"svg-inline--fa fa-chart-bar fa-w-16 fa-2x\"><path fill=\"currentColor\" d=\"M396.8 352h22.4c6.4 0 12.8-6.4 12.8-12.8V108.8c0-6.4-6.4-12.8-12.8-12.8h-22.4c-6.4 0-12.8 6.4-12.8 12.8v230.4c0 6.4 6.4 12.8 12.8 12.8zm-192 0h22.4c6.4 0 12.8-6.4 12.8-12.8V140.8c0-6.4-6.4-12.8-12.8-12.8h-22.4c-6.4 0-12.8 6.4-12.8 12.8v198.4c0 6.4 6.4 12.8 12.8 12.8zm96 0h22.4c6.4 0 12.8-6.4 12.8-12.8V204.8c0-6.4-6.4-12.8-12.8-12.8h-22.4c-6.4 0-12.8 6.4-12.8 12.8v134.4c0 6.4 6.4 12.8 12.8 12.8zM496 400H48V80c0-8.84-7.16-16-16-16H16C7.16 64 0 71.16 0 80v336c0 17.67 14.33 32 32 32h464c8.84 0 16-7.16 16-16v-16c0-8.84-7.16-16-16-16zm-387.2-48h22.4c6.4 0 12.8-6.4 12.8-12.8v-70.4c0-6.4-6.4-12.8-12.8-12.8h-22.4c-6.4 0-12.8 6.4-12.8 12.8v70.4c0 6.4 6.4 12.8 12.8 12.8z\" class=\"\"><\/path><\/svg><\/i> <img loading=\"lazy\" decoding=\"async\" width=\"16\" height=\"16\" alt=\"Loading\" src=\"https:\/\/inforgomes.pt\/social\/wp-content\/plugins\/page-views-count\/ajax-loader-2x.gif\" border=0 \/><\/p>\n<div class=\"pvc_clear\"><\/div>\n","protected":false},"excerpt":{"rendered":"<p>1 0 &nbsp; \ud83c\uddf5\ud83c\uddf9\u00a0PORTUGAL \/\/ ORDEM DOS PSIC\u00d3LOGOS \/\/ TVI A Ordem dos Psic\u00f3logos Portugueses (OPP) frisou, no s\u00e1bado, que &#8220;a sociedade como um todo tem de ser totalmente clara no rep\u00fadio ao abuso sexual e na educa\u00e7\u00e3o para a &hellip; <a href=\"https:\/\/inforgomes.pt\/social\/ordem-dos-psicologos-reforca-repudio-a-abusos-apos-polemica-com-tvi\/\">Continue reading <span class=\"meta-nav\">&rarr;<\/span><\/a><\/p>\n<div class=\"pvc_clear\"><\/div>\n<p id=\"pvc_stats_1375\" class=\"pvc_stats all  \" data-element-id=\"1375\" style=\"\"><i class=\"pvc-stats-icon medium\" aria-hidden=\"true\"><svg aria-hidden=\"true\" focusable=\"false\" data-prefix=\"far\" data-icon=\"chart-bar\" role=\"img\" xmlns=\"http:\/\/www.w3.org\/2000\/svg\" viewBox=\"0 0 512 512\" class=\"svg-inline--fa fa-chart-bar fa-w-16 fa-2x\"><path fill=\"currentColor\" d=\"M396.8 352h22.4c6.4 0 12.8-6.4 12.8-12.8V108.8c0-6.4-6.4-12.8-12.8-12.8h-22.4c-6.4 0-12.8 6.4-12.8 12.8v230.4c0 6.4 6.4 12.8 12.8 12.8zm-192 0h22.4c6.4 0 12.8-6.4 12.8-12.8V140.8c0-6.4-6.4-12.8-12.8-12.8h-22.4c-6.4 0-12.8 6.4-12.8 12.8v198.4c0 6.4 6.4 12.8 12.8 12.8zm96 0h22.4c6.4 0 12.8-6.4 12.8-12.8V204.8c0-6.4-6.4-12.8-12.8-12.8h-22.4c-6.4 0-12.8 6.4-12.8 12.8v134.4c0 6.4 6.4 12.8 12.8 12.8zM496 400H48V80c0-8.84-7.16-16-16-16H16C7.16 64 0 71.16 0 80v336c0 17.67 14.33 32 32 32h464c8.84 0 16-7.16 16-16v-16c0-8.84-7.16-16-16-16zm-387.2-48h22.4c6.4 0 12.8-6.4 12.8-12.8v-70.4c0-6.4-6.4-12.8-12.8-12.8h-22.4c-6.4 0-12.8 6.4-12.8 12.8v70.4c0 6.4 6.4 12.8 12.8 12.8z\" class=\"\"><\/path><\/svg><\/i> <img loading=\"lazy\" decoding=\"async\" width=\"16\" height=\"16\" alt=\"Loading\" src=\"https:\/\/inforgomes.pt\/social\/wp-content\/plugins\/page-views-count\/ajax-loader-2x.gif\" border=0 \/><\/p>\n<div class=\"pvc_clear\"><\/div>\n","protected":false},"author":1,"featured_media":0,"comment_status":"open","ping_status":"open","sticky":false,"template":"","format":"standard","meta":{"footnotes":""},"categories":[332,92,352,14,20,353],"tags":[],"class_list":["post-1375","post","type-post","status-publish","format-standard","hentry","category-abril-2026","category-noticias-ao-minuto","category-ordem-dos-psicologos","category-portugal","category-tvi","category-violacoes"],"a3_pvc":{"activated":true,"total_views":3,"today_views":0},"_links":{"self":[{"href":"https:\/\/inforgomes.pt\/social\/wp-json\/wp\/v2\/posts\/1375","targetHints":{"allow":["GET"]}}],"collection":[{"href":"https:\/\/inforgomes.pt\/social\/wp-json\/wp\/v2\/posts"}],"about":[{"href":"https:\/\/inforgomes.pt\/social\/wp-json\/wp\/v2\/types\/post"}],"author":[{"embeddable":true,"href":"https:\/\/inforgomes.pt\/social\/wp-json\/wp\/v2\/users\/1"}],"replies":[{"embeddable":true,"href":"https:\/\/inforgomes.pt\/social\/wp-json\/wp\/v2\/comments?post=1375"}],"version-history":[{"count":1,"href":"https:\/\/inforgomes.pt\/social\/wp-json\/wp\/v2\/posts\/1375\/revisions"}],"predecessor-version":[{"id":1376,"href":"https:\/\/inforgomes.pt\/social\/wp-json\/wp\/v2\/posts\/1375\/revisions\/1376"}],"wp:attachment":[{"href":"https:\/\/inforgomes.pt\/social\/wp-json\/wp\/v2\/media?parent=1375"}],"wp:term":[{"taxonomy":"category","embeddable":true,"href":"https:\/\/inforgomes.pt\/social\/wp-json\/wp\/v2\/categories?post=1375"},{"taxonomy":"post_tag","embeddable":true,"href":"https:\/\/inforgomes.pt\/social\/wp-json\/wp\/v2\/tags?post=1375"}],"curies":[{"name":"wp","href":"https:\/\/api.w.org\/{rel}","templated":true}]}}