{"id":1381,"date":"2026-04-20T09:13:34","date_gmt":"2026-04-20T08:13:34","guid":{"rendered":"https:\/\/inforgomes.pt\/social\/?p=1381"},"modified":"2026-04-20T09:13:34","modified_gmt":"2026-04-20T08:13:34","slug":"fragil","status":"publish","type":"post","link":"https:\/\/inforgomes.pt\/social\/fragil\/","title":{"rendered":"(Fr)\u00e1gil"},"content":{"rendered":"<div class=\"pld-like-dislike-wrap pld-template-1\">\r\n    <div class=\"pld-like-wrap  pld-common-wrap\">\r\n    <a href=\"javascript:void(0)\" class=\"pld-like-trigger pld-like-dislike-trigger  \" title=\"Gosto\" data-post-id=\"1381\" data-trigger-type=\"like\" data-restriction=\"no\" data-already-liked=\"0\">\r\n                        <i class=\"fas fa-thumbs-up\"><\/i>\r\n                <\/a>\r\n    <span class=\"pld-like-count-wrap pld-count-wrap\">1    <\/span>\r\n<\/div><div class=\"pld-dislike-wrap  pld-common-wrap\">\r\n    <a href=\"javascript:void(0)\" class=\"pld-dislike-trigger pld-like-dislike-trigger  \" title=\"N\u00e3o gosto\" data-post-id=\"1381\" data-trigger-type=\"dislike\" data-restriction=\"no\" data-already-liked=\"0\">\r\n                        <i class=\"fas fa-thumbs-down\"><\/i>\r\n                <\/a>\r\n    <span class=\"pld-dislike-count-wrap pld-count-wrap\">0<\/span>\r\n<\/div><\/div><p>&nbsp;<\/p>\n<p><span style=\"font-size: 20px; font-family: Aldrich; color: #ff0000;\" data-darkreader-inline-color=\"\"><span style=\"font-size: 36px;\">\ud83c\uddf5\ud83c\uddf9<\/span>\u00a0OPINI\u00c3O<\/span><\/p>\n<p style=\"text-align: justify;\"><img loading=\"lazy\" decoding=\"async\" class=\"alignleft size-full wp-image-1281\" src=\"https:\/\/inforgomes.pt\/social\/wp-content\/uploads\/2026\/04\/RuiFrias02a.png\" alt=\"\" width=\"106\" height=\"105\" \/>O que t\u00eam em comum a reforma do Tribunal de Contas e a flexibiliza\u00e7\u00e3o das regras de contrata\u00e7\u00e3o p\u00fablica? Uma vis\u00e3o do Estado e da sociedade mais \u00e1gil, maior simplicidade de processos, elimina\u00e7\u00e3o de entropias, argumentar\u00e1 o ministro Gon\u00e7alo Matias, a quem Lu\u00eds Montenegro entregou a miss\u00e3o da reforma do Estado. Argumentos defens\u00e1veis, num pa\u00eds enredado em burocracias e camadas de indecis\u00f5es v\u00e1rias, como todos sabemos.<\/p>\n<p style=\"text-align: justify;\">Mas, vistas em conjunto, contam tamb\u00e9m uma outra hist\u00f3ria comum, um padr\u00e3o que se vai repetindo na governa\u00e7\u00e3o e que aponta para um sistem\u00e1tico al\u00edvio de sistemas de controlo, agitando perigos de menor escrut\u00ednio, maior opacidade do sistema e \u201croda livre\u201d no uso de fundos p\u00fablicos, num pa\u00eds escaldado de casos do g\u00e9nero num passado at\u00e9 bem recente.<\/p>\n<p style=\"text-align: justify;\">N\u00e3o se trata necessariamente de menos legalidade, mas seguramente menos capacidade de detectar problemas cedo, comparar decis\u00f5es ou perceber quem influencia o qu\u00ea, alargando o espa\u00e7o onde o abuso pode existir sem ser detectado.<\/p>\n<p style=\"text-align: justify;\">Entrevistada pelo <em>Expresso<\/em>, a prop\u00f3sito da reforma proposta para a actividade do \u201cseu\u201d Tribunal de Contas, a presidente desta entidade, Filipa Urbano Calv\u00e3o, sublinha que \u201ch\u00e1 aqui um contexto de maior descontrac\u00e7\u00e3o para a realiza\u00e7\u00e3o da actividade p\u00fablica e privada\u201d. E acrescenta: \u201cNem sei se houve uma avalia\u00e7\u00e3o rigorosa por parte do Governo sobre o impacto destas medidas (&#8230;).<\/p>\n<p style=\"text-align: justify;\">Em todo o caso, eu quero acreditar que continuamos num Estado de Direito democr\u00e1tico e que, portanto, o que quer que seja feito no plano legislativo, n\u00e3o perca essa capacidade de o poder pol\u00edtico e de o poder p\u00fablico em geral se sujeitarem a um escrut\u00ednio p\u00fablico.\u201d Ora, lembre-se, Filipa Calv\u00e3o foi j\u00e1 uma escolha de Montenegro para o cargo, em Outubro de 2024, e est\u00e1 longe, pois, de poder ser considerada uma for\u00e7a de bloqueio.<\/p>\n<p style=\"text-align: justify;\">A mudan\u00e7a de filosofia que esta maioria quer implementar \u00e9 evidente: confiar mais nos decisores, desimpedir caminhos e corrigir depois, se necess\u00e1rio. No caso do Tribunal de Contas, segundo a pr\u00f3pria presidente, a confirmar-se a proposta de isen\u00e7\u00e3o de visto pr\u00e9vio at\u00e9 aos 10 milh\u00f5es de euros, \u201cpassamos da fiscaliza\u00e7\u00e3o de mais de 1000 contratos, no valor de 9 mil milh\u00f5es, para 100\u201d.<\/p>\n<p style=\"text-align: justify;\">O Governo argumenta que na maior parte dos pa\u00edses europeus n\u00e3o se faz controlo pr\u00e9vio. O problema, nesta febre de simplifica\u00e7\u00e3o, \u00e9 que todos sabemos que em Portugal persistem fragilidades conhecidas, desde uma Administra\u00e7\u00e3o P\u00fablica com falta de recursos at\u00e9 uma not\u00f3ria inefici\u00eancia na fiscaliza\u00e7\u00e3o. Esse \u00e9 o real teste que ditar\u00e1 o sucesso ou insucesso.<\/p>\n<p style=\"text-align: justify;\">A quest\u00e3o n\u00e3o \u00e9 se este modelo funciona em teoria, \u00e9 se funciona bem num contexto real onde os mecanismos de controlo j\u00e1 s\u00e3o fr\u00e1geis. E sem esse refor\u00e7o dos mecanismos de fiscaliza\u00e7\u00e3o, simplificar pode significar apenas fragilizar o Estado de Direito.<\/p>\n<p style=\"text-align: justify;\"><strong>P.S.:<\/strong> Fic\u00e1mos tamb\u00e9m a saber esta semana que as listas de financiadores dos partidos passam a ser secretas, tornando mais dif\u00edcil identificar potenciais conflitos de interesse. Mais um prego no caix\u00e3o da transpar\u00eancia.<\/p>\n<p style=\"text-align: justify;\"><a href=\"https:\/\/www.dn.pt\/opiniao-dn\/frgil\" target=\"_blank\" rel=\"noopener\">Di\u00e1rio de Not\u00edcias<\/a><br \/>\nRui Frias<br \/>\nEditor-Executivo Adjunto do Di\u00e1rio de Not\u00edcias<br \/>\n20.04.2026<\/p>\n<p>Visita: <a href=\"https:\/\/www.counter12.com\"><img decoding=\"async\" src=\"https:\/\/www.counter12.com\/img-y5B40wA18ZW7cZy1-22.gif\" alt=\"free counter\" border=\"0\" \/><\/a><\/p>\n<p style=\"text-align: justify;\"><div class=\"note\"><div class=\"notewarning\">- Neste Blogue, escreve-se em Portugu\u00eas \ud83c\uddf5\ud83c\uddf9 de Portugal (n\u00e3o adulterado pela coloniza\u00e7\u00e3o do AO).<\/div><\/div><\/p>\n<p><img loading=\"lazy\" decoding=\"async\" class=\"alignnone wp-image-1223\" src=\"https:\/\/inforgomes.pt\/cozinha\/wp-content\/uploads\/2023\/11\/0-coracao_transp.png\" alt=\"\" width=\"136\" height=\"122\" \/><img loading=\"lazy\" decoding=\"async\" class=\"alignnone wp-image-1758\" src=\"https:\/\/inforgomes.pt\/cozinha\/wp-content\/uploads\/2024\/03\/nao-AO.png\" alt=\"\" width=\"128\" height=\"128\" \/><img loading=\"lazy\" decoding=\"async\" class=\"alignnone wp-image-1791\" src=\"https:\/\/inforgomes.pt\/cozinha\/wp-content\/uploads\/2024\/03\/meio-ambiente.png\" alt=\"\" width=\"127\" height=\"130\" \/><\/p>\n<p>&nbsp;<\/p>\n<div class=\"pvc_clear\"><\/div>\n<p id=\"pvc_stats_1381\" class=\"pvc_stats all  \" data-element-id=\"1381\" style=\"\"><i class=\"pvc-stats-icon medium\" aria-hidden=\"true\"><svg aria-hidden=\"true\" focusable=\"false\" data-prefix=\"far\" data-icon=\"chart-bar\" role=\"img\" xmlns=\"http:\/\/www.w3.org\/2000\/svg\" viewBox=\"0 0 512 512\" class=\"svg-inline--fa fa-chart-bar fa-w-16 fa-2x\"><path fill=\"currentColor\" d=\"M396.8 352h22.4c6.4 0 12.8-6.4 12.8-12.8V108.8c0-6.4-6.4-12.8-12.8-12.8h-22.4c-6.4 0-12.8 6.4-12.8 12.8v230.4c0 6.4 6.4 12.8 12.8 12.8zm-192 0h22.4c6.4 0 12.8-6.4 12.8-12.8V140.8c0-6.4-6.4-12.8-12.8-12.8h-22.4c-6.4 0-12.8 6.4-12.8 12.8v198.4c0 6.4 6.4 12.8 12.8 12.8zm96 0h22.4c6.4 0 12.8-6.4 12.8-12.8V204.8c0-6.4-6.4-12.8-12.8-12.8h-22.4c-6.4 0-12.8 6.4-12.8 12.8v134.4c0 6.4 6.4 12.8 12.8 12.8zM496 400H48V80c0-8.84-7.16-16-16-16H16C7.16 64 0 71.16 0 80v336c0 17.67 14.33 32 32 32h464c8.84 0 16-7.16 16-16v-16c0-8.84-7.16-16-16-16zm-387.2-48h22.4c6.4 0 12.8-6.4 12.8-12.8v-70.4c0-6.4-6.4-12.8-12.8-12.8h-22.4c-6.4 0-12.8 6.4-12.8 12.8v70.4c0 6.4 6.4 12.8 12.8 12.8z\" class=\"\"><\/path><\/svg><\/i> <img loading=\"lazy\" decoding=\"async\" width=\"16\" height=\"16\" alt=\"Loading\" src=\"https:\/\/inforgomes.pt\/social\/wp-content\/plugins\/page-views-count\/ajax-loader-2x.gif\" border=0 \/><\/p>\n<div class=\"pvc_clear\"><\/div>\n","protected":false},"excerpt":{"rendered":"<p>1 0 &nbsp; \ud83c\uddf5\ud83c\uddf9\u00a0OPINI\u00c3O O que t\u00eam em comum a reforma do Tribunal de Contas e a flexibiliza\u00e7\u00e3o das regras de contrata\u00e7\u00e3o p\u00fablica? Uma vis\u00e3o do Estado e da sociedade mais \u00e1gil, maior simplicidade de processos, elimina\u00e7\u00e3o de entropias, argumentar\u00e1 &hellip; <a href=\"https:\/\/inforgomes.pt\/social\/fragil\/\">Continue reading <span class=\"meta-nav\">&rarr;<\/span><\/a><\/p>\n<div class=\"pvc_clear\"><\/div>\n<p id=\"pvc_stats_1381\" class=\"pvc_stats all  \" data-element-id=\"1381\" style=\"\"><i class=\"pvc-stats-icon medium\" aria-hidden=\"true\"><svg aria-hidden=\"true\" focusable=\"false\" data-prefix=\"far\" data-icon=\"chart-bar\" role=\"img\" xmlns=\"http:\/\/www.w3.org\/2000\/svg\" viewBox=\"0 0 512 512\" class=\"svg-inline--fa fa-chart-bar fa-w-16 fa-2x\"><path fill=\"currentColor\" d=\"M396.8 352h22.4c6.4 0 12.8-6.4 12.8-12.8V108.8c0-6.4-6.4-12.8-12.8-12.8h-22.4c-6.4 0-12.8 6.4-12.8 12.8v230.4c0 6.4 6.4 12.8 12.8 12.8zm-192 0h22.4c6.4 0 12.8-6.4 12.8-12.8V140.8c0-6.4-6.4-12.8-12.8-12.8h-22.4c-6.4 0-12.8 6.4-12.8 12.8v198.4c0 6.4 6.4 12.8 12.8 12.8zm96 0h22.4c6.4 0 12.8-6.4 12.8-12.8V204.8c0-6.4-6.4-12.8-12.8-12.8h-22.4c-6.4 0-12.8 6.4-12.8 12.8v134.4c0 6.4 6.4 12.8 12.8 12.8zM496 400H48V80c0-8.84-7.16-16-16-16H16C7.16 64 0 71.16 0 80v336c0 17.67 14.33 32 32 32h464c8.84 0 16-7.16 16-16v-16c0-8.84-7.16-16-16-16zm-387.2-48h22.4c6.4 0 12.8-6.4 12.8-12.8v-70.4c0-6.4-6.4-12.8-12.8-12.8h-22.4c-6.4 0-12.8 6.4-12.8 12.8v70.4c0 6.4 6.4 12.8 12.8 12.8z\" class=\"\"><\/path><\/svg><\/i> <img loading=\"lazy\" decoding=\"async\" width=\"16\" height=\"16\" alt=\"Loading\" src=\"https:\/\/inforgomes.pt\/social\/wp-content\/plugins\/page-views-count\/ajax-loader-2x.gif\" border=0 \/><\/p>\n<div class=\"pvc_clear\"><\/div>\n","protected":false},"author":1,"featured_media":0,"comment_status":"open","ping_status":"open","sticky":false,"template":"","format":"standard","meta":{"footnotes":""},"categories":[3,4,14,98],"tags":[],"class_list":["post-1381","post","type-post","status-publish","format-standard","hentry","category-diario-de-noticias","category-opiniao","category-portugal","category-rui-frias"],"a3_pvc":{"activated":true,"total_views":6,"today_views":0},"_links":{"self":[{"href":"https:\/\/inforgomes.pt\/social\/wp-json\/wp\/v2\/posts\/1381","targetHints":{"allow":["GET"]}}],"collection":[{"href":"https:\/\/inforgomes.pt\/social\/wp-json\/wp\/v2\/posts"}],"about":[{"href":"https:\/\/inforgomes.pt\/social\/wp-json\/wp\/v2\/types\/post"}],"author":[{"embeddable":true,"href":"https:\/\/inforgomes.pt\/social\/wp-json\/wp\/v2\/users\/1"}],"replies":[{"embeddable":true,"href":"https:\/\/inforgomes.pt\/social\/wp-json\/wp\/v2\/comments?post=1381"}],"version-history":[{"count":1,"href":"https:\/\/inforgomes.pt\/social\/wp-json\/wp\/v2\/posts\/1381\/revisions"}],"predecessor-version":[{"id":1382,"href":"https:\/\/inforgomes.pt\/social\/wp-json\/wp\/v2\/posts\/1381\/revisions\/1382"}],"wp:attachment":[{"href":"https:\/\/inforgomes.pt\/social\/wp-json\/wp\/v2\/media?parent=1381"}],"wp:term":[{"taxonomy":"category","embeddable":true,"href":"https:\/\/inforgomes.pt\/social\/wp-json\/wp\/v2\/categories?post=1381"},{"taxonomy":"post_tag","embeddable":true,"href":"https:\/\/inforgomes.pt\/social\/wp-json\/wp\/v2\/tags?post=1381"}],"curies":[{"name":"wp","href":"https:\/\/api.w.org\/{rel}","templated":true}]}}