{"id":1383,"date":"2026-04-20T09:25:00","date_gmt":"2026-04-20T08:25:00","guid":{"rendered":"https:\/\/inforgomes.pt\/social\/?p=1383"},"modified":"2026-04-20T09:25:00","modified_gmt":"2026-04-20T08:25:00","slug":"quantas-divisoes-tem-o-papa","status":"publish","type":"post","link":"https:\/\/inforgomes.pt\/social\/quantas-divisoes-tem-o-papa\/","title":{"rendered":"Quantas divis\u00f5es tem o papa?"},"content":{"rendered":"<div class=\"pld-like-dislike-wrap pld-template-1\">\r\n    <div class=\"pld-like-wrap  pld-common-wrap\">\r\n    <a href=\"javascript:void(0)\" class=\"pld-like-trigger pld-like-dislike-trigger  \" title=\"Gosto\" data-post-id=\"1383\" data-trigger-type=\"like\" data-restriction=\"no\" data-already-liked=\"0\">\r\n                        <i class=\"fas fa-thumbs-up\"><\/i>\r\n                <\/a>\r\n    <span class=\"pld-like-count-wrap pld-count-wrap\">1    <\/span>\r\n<\/div><div class=\"pld-dislike-wrap  pld-common-wrap\">\r\n    <a href=\"javascript:void(0)\" class=\"pld-dislike-trigger pld-like-dislike-trigger  \" title=\"N\u00e3o gosto\" data-post-id=\"1383\" data-trigger-type=\"dislike\" data-restriction=\"no\" data-already-liked=\"0\">\r\n                        <i class=\"fas fa-thumbs-down\"><\/i>\r\n                <\/a>\r\n    <span class=\"pld-dislike-count-wrap pld-count-wrap\">0<\/span>\r\n<\/div><\/div><p>&nbsp;<\/p>\n<p><span style=\"font-size: 20px; font-family: Aldrich; color: #ff0000;\" data-darkreader-inline-color=\"\"><span style=\"font-size: 36px;\">\ud83c\uddf5\ud83c\uddf9<\/span>\u00a0OPINI\u00c3O<\/span><\/p>\n<p style=\"text-align: justify;\"><img loading=\"lazy\" decoding=\"async\" class=\"alignleft size-full wp-image-1384\" src=\"https:\/\/inforgomes.pt\/social\/wp-content\/uploads\/2026\/04\/BernardoIvoCruz.png\" alt=\"\" width=\"126\" height=\"145\" \/>&#8220;Quantas divis\u00f5es tem o papa?\u201d, perguntou Joseph Stalin, no auge da Segunda Guerra Mundial, dando a entender que, sem Ex\u00e9rcitos, o Vaticano seria irrelevante na pol\u00edtica internacional. A hist\u00f3ria mostrou o contr\u00e1rio.<\/p>\n<p style=\"text-align: justify;\">A Queda do Muro de Berlim e o fim da presen\u00e7a sovi\u00e9tica na Europa de Leste n\u00e3o resultaram apenas da incapacidade do comunismo em responder aos desafios que enfrentava. Foram tamb\u00e9m o resultado de uma eros\u00e3o de legitimidade. E, nesse processo, o papel de Jo\u00e3o Paulo II foi determinante.<\/p>\n<p style=\"text-align: justify;\">Quando regressa \u00e0 sua Pol\u00f3nia natal em Junho de 1979, Jo\u00e3o Paulo II n\u00e3o altera o regime por decreto. Mas altera o enquadramento. Ao afirmar a dignidade de um povo reduzido a uma fun\u00e7\u00e3o ideol\u00f3gica, introduz uma fractura no sistema. Ao dizer \u201cn\u00e3o tenhais medo\u201d, libertou o espa\u00e7o psicol\u00f3gico em que o regime assentava.<\/p>\n<p style=\"text-align: justify;\">Foi nesse espa\u00e7o que o movimento Solidariedade, liderado por Lech Walesa, primeiro presidente da Rep\u00fablica da Pol\u00f3nia livre e Pr\u00e9mio Nobel da Paz, cresceu. Quando o medo recua e a legitimidade se esgota, o poder torna-se insustent\u00e1vel, mesmo quando ainda disp\u00f5e de meios.<\/p>\n<p style=\"text-align: justify;\">A pergunta de Stalin estava, por isso, errada. O problema nunca foi saber quantas divis\u00f5es tem o papa. O problema \u00e9 perceber que tipo de poder est\u00e1 em causa.<\/p>\n<p style=\"text-align: justify;\">\u00c9 \u00e0 luz desta distin\u00e7\u00e3o que importa ler o que aconteceu nos \u00faltimos dias na rela\u00e7\u00e3o entre Washington e o Vaticano. As cr\u00edticas do Papa Le\u00e3o XIV \u00e0 dureza das pol\u00edticas migrat\u00f3rias, \u00e0 l\u00f3gica de exclus\u00e3o e \u00e0 instrumentaliza\u00e7\u00e3o do medo n\u00e3o foram declara\u00e7\u00f5es gen\u00e9ricas, mas visaram, na pr\u00e1tica, a actua\u00e7\u00e3o da administra\u00e7\u00e3o de Donald Trump.<\/p>\n<p style=\"text-align: justify;\">Ao insistir na centralidade da dignidade humana e na obriga\u00e7\u00e3o de acolhimento, o papa colocou em causa a coer\u00eancia entre valores proclamados por Trump e pelos que o cercam, frequentemente ancorados num imagin\u00e1rio crist\u00e3o, e pol\u00edticas concretas.<\/p>\n<p style=\"text-align: justify;\">Nos \u00faltimos dias, Le\u00e3o XIV criticou tamb\u00e9m a guerra no Ir\u00e3o e a ret\u00f3rica do medo, e a resposta da administra\u00e7\u00e3o foi r\u00e1pida e reveladora. Entre a rejei\u00e7\u00e3o das cr\u00edticas, acusa\u00e7\u00f5es de fraqueza, a nega\u00e7\u00e3o de qualquer direito de escrut\u00ednio moral sobre a pol\u00edtica americana e a reafirma\u00e7\u00e3o da soberania nacional como crit\u00e9rio absoluto, o argumento foi claro: a legitimidade pol\u00edtica resulta do mandato democr\u00e1tico interno, n\u00e3o de avalia\u00e7\u00f5es externas, sejam elas religiosas ou morais.<\/p>\n<p style=\"text-align: justify;\">Este confronto n\u00e3o \u00e9 epis\u00f3dico. \u00c9 estrutural.<\/p>\n<p style=\"text-align: justify;\">De um lado, um poder pol\u00edtico que decide, imp\u00f5e e controla. Do outro, uma autoridade moral que n\u00e3o decide, mas condiciona pela capacidade de expor incoer\u00eancias, mobilizar milh\u00f5es de americanos e gerar custos reputacionais. Ao desvalorizar o papa, a administra\u00e7\u00e3o americana procura reduzir esse efeito. Se a cr\u00edtica moral for apresentada como irrelevante, deixa de constituir constrangimento.<\/p>\n<p style=\"text-align: justify;\">Mas esta estrat\u00e9gia tem limites. Num sistema internacional fragmentado, onde a percep\u00e7\u00e3o conta tanto como a capacidade de agir, a legitimidade tornou-se um activo estrat\u00e9gico. Pode n\u00e3o impedir decis\u00f5es. Mas condiciona a sua efic\u00e1cia.<\/p>\n<p style=\"text-align: justify;\">\u00c9 aqui que a li\u00e7\u00e3o de Jo\u00e3o Paulo II permanece actual. N\u00e3o porque os contextos sejam compar\u00e1veis, mas porque o mecanismo \u00e9 semelhante. A eros\u00e3o da legitimidade n\u00e3o destr\u00f3i imediatamente o poder pol\u00edtico. Mas fragiliza-o de forma cumulativa.<\/p>\n<p style=\"text-align: justify;\">Tal como Jo\u00e3o Paulo II, Le\u00e3o XIV n\u00e3o ter\u00e1 divis\u00f5es. Nem precisa delas. Se tiver capacidade para moldar percep\u00e7\u00f5es, expor contradi\u00e7\u00f5es e aumentar o custo moral de determinadas escolhas, ter\u00e1 influ\u00eancia suficiente para condicionar o poder. No final, a pergunta relevante n\u00e3o \u00e9 quantas divis\u00f5es tem o papa. \u00c9 quanto custa ignor\u00e1-lo.<\/p>\n<p style=\"text-align: justify;\"><a href=\"https:\/\/www.dn.pt\/opiniao-dn\/quantas-divises-tem-o-papa\" target=\"_blank\" rel=\"noopener\">Di\u00e1rio de Not\u00edcias<\/a><br \/>\nBernardo Ivo Cruz<br \/>\nProfessor convidado UCP\/UNL\/U\u00c9<br \/>\n20.04.2026<\/p>\n<p>Visita: <a href=\"https:\/\/www.counter12.com\"><img decoding=\"async\" src=\"https:\/\/www.counter12.com\/img-y5B40wA18ZW7cZy1-22.gif\" alt=\"free counter\" border=\"0\" \/><\/a><\/p>\n<p style=\"text-align: justify;\"><div class=\"note\"><div class=\"notewarning\">- Neste Blogue, escreve-se em Portugu\u00eas \ud83c\uddf5\ud83c\uddf9 de Portugal (n\u00e3o adulterado pela coloniza\u00e7\u00e3o do AO).<\/div><\/div><\/p>\n<p><img loading=\"lazy\" decoding=\"async\" class=\"alignnone wp-image-1223\" src=\"https:\/\/inforgomes.pt\/cozinha\/wp-content\/uploads\/2023\/11\/0-coracao_transp.png\" alt=\"\" width=\"136\" height=\"122\" \/><img loading=\"lazy\" decoding=\"async\" class=\"alignnone wp-image-1758\" src=\"https:\/\/inforgomes.pt\/cozinha\/wp-content\/uploads\/2024\/03\/nao-AO.png\" alt=\"\" width=\"128\" height=\"128\" \/><img loading=\"lazy\" decoding=\"async\" class=\"alignnone wp-image-1791\" src=\"https:\/\/inforgomes.pt\/cozinha\/wp-content\/uploads\/2024\/03\/meio-ambiente.png\" alt=\"\" width=\"127\" height=\"130\" \/><\/p>\n<p>&nbsp;<\/p>\n<div class=\"pvc_clear\"><\/div>\n<p id=\"pvc_stats_1383\" class=\"pvc_stats all  \" data-element-id=\"1383\" style=\"\"><i class=\"pvc-stats-icon medium\" aria-hidden=\"true\"><svg aria-hidden=\"true\" focusable=\"false\" data-prefix=\"far\" data-icon=\"chart-bar\" role=\"img\" xmlns=\"http:\/\/www.w3.org\/2000\/svg\" viewBox=\"0 0 512 512\" class=\"svg-inline--fa fa-chart-bar fa-w-16 fa-2x\"><path fill=\"currentColor\" d=\"M396.8 352h22.4c6.4 0 12.8-6.4 12.8-12.8V108.8c0-6.4-6.4-12.8-12.8-12.8h-22.4c-6.4 0-12.8 6.4-12.8 12.8v230.4c0 6.4 6.4 12.8 12.8 12.8zm-192 0h22.4c6.4 0 12.8-6.4 12.8-12.8V140.8c0-6.4-6.4-12.8-12.8-12.8h-22.4c-6.4 0-12.8 6.4-12.8 12.8v198.4c0 6.4 6.4 12.8 12.8 12.8zm96 0h22.4c6.4 0 12.8-6.4 12.8-12.8V204.8c0-6.4-6.4-12.8-12.8-12.8h-22.4c-6.4 0-12.8 6.4-12.8 12.8v134.4c0 6.4 6.4 12.8 12.8 12.8zM496 400H48V80c0-8.84-7.16-16-16-16H16C7.16 64 0 71.16 0 80v336c0 17.67 14.33 32 32 32h464c8.84 0 16-7.16 16-16v-16c0-8.84-7.16-16-16-16zm-387.2-48h22.4c6.4 0 12.8-6.4 12.8-12.8v-70.4c0-6.4-6.4-12.8-12.8-12.8h-22.4c-6.4 0-12.8 6.4-12.8 12.8v70.4c0 6.4 6.4 12.8 12.8 12.8z\" class=\"\"><\/path><\/svg><\/i> <img loading=\"lazy\" decoding=\"async\" width=\"16\" height=\"16\" alt=\"Loading\" src=\"https:\/\/inforgomes.pt\/social\/wp-content\/plugins\/page-views-count\/ajax-loader-2x.gif\" border=0 \/><\/p>\n<div class=\"pvc_clear\"><\/div>\n","protected":false},"excerpt":{"rendered":"<p>1 0 &nbsp; \ud83c\uddf5\ud83c\uddf9\u00a0OPINI\u00c3O &#8220;Quantas divis\u00f5es tem o papa?\u201d, perguntou Joseph Stalin, no auge da Segunda Guerra Mundial, dando a entender que, sem Ex\u00e9rcitos, o Vaticano seria irrelevante na pol\u00edtica internacional. A hist\u00f3ria mostrou o contr\u00e1rio. A Queda do Muro &hellip; <a href=\"https:\/\/inforgomes.pt\/social\/quantas-divisoes-tem-o-papa\/\">Continue reading <span class=\"meta-nav\">&rarr;<\/span><\/a><\/p>\n<div class=\"pvc_clear\"><\/div>\n<p id=\"pvc_stats_1383\" class=\"pvc_stats all  \" data-element-id=\"1383\" style=\"\"><i class=\"pvc-stats-icon medium\" aria-hidden=\"true\"><svg aria-hidden=\"true\" focusable=\"false\" data-prefix=\"far\" data-icon=\"chart-bar\" role=\"img\" xmlns=\"http:\/\/www.w3.org\/2000\/svg\" viewBox=\"0 0 512 512\" class=\"svg-inline--fa fa-chart-bar fa-w-16 fa-2x\"><path fill=\"currentColor\" d=\"M396.8 352h22.4c6.4 0 12.8-6.4 12.8-12.8V108.8c0-6.4-6.4-12.8-12.8-12.8h-22.4c-6.4 0-12.8 6.4-12.8 12.8v230.4c0 6.4 6.4 12.8 12.8 12.8zm-192 0h22.4c6.4 0 12.8-6.4 12.8-12.8V140.8c0-6.4-6.4-12.8-12.8-12.8h-22.4c-6.4 0-12.8 6.4-12.8 12.8v198.4c0 6.4 6.4 12.8 12.8 12.8zm96 0h22.4c6.4 0 12.8-6.4 12.8-12.8V204.8c0-6.4-6.4-12.8-12.8-12.8h-22.4c-6.4 0-12.8 6.4-12.8 12.8v134.4c0 6.4 6.4 12.8 12.8 12.8zM496 400H48V80c0-8.84-7.16-16-16-16H16C7.16 64 0 71.16 0 80v336c0 17.67 14.33 32 32 32h464c8.84 0 16-7.16 16-16v-16c0-8.84-7.16-16-16-16zm-387.2-48h22.4c6.4 0 12.8-6.4 12.8-12.8v-70.4c0-6.4-6.4-12.8-12.8-12.8h-22.4c-6.4 0-12.8 6.4-12.8 12.8v70.4c0 6.4 6.4 12.8 12.8 12.8z\" class=\"\"><\/path><\/svg><\/i> <img loading=\"lazy\" decoding=\"async\" width=\"16\" height=\"16\" alt=\"Loading\" src=\"https:\/\/inforgomes.pt\/social\/wp-content\/plugins\/page-views-count\/ajax-loader-2x.gif\" border=0 \/><\/p>\n<div class=\"pvc_clear\"><\/div>\n","protected":false},"author":1,"featured_media":0,"comment_status":"open","ping_status":"open","sticky":false,"template":"","format":"standard","meta":{"footnotes":""},"categories":[189,3,4,14],"tags":[],"class_list":["post-1383","post","type-post","status-publish","format-standard","hentry","category-bernardo-ivo-cruz","category-diario-de-noticias","category-opiniao","category-portugal"],"a3_pvc":{"activated":true,"total_views":9,"today_views":0},"_links":{"self":[{"href":"https:\/\/inforgomes.pt\/social\/wp-json\/wp\/v2\/posts\/1383","targetHints":{"allow":["GET"]}}],"collection":[{"href":"https:\/\/inforgomes.pt\/social\/wp-json\/wp\/v2\/posts"}],"about":[{"href":"https:\/\/inforgomes.pt\/social\/wp-json\/wp\/v2\/types\/post"}],"author":[{"embeddable":true,"href":"https:\/\/inforgomes.pt\/social\/wp-json\/wp\/v2\/users\/1"}],"replies":[{"embeddable":true,"href":"https:\/\/inforgomes.pt\/social\/wp-json\/wp\/v2\/comments?post=1383"}],"version-history":[{"count":1,"href":"https:\/\/inforgomes.pt\/social\/wp-json\/wp\/v2\/posts\/1383\/revisions"}],"predecessor-version":[{"id":1385,"href":"https:\/\/inforgomes.pt\/social\/wp-json\/wp\/v2\/posts\/1383\/revisions\/1385"}],"wp:attachment":[{"href":"https:\/\/inforgomes.pt\/social\/wp-json\/wp\/v2\/media?parent=1383"}],"wp:term":[{"taxonomy":"category","embeddable":true,"href":"https:\/\/inforgomes.pt\/social\/wp-json\/wp\/v2\/categories?post=1383"},{"taxonomy":"post_tag","embeddable":true,"href":"https:\/\/inforgomes.pt\/social\/wp-json\/wp\/v2\/tags?post=1383"}],"curies":[{"name":"wp","href":"https:\/\/api.w.org\/{rel}","templated":true}]}}