{"id":1389,"date":"2026-04-20T10:34:49","date_gmt":"2026-04-20T09:34:49","guid":{"rendered":"https:\/\/inforgomes.pt\/social\/?p=1389"},"modified":"2026-04-20T10:34:49","modified_gmt":"2026-04-20T09:34:49","slug":"quem-tem-medo-da-transparencia","status":"publish","type":"post","link":"https:\/\/inforgomes.pt\/social\/quem-tem-medo-da-transparencia\/","title":{"rendered":"Quem tem medo da transpar\u00eancia?"},"content":{"rendered":"<div class=\"pld-like-dislike-wrap pld-template-1\">\r\n    <div class=\"pld-like-wrap  pld-common-wrap\">\r\n    <a href=\"javascript:void(0)\" class=\"pld-like-trigger pld-like-dislike-trigger  \" title=\"Gosto\" data-post-id=\"1389\" data-trigger-type=\"like\" data-restriction=\"no\" data-already-liked=\"0\">\r\n                        <i class=\"fas fa-thumbs-up\"><\/i>\r\n                <\/a>\r\n    <span class=\"pld-like-count-wrap pld-count-wrap\">1    <\/span>\r\n<\/div><div class=\"pld-dislike-wrap  pld-common-wrap\">\r\n    <a href=\"javascript:void(0)\" class=\"pld-dislike-trigger pld-like-dislike-trigger  \" title=\"N\u00e3o gosto\" data-post-id=\"1389\" data-trigger-type=\"dislike\" data-restriction=\"no\" data-already-liked=\"0\">\r\n                        <i class=\"fas fa-thumbs-down\"><\/i>\r\n                <\/a>\r\n    <span class=\"pld-dislike-count-wrap pld-count-wrap\">0<\/span>\r\n<\/div><\/div><p>&nbsp;<\/p>\n<p><span style=\"font-size: 20px; font-family: Aldrich; color: #ff0000;\" data-darkreader-inline-color=\"\"><span style=\"font-size: 36px;\">\ud83c\uddf5\ud83c\uddf9<\/span>\u00a0OPINI\u00c3O<\/span><\/p>\n<p style=\"text-align: justify;\"><img loading=\"lazy\" decoding=\"async\" class=\"alignleft size-full wp-image-1390\" src=\"https:\/\/inforgomes.pt\/social\/wp-content\/uploads\/2026\/04\/AndreSantosPereira.png\" alt=\"\" width=\"143\" height=\"145\" \/>Ciclicamente, o tema da transpar\u00eancia \u00e9 convocado para o centro do debate pol\u00edtico. Desta vez foi recuperado por Hugo Soares, l\u00edder parlamentar do PSD, ao defender que <a href=\"https:\/\/expresso.pt\/partidos-politicos\/2026-04-09-esta-tudo-mal-e-tudo-precisa-de-ser-revisitado-hugo-soares-defende-que-registo-de-interesses-nao-deve-ser-publico-fe530f09\" target=\"_blank\" rel=\"noopener\" aria-label=\"content\">a declara\u00e7\u00e3o de rendimentos e interesses deve deixar de ser de acesso p\u00fablico<\/a>. Este posicionamento, que lhe valeu severas <a href=\"https:\/\/expresso.pt\/parlamento\/2026-04-16-machadada-na-transparencia-oposicao-critica-hugo-soares-e-diz-que-registo-de-rendimentos-e-interesses-deve-continuar-publico-03dfddc4\" target=\"_blank\" rel=\"noopener\" aria-label=\"content\">cr\u00edticas da oposi\u00e7\u00e3o<\/a>, \u00e9 sintom\u00e1tico de um mal maior. N\u00e3o h\u00e1 representa\u00e7\u00e3o democr\u00e1tica de qualidade sem transpar\u00eancia.<\/p>\n<p style=\"text-align: justify;\">Quem exerce poder em nome de outros tem de aceitar o escrut\u00ednio. Relativizar a sua import\u00e2ncia \u00e9 contribuir para o desgaste das institui\u00e7\u00f5es e da pr\u00f3pria democracia. Nesse quesito, v\u00e1rios casos recentes servem de exemplo.<\/p>\n<p style=\"text-align: justify;\">O primeiro \u00e9 o da <a href=\"https:\/\/expresso.pt\/politica\/2025-04-10-o-maior-cliente-da-empresa-de-montenegro-esta-entre-os-principais-doadores-do-psd-051022b5\" target=\"_blank\" rel=\"noopener\" aria-label=\"content\">rela\u00e7\u00e3o<\/a> entre o principal cliente da empresa associada \u00e0 fam\u00edlia do primeiro-ministro e o financiamento do PSD; o segundo diz respeito \u00e0 <a href=\"https:\/\/cnnportugal.iol.pt\/amp\/psd\/chega\/psd-chega-e-ps-cinco-anos-depois-auditorias-pedem-explicacoes-sobre-dinheiro-sem-origem-conhecida\/20260416\/69e006ecd34e28842c82f60d\" target=\"_blank\" rel=\"noopener\" aria-label=\"content\">Entidade das Contas e Financiamentos Pol\u00edticos<\/a> que, cinco anos depois, continua a pedir explica\u00e7\u00f5es sobre dinheiro sem origem conhecida nas contas dos principais partidos; o terceiro e \u00faltimo \u00e9 o da <a href=\"https:\/\/www.publico.pt\/2026\/04\/15\/politica\/noticia\/deixou-possivel-saber-financia-partidos-campanhas-politicas-2171378\" target=\"_blank\" rel=\"noopener\" aria-label=\"content\">decis\u00e3o<\/a> que tornou inacess\u00edvel ao p\u00fablico a identidade de quem financia partidos e campanhas. Todos estes casos representam sintomas da fragilidade e da import\u00e2ncia dos mecanismos de escrut\u00ednio. Mas mais importante, representam um retrocesso na transpar\u00eancia.<\/p>\n<p style=\"text-align: justify;\">A rela\u00e7\u00e3o entre transpar\u00eancia, confian\u00e7a e integridade institucional est\u00e1 bem documentada. No plano institucional, a <a href=\"https:\/\/legalinstruments.oecd.org\/en\/instruments\/OECD-LEGAL-0435\" target=\"_blank\" rel=\"noopener\" aria-label=\"content\">OCDE<\/a> demonstra que a transpar\u00eancia s\u00f3 produz efeitos quando acompanhada de mecanismos eficazes de escrut\u00ednio e responsabiliza\u00e7\u00e3o. Isto suportado em <a href=\"https:\/\/www.oecd.org\/en\/topics\/trust-in-government.html\" target=\"_blank\" rel=\"noopener\" aria-label=\"content\">dados<\/a> que apontam para a sensibilidade do p\u00fablico \u00e0 percep\u00e7\u00e3o de abertura, integridade e capacidade de presta\u00e7\u00e3o de contas das institui\u00e7\u00f5es.<\/p>\n<p style=\"text-align: justify;\">Acad\u00e9micos como <a href=\"https:\/\/documents1.worldbank.org\/curated\/en\/436941546609601734\/pdf\/WP-Stiglitz-right-to-know-OUO-9.pdf\" target=\"_blank\" rel=\"noopener\" aria-label=\"content\">Stiglitz<\/a> ou <a href=\"https:\/\/press.jhu.edu\/books\/title\/1437\/developing-democracy\" target=\"_blank\" rel=\"noopener\" aria-label=\"content\">Larry Diamond<\/a> defendem que o direito \u00e0 informa\u00e7\u00e3o \u00e9 condi\u00e7\u00e3o para o debate p\u00fablico informado e que a qualidade da democracia depende da capacidade de os cidad\u00e3os controlarem efectivamente o poder pol\u00edtico. Quando esse controlo enfraquece, \u00e9 a pr\u00f3pria democracia que se desgasta.<\/p>\n<p style=\"text-align: justify;\">A eros\u00e3o da confian\u00e7a p\u00fablica nas institui\u00e7\u00f5es n\u00e3o resulta de um caso isolado, mas de sinais de opacidade cont\u00ednuos \u2013 estes mais preocupantes num contexto em que for\u00e7as populistas, radicais e abertamente antidemocr\u00e1ticas crescem na Europa, explorando a desconfian\u00e7a nas institui\u00e7\u00f5es representativas.<\/p>\n<p style=\"text-align: justify;\">A responsabilidade dos partidos \u00e9, por isso, ainda maior. N\u00e3o dizer nada \u00e9 contribuir para a descren\u00e7a. N\u00e3o aceitar o escrut\u00ednio \u00e9 alimentar a d\u00favida. E aceitar a generaliza\u00e7\u00e3o da ignor\u00e2ncia sobre quem financia, influencia, ou condiciona o exerc\u00edcio da representa\u00e7\u00e3o, \u00e9 dar muni\u00e7\u00f5es a quem quer enfraquecer a democracia por dentro.<\/p>\n<p style=\"text-align: justify;\">Com as j\u00e1 anunciadas iniciativas legislativas para alterar a Lei do Financiamento dos Partidos Pol\u00edticos e das Campanhas Eleitorais, est\u00e1 agora nas m\u00e3os dos partidos com assento parlamentar tomar uma decis\u00e3o. T\u00eam agora a oportunidade de reverter a decis\u00e3o, sujeitando-se ao escrut\u00ednio e debate que caracterizam as democracias representativas ou contribuir para menos informa\u00e7\u00e3o, mais opacidade e desconhecimento.<\/p>\n<p style=\"text-align: justify;\">A transpar\u00eancia \u00e9 desconfort\u00e1vel para quem exerce poder. \u00c9 precisamente por isso que \u00e9 indispens\u00e1vel.<\/p>\n<p style=\"text-align: justify;\"><a href=\"https:\/\/www.dn.pt\/opiniao-dn\/quem-tem-medo-da-transparncia\" target=\"_blank\" rel=\"noopener\">Di\u00e1rio de Not\u00edcias<\/a><br \/>\nAndr\u00e9 Santos Pereira<br \/>\nProfessor universit\u00e1rio e analista pol\u00edtico<br \/>\n20.04.2026<\/p>\n<p>Visita: <a href=\"https:\/\/www.counter12.com\"><img decoding=\"async\" src=\"https:\/\/www.counter12.com\/img-y5B40wA18ZW7cZy1-22.gif\" alt=\"free counter\" border=\"0\" \/><\/a><\/p>\n<p style=\"text-align: justify;\"><div class=\"note\"><div class=\"notewarning\">- Neste Blogue, escreve-se em Portugu\u00eas \ud83c\uddf5\ud83c\uddf9 de Portugal (n\u00e3o adulterado pela coloniza\u00e7\u00e3o do AO).<\/div><\/div><\/p>\n<p><img loading=\"lazy\" decoding=\"async\" class=\"alignnone wp-image-1223\" src=\"https:\/\/inforgomes.pt\/cozinha\/wp-content\/uploads\/2023\/11\/0-coracao_transp.png\" alt=\"\" width=\"136\" height=\"122\" \/><img loading=\"lazy\" decoding=\"async\" class=\"alignnone wp-image-1758\" src=\"https:\/\/inforgomes.pt\/cozinha\/wp-content\/uploads\/2024\/03\/nao-AO.png\" alt=\"\" width=\"128\" height=\"128\" \/><img loading=\"lazy\" decoding=\"async\" class=\"alignnone wp-image-1791\" src=\"https:\/\/inforgomes.pt\/cozinha\/wp-content\/uploads\/2024\/03\/meio-ambiente.png\" alt=\"\" width=\"127\" height=\"130\" \/><\/p>\n<p>&nbsp;<\/p>\n<div class=\"pvc_clear\"><\/div>\n<p id=\"pvc_stats_1389\" class=\"pvc_stats all  \" data-element-id=\"1389\" style=\"\"><i class=\"pvc-stats-icon medium\" aria-hidden=\"true\"><svg aria-hidden=\"true\" focusable=\"false\" data-prefix=\"far\" data-icon=\"chart-bar\" role=\"img\" xmlns=\"http:\/\/www.w3.org\/2000\/svg\" viewBox=\"0 0 512 512\" class=\"svg-inline--fa fa-chart-bar fa-w-16 fa-2x\"><path fill=\"currentColor\" d=\"M396.8 352h22.4c6.4 0 12.8-6.4 12.8-12.8V108.8c0-6.4-6.4-12.8-12.8-12.8h-22.4c-6.4 0-12.8 6.4-12.8 12.8v230.4c0 6.4 6.4 12.8 12.8 12.8zm-192 0h22.4c6.4 0 12.8-6.4 12.8-12.8V140.8c0-6.4-6.4-12.8-12.8-12.8h-22.4c-6.4 0-12.8 6.4-12.8 12.8v198.4c0 6.4 6.4 12.8 12.8 12.8zm96 0h22.4c6.4 0 12.8-6.4 12.8-12.8V204.8c0-6.4-6.4-12.8-12.8-12.8h-22.4c-6.4 0-12.8 6.4-12.8 12.8v134.4c0 6.4 6.4 12.8 12.8 12.8zM496 400H48V80c0-8.84-7.16-16-16-16H16C7.16 64 0 71.16 0 80v336c0 17.67 14.33 32 32 32h464c8.84 0 16-7.16 16-16v-16c0-8.84-7.16-16-16-16zm-387.2-48h22.4c6.4 0 12.8-6.4 12.8-12.8v-70.4c0-6.4-6.4-12.8-12.8-12.8h-22.4c-6.4 0-12.8 6.4-12.8 12.8v70.4c0 6.4 6.4 12.8 12.8 12.8z\" class=\"\"><\/path><\/svg><\/i> <img loading=\"lazy\" decoding=\"async\" width=\"16\" height=\"16\" alt=\"Loading\" src=\"https:\/\/inforgomes.pt\/social\/wp-content\/plugins\/page-views-count\/ajax-loader-2x.gif\" border=0 \/><\/p>\n<div class=\"pvc_clear\"><\/div>\n","protected":false},"excerpt":{"rendered":"<p>1 0 &nbsp; \ud83c\uddf5\ud83c\uddf9\u00a0OPINI\u00c3O Ciclicamente, o tema da transpar\u00eancia \u00e9 convocado para o centro do debate pol\u00edtico. Desta vez foi recuperado por Hugo Soares, l\u00edder parlamentar do PSD, ao defender que a declara\u00e7\u00e3o de rendimentos e interesses deve deixar de &hellip; <a href=\"https:\/\/inforgomes.pt\/social\/quem-tem-medo-da-transparencia\/\">Continue reading <span class=\"meta-nav\">&rarr;<\/span><\/a><\/p>\n<div class=\"pvc_clear\"><\/div>\n<p id=\"pvc_stats_1389\" class=\"pvc_stats all  \" data-element-id=\"1389\" style=\"\"><i class=\"pvc-stats-icon medium\" aria-hidden=\"true\"><svg aria-hidden=\"true\" focusable=\"false\" data-prefix=\"far\" data-icon=\"chart-bar\" role=\"img\" xmlns=\"http:\/\/www.w3.org\/2000\/svg\" viewBox=\"0 0 512 512\" class=\"svg-inline--fa fa-chart-bar fa-w-16 fa-2x\"><path fill=\"currentColor\" d=\"M396.8 352h22.4c6.4 0 12.8-6.4 12.8-12.8V108.8c0-6.4-6.4-12.8-12.8-12.8h-22.4c-6.4 0-12.8 6.4-12.8 12.8v230.4c0 6.4 6.4 12.8 12.8 12.8zm-192 0h22.4c6.4 0 12.8-6.4 12.8-12.8V140.8c0-6.4-6.4-12.8-12.8-12.8h-22.4c-6.4 0-12.8 6.4-12.8 12.8v198.4c0 6.4 6.4 12.8 12.8 12.8zm96 0h22.4c6.4 0 12.8-6.4 12.8-12.8V204.8c0-6.4-6.4-12.8-12.8-12.8h-22.4c-6.4 0-12.8 6.4-12.8 12.8v134.4c0 6.4 6.4 12.8 12.8 12.8zM496 400H48V80c0-8.84-7.16-16-16-16H16C7.16 64 0 71.16 0 80v336c0 17.67 14.33 32 32 32h464c8.84 0 16-7.16 16-16v-16c0-8.84-7.16-16-16-16zm-387.2-48h22.4c6.4 0 12.8-6.4 12.8-12.8v-70.4c0-6.4-6.4-12.8-12.8-12.8h-22.4c-6.4 0-12.8 6.4-12.8 12.8v70.4c0 6.4 6.4 12.8 12.8 12.8z\" class=\"\"><\/path><\/svg><\/i> <img loading=\"lazy\" decoding=\"async\" width=\"16\" height=\"16\" alt=\"Loading\" src=\"https:\/\/inforgomes.pt\/social\/wp-content\/plugins\/page-views-count\/ajax-loader-2x.gif\" border=0 \/><\/p>\n<div class=\"pvc_clear\"><\/div>\n","protected":false},"author":1,"featured_media":0,"comment_status":"open","ping_status":"open","sticky":false,"template":"","format":"standard","meta":{"footnotes":""},"categories":[332,354,3,4,14],"tags":[],"class_list":["post-1389","post","type-post","status-publish","format-standard","hentry","category-abril-2026","category-andre-santos-pereira","category-diario-de-noticias","category-opiniao","category-portugal"],"a3_pvc":{"activated":true,"total_views":7,"today_views":0},"_links":{"self":[{"href":"https:\/\/inforgomes.pt\/social\/wp-json\/wp\/v2\/posts\/1389","targetHints":{"allow":["GET"]}}],"collection":[{"href":"https:\/\/inforgomes.pt\/social\/wp-json\/wp\/v2\/posts"}],"about":[{"href":"https:\/\/inforgomes.pt\/social\/wp-json\/wp\/v2\/types\/post"}],"author":[{"embeddable":true,"href":"https:\/\/inforgomes.pt\/social\/wp-json\/wp\/v2\/users\/1"}],"replies":[{"embeddable":true,"href":"https:\/\/inforgomes.pt\/social\/wp-json\/wp\/v2\/comments?post=1389"}],"version-history":[{"count":1,"href":"https:\/\/inforgomes.pt\/social\/wp-json\/wp\/v2\/posts\/1389\/revisions"}],"predecessor-version":[{"id":1391,"href":"https:\/\/inforgomes.pt\/social\/wp-json\/wp\/v2\/posts\/1389\/revisions\/1391"}],"wp:attachment":[{"href":"https:\/\/inforgomes.pt\/social\/wp-json\/wp\/v2\/media?parent=1389"}],"wp:term":[{"taxonomy":"category","embeddable":true,"href":"https:\/\/inforgomes.pt\/social\/wp-json\/wp\/v2\/categories?post=1389"},{"taxonomy":"post_tag","embeddable":true,"href":"https:\/\/inforgomes.pt\/social\/wp-json\/wp\/v2\/tags?post=1389"}],"curies":[{"name":"wp","href":"https:\/\/api.w.org\/{rel}","templated":true}]}}