{"id":1392,"date":"2026-04-21T15:53:06","date_gmt":"2026-04-21T14:53:06","guid":{"rendered":"https:\/\/inforgomes.pt\/social\/?p=1392"},"modified":"2026-04-21T15:53:06","modified_gmt":"2026-04-21T14:53:06","slug":"erc-ja-recebeu-4200-queixas-por-declaracoes-de-cristina-ferreira","status":"publish","type":"post","link":"https:\/\/inforgomes.pt\/social\/erc-ja-recebeu-4200-queixas-por-declaracoes-de-cristina-ferreira\/","title":{"rendered":"ERC j\u00e1 recebeu 4200 queixas por declara\u00e7\u00f5es de Cristina Ferreira"},"content":{"rendered":"<div class=\"pld-like-dislike-wrap pld-template-1\">\r\n    <div class=\"pld-like-wrap  pld-common-wrap\">\r\n    <a href=\"javascript:void(0)\" class=\"pld-like-trigger pld-like-dislike-trigger  \" title=\"Gosto\" data-post-id=\"1392\" data-trigger-type=\"like\" data-restriction=\"no\" data-already-liked=\"0\">\r\n                        <i class=\"fas fa-thumbs-up\"><\/i>\r\n                <\/a>\r\n    <span class=\"pld-like-count-wrap pld-count-wrap\">1    <\/span>\r\n<\/div><div class=\"pld-dislike-wrap  pld-common-wrap\">\r\n    <a href=\"javascript:void(0)\" class=\"pld-dislike-trigger pld-like-dislike-trigger  \" title=\"N\u00e3o gosto\" data-post-id=\"1392\" data-trigger-type=\"dislike\" data-restriction=\"no\" data-already-liked=\"0\">\r\n                        <i class=\"fas fa-thumbs-down\"><\/i>\r\n                <\/a>\r\n    <span class=\"pld-dislike-count-wrap pld-count-wrap\">0<\/span>\r\n<\/div><\/div><p>&nbsp;<\/p>\n<p><span style=\"font-size: 20px; font-family: Aldrich; color: #ff0000; --darkreader-inline-color: var(--darkreader-text-ff0000, #ff1a1a);\" data-darkreader-inline-color=\"\"><span style=\"color: #00ff00;\" data-darkreader-inline-color=\"\"><span style=\"font-size: 36px;\">\ud83c\uddf5\ud83c\uddf9<\/span>\u00a0PORT<\/span>UGAL \/\/ SOCIAL \/\/ ERC \/\/ QUEIXAS<\/span><\/p>\n<p style=\"text-align: justify;\"><span style=\"font-size: 20px;\"><em>As participa\u00e7\u00f5es encontram-se em aprecia\u00e7\u00e3o pelos servi\u00e7os da ERC, no seguimento do procedimento de averigua\u00e7\u00f5es determinado pelo Conselho Regulador.<\/em><\/span><\/p>\n<p style=\"text-align: justify;\">A Entidade Reguladora para a Comunica\u00e7\u00e3o Social (ERC) recebeu at\u00e9 segunda-feira, 20 de Abril, 4.200 participa\u00e7\u00f5es sobre as declara\u00e7\u00f5es de Cristina Ferreira relativas \u00e0 viola\u00e7\u00e3o de uma menor, mais 900 que quinta-feira.<\/p>\n<p style=\"text-align: justify;\">Contactada pela Lusa, fonte oficial da ERC adiantou esta ter\u00e7a-feira, 21, que &#8220;o total de participa\u00e7\u00f5es actualizado ao dia de ontem [segunda-feira] ronda j\u00e1 as 4.200&#8221;.<\/p>\n<p style=\"text-align: justify;\">Em 16 de Abril, a ERC tinha recebido 3.300 participa\u00e7\u00f5es relativas \u00e0s declara\u00e7\u00f5es de Cristina Ferreira no programa &#8216;Dois \u00e0s 10&#8217;, da TVI.<\/p>\n<p style=\"text-align: justify;\">As participa\u00e7\u00f5es encontram-se em aprecia\u00e7\u00e3o pelos servi\u00e7os da ERC, no seguimento do procedimento de averigua\u00e7\u00f5es determinado pelo Conselho Regulador, adiantou, na semana passada, a mesma fonte.<\/p>\n<p style=\"text-align: justify;\">Em causa est\u00e3o as declara\u00e7\u00f5es de Cristina Ferreira na semana passada, no programa &#8216;Dois \u00e0s 10&#8217;, sobre o caso dos quatro &#8216;influencers&#8217; acusados de, em 2025, terem violado uma adolescente de 16 anos e filmado os actos sexuais, em Loures, que come\u00e7aram a ser julgados \u00e0 porta fechada na segunda-feira, 13 de Abril.<\/p>\n<p style=\"text-align: justify;\">&#8220;Porque n\u00f3s temos de falar disto. Porque \u00e9 assim: mesmo que ela tenha dito para parar, quando s\u00e3o quatro que est\u00e3o naquela adrenalina de estar a fazer sexo com uma rapariga, algu\u00e9m ouve? Claro que tem de ouvir, mas algu\u00e9m entende aquele: &#8221;N\u00e3o quero mais'&#8221;, questionou a apresentadora no programa da TVI, o que gerou pol\u00e9mica e as queixas \u00e0 ERC.<\/p>\n<p style=\"text-align: justify;\">Na sequ\u00eancia disso, na quarta-feira, a TVI emitiu um comunicado em que rejeita as acusa\u00e7\u00f5es de banaliza\u00e7\u00e3o de um caso de viola\u00e7\u00e3o discutido no programa, afirmando que a pergunta colocada por Cristina Ferreira foi descontextualizada e alvo de &#8220;manipula\u00e7\u00e3o grosseira&#8221;.<\/p>\n<p style=\"text-align: justify;\">&#8220;A pergunta aconteceu, o coment\u00e1rio n\u00e3o e muito menos a express\u00e3o da banaliza\u00e7\u00e3o do crime&#8221;, referiu a TVI, que criticou ainda a propaga\u00e7\u00e3o de acusa\u00e7\u00f5es nas redes sociais, que considera serem feitas de forma &#8220;gratuita e leviana&#8221;, indicando que ir\u00e1 recorrer aos tribunais para repor a justi\u00e7a.<\/p>\n<p style=\"text-align: justify;\">A Lusa contactou na semana passada a empresa e questionou quem escreveu o comunicado. Questionou tamb\u00e9m se o director-geral da TVI, Jos\u00e9 Eduardo Moniz, e o presidente executivo (CEO) da Media Capital, Pedro Morais Leit\u00e3o, consideram que aquela comunica\u00e7\u00e3o da TVI espelha a posi\u00e7\u00e3o do grupo. Fonte oficial respondeu que &#8220;o comunicado \u00e9 da TVI&#8221;.<\/p>\n<p style=\"text-align: justify;\">De acordo com a acusa\u00e7\u00e3o do Minist\u00e9rio P\u00fablico, os arguidos no caso referido t\u00eam actualmente entre 18 e 21 anos e respondem por um crime de viola\u00e7\u00e3o agravado e 27 crimes de pornografia de menores agravados.<\/p>\n<p style=\"text-align: justify;\">Um dos &#8216;influencers&#8217; est\u00e1 ainda acusado de tr\u00eas crimes de ofensa \u00e0 integridade f\u00edsica e outro de um da mesma natureza.<\/p>\n<p style=\"text-align: justify;\">O caso remonta a 12 de Fevereiro de 2025, quando a v\u00edtima se encontrou com os quatro arguidos, ent\u00e3o com canais nas redes sociais e p\u00fablicos significativos, num jardim p\u00fablico em Santo Ant\u00f3nio dos Cavaleiros, concelho de Loures, na \u00e1rea metropolitana de Lisboa.<\/p>\n<p style=\"text-align: justify;\">Segundo a acusa\u00e7\u00e3o, os actos sexuais, gravados com o telem\u00f3vel, ter\u00e3o come\u00e7ado de forma consensual no jardim p\u00fablico e continuado, contra a vontade da v\u00edtima, numa garagem pr\u00f3xima.<\/p>\n<p style=\"text-align: justify;\">DN\/Lusa<\/p>\n<p style=\"text-align: justify;\"><a href=\"https:\/\/www.dn.pt\/sociedade\/erc-j-recebeu-4200-queixas-por-declaraes-de-cristina-ferreira\" target=\"_blank\" rel=\"noopener\">Di\u00e1rio de Not\u00edcias<\/a><br \/>\n21.04.2026<\/p>\n<p>Visita: <a href=\"https:\/\/www.counter12.com\"><img decoding=\"async\" src=\"https:\/\/www.counter12.com\/img-zZ6W3abBZ8ZZax6Z-22.gif\" alt=\"conter12\" border=\"0\" \/><\/a><\/p>\n<p style=\"text-align: justify;\"><div class=\"note\"><div class=\"notewarning\">- Neste Blogue, escreve-se em Portugu\u00eas \ud83c\uddf5\ud83c\uddf9 de Portugal (n\u00e3o adulterado pela coloniza\u00e7\u00e3o do AO).<\/div><\/div><\/p>\n<p><img loading=\"lazy\" decoding=\"async\" class=\"alignnone wp-image-1223\" src=\"https:\/\/inforgomes.pt\/cozinha\/wp-content\/uploads\/2023\/11\/0-coracao_transp.png\" alt=\"\" width=\"136\" height=\"122\" \/><img loading=\"lazy\" decoding=\"async\" class=\"alignnone wp-image-1758\" src=\"https:\/\/inforgomes.pt\/cozinha\/wp-content\/uploads\/2024\/03\/nao-AO.png\" alt=\"\" width=\"128\" height=\"128\" \/><img loading=\"lazy\" decoding=\"async\" class=\"alignnone wp-image-1791\" src=\"https:\/\/inforgomes.pt\/cozinha\/wp-content\/uploads\/2024\/03\/meio-ambiente.png\" alt=\"\" width=\"127\" height=\"130\" \/><\/p>\n<p>&nbsp;<\/p>\n<div class=\"pvc_clear\"><\/div>\n<p id=\"pvc_stats_1392\" class=\"pvc_stats all  \" data-element-id=\"1392\" style=\"\"><i class=\"pvc-stats-icon medium\" aria-hidden=\"true\"><svg aria-hidden=\"true\" focusable=\"false\" data-prefix=\"far\" data-icon=\"chart-bar\" role=\"img\" xmlns=\"http:\/\/www.w3.org\/2000\/svg\" viewBox=\"0 0 512 512\" class=\"svg-inline--fa fa-chart-bar fa-w-16 fa-2x\"><path fill=\"currentColor\" d=\"M396.8 352h22.4c6.4 0 12.8-6.4 12.8-12.8V108.8c0-6.4-6.4-12.8-12.8-12.8h-22.4c-6.4 0-12.8 6.4-12.8 12.8v230.4c0 6.4 6.4 12.8 12.8 12.8zm-192 0h22.4c6.4 0 12.8-6.4 12.8-12.8V140.8c0-6.4-6.4-12.8-12.8-12.8h-22.4c-6.4 0-12.8 6.4-12.8 12.8v198.4c0 6.4 6.4 12.8 12.8 12.8zm96 0h22.4c6.4 0 12.8-6.4 12.8-12.8V204.8c0-6.4-6.4-12.8-12.8-12.8h-22.4c-6.4 0-12.8 6.4-12.8 12.8v134.4c0 6.4 6.4 12.8 12.8 12.8zM496 400H48V80c0-8.84-7.16-16-16-16H16C7.16 64 0 71.16 0 80v336c0 17.67 14.33 32 32 32h464c8.84 0 16-7.16 16-16v-16c0-8.84-7.16-16-16-16zm-387.2-48h22.4c6.4 0 12.8-6.4 12.8-12.8v-70.4c0-6.4-6.4-12.8-12.8-12.8h-22.4c-6.4 0-12.8 6.4-12.8 12.8v70.4c0 6.4 6.4 12.8 12.8 12.8z\" class=\"\"><\/path><\/svg><\/i> <img loading=\"lazy\" decoding=\"async\" width=\"16\" height=\"16\" alt=\"Loading\" src=\"https:\/\/inforgomes.pt\/social\/wp-content\/plugins\/page-views-count\/ajax-loader-2x.gif\" border=0 \/><\/p>\n<div class=\"pvc_clear\"><\/div>\n","protected":false},"excerpt":{"rendered":"<p>1 0 &nbsp; \ud83c\uddf5\ud83c\uddf9\u00a0PORTUGAL \/\/ SOCIAL \/\/ ERC \/\/ QUEIXAS As participa\u00e7\u00f5es encontram-se em aprecia\u00e7\u00e3o pelos servi\u00e7os da ERC, no seguimento do procedimento de averigua\u00e7\u00f5es determinado pelo Conselho Regulador. A Entidade Reguladora para a Comunica\u00e7\u00e3o Social (ERC) recebeu at\u00e9 segunda-feira, &hellip; <a href=\"https:\/\/inforgomes.pt\/social\/erc-ja-recebeu-4200-queixas-por-declaracoes-de-cristina-ferreira\/\">Continue reading <span class=\"meta-nav\">&rarr;<\/span><\/a><\/p>\n<div class=\"pvc_clear\"><\/div>\n<p id=\"pvc_stats_1392\" class=\"pvc_stats all  \" data-element-id=\"1392\" style=\"\"><i class=\"pvc-stats-icon medium\" aria-hidden=\"true\"><svg aria-hidden=\"true\" focusable=\"false\" data-prefix=\"far\" data-icon=\"chart-bar\" role=\"img\" xmlns=\"http:\/\/www.w3.org\/2000\/svg\" viewBox=\"0 0 512 512\" class=\"svg-inline--fa fa-chart-bar fa-w-16 fa-2x\"><path fill=\"currentColor\" d=\"M396.8 352h22.4c6.4 0 12.8-6.4 12.8-12.8V108.8c0-6.4-6.4-12.8-12.8-12.8h-22.4c-6.4 0-12.8 6.4-12.8 12.8v230.4c0 6.4 6.4 12.8 12.8 12.8zm-192 0h22.4c6.4 0 12.8-6.4 12.8-12.8V140.8c0-6.4-6.4-12.8-12.8-12.8h-22.4c-6.4 0-12.8 6.4-12.8 12.8v198.4c0 6.4 6.4 12.8 12.8 12.8zm96 0h22.4c6.4 0 12.8-6.4 12.8-12.8V204.8c0-6.4-6.4-12.8-12.8-12.8h-22.4c-6.4 0-12.8 6.4-12.8 12.8v134.4c0 6.4 6.4 12.8 12.8 12.8zM496 400H48V80c0-8.84-7.16-16-16-16H16C7.16 64 0 71.16 0 80v336c0 17.67 14.33 32 32 32h464c8.84 0 16-7.16 16-16v-16c0-8.84-7.16-16-16-16zm-387.2-48h22.4c6.4 0 12.8-6.4 12.8-12.8v-70.4c0-6.4-6.4-12.8-12.8-12.8h-22.4c-6.4 0-12.8 6.4-12.8 12.8v70.4c0 6.4 6.4 12.8 12.8 12.8z\" class=\"\"><\/path><\/svg><\/i> <img loading=\"lazy\" decoding=\"async\" width=\"16\" height=\"16\" alt=\"Loading\" src=\"https:\/\/inforgomes.pt\/social\/wp-content\/plugins\/page-views-count\/ajax-loader-2x.gif\" border=0 \/><\/p>\n<div class=\"pvc_clear\"><\/div>\n","protected":false},"author":1,"featured_media":0,"comment_status":"open","ping_status":"open","sticky":false,"template":"","format":"standard","meta":{"footnotes":""},"categories":[332,3,355,43,14,356,20,353],"tags":[],"class_list":["post-1392","post","type-post","status-publish","format-standard","hentry","category-abril-2026","category-diario-de-noticias","category-erc","category-lusa","category-portugal","category-queixas","category-tvi","category-violacoes"],"a3_pvc":{"activated":true,"total_views":4,"today_views":0},"_links":{"self":[{"href":"https:\/\/inforgomes.pt\/social\/wp-json\/wp\/v2\/posts\/1392","targetHints":{"allow":["GET"]}}],"collection":[{"href":"https:\/\/inforgomes.pt\/social\/wp-json\/wp\/v2\/posts"}],"about":[{"href":"https:\/\/inforgomes.pt\/social\/wp-json\/wp\/v2\/types\/post"}],"author":[{"embeddable":true,"href":"https:\/\/inforgomes.pt\/social\/wp-json\/wp\/v2\/users\/1"}],"replies":[{"embeddable":true,"href":"https:\/\/inforgomes.pt\/social\/wp-json\/wp\/v2\/comments?post=1392"}],"version-history":[{"count":1,"href":"https:\/\/inforgomes.pt\/social\/wp-json\/wp\/v2\/posts\/1392\/revisions"}],"predecessor-version":[{"id":1393,"href":"https:\/\/inforgomes.pt\/social\/wp-json\/wp\/v2\/posts\/1392\/revisions\/1393"}],"wp:attachment":[{"href":"https:\/\/inforgomes.pt\/social\/wp-json\/wp\/v2\/media?parent=1392"}],"wp:term":[{"taxonomy":"category","embeddable":true,"href":"https:\/\/inforgomes.pt\/social\/wp-json\/wp\/v2\/categories?post=1392"},{"taxonomy":"post_tag","embeddable":true,"href":"https:\/\/inforgomes.pt\/social\/wp-json\/wp\/v2\/tags?post=1392"}],"curies":[{"name":"wp","href":"https:\/\/api.w.org\/{rel}","templated":true}]}}