{"id":1398,"date":"2026-04-22T11:04:18","date_gmt":"2026-04-22T10:04:18","guid":{"rendered":"https:\/\/inforgomes.pt\/social\/?p=1398"},"modified":"2026-04-22T11:04:18","modified_gmt":"2026-04-22T10:04:18","slug":"a-figura-do-dia-cristina-ferreira","status":"publish","type":"post","link":"https:\/\/inforgomes.pt\/social\/a-figura-do-dia-cristina-ferreira\/","title":{"rendered":"A Figura do Dia. Cristina Ferreira"},"content":{"rendered":"<div class=\"pld-like-dislike-wrap pld-template-1\">\r\n    <div class=\"pld-like-wrap  pld-common-wrap\">\r\n    <a href=\"javascript:void(0)\" class=\"pld-like-trigger pld-like-dislike-trigger  \" title=\"Gosto\" data-post-id=\"1398\" data-trigger-type=\"like\" data-restriction=\"no\" data-already-liked=\"0\">\r\n                        <i class=\"fas fa-thumbs-up\"><\/i>\r\n                <\/a>\r\n    <span class=\"pld-like-count-wrap pld-count-wrap\">1    <\/span>\r\n<\/div><div class=\"pld-dislike-wrap  pld-common-wrap\">\r\n    <a href=\"javascript:void(0)\" class=\"pld-dislike-trigger pld-like-dislike-trigger  \" title=\"N\u00e3o gosto\" data-post-id=\"1398\" data-trigger-type=\"dislike\" data-restriction=\"no\" data-already-liked=\"0\">\r\n                        <i class=\"fas fa-thumbs-down\"><\/i>\r\n                <\/a>\r\n    <span class=\"pld-dislike-count-wrap pld-count-wrap\">0<\/span>\r\n<\/div><\/div><p>&nbsp;<\/p>\n<p><span style=\"font-size: 20px; font-family: Aldrich; color: #ff0000;\" data-darkreader-inline-color=\"\"><span style=\"font-size: 36px;\">\ud83c\uddf5\ud83c\uddf9<\/span>\u00a0OPINI\u00c3O<\/span><\/p>\n<p style=\"text-align: justify;\"><em><span style=\"font-size: 20px;\">A irrespons\u00e1vel opini\u00e3o de Cristina Ferreira n\u00e3o tem defesa poss\u00edvel \u2013 e o seu comunicado apenas amplificou o embara\u00e7o \u2013, mas talvez seja altura de perdermos um pouco de tempo com o essencial.<\/span><\/em><\/p>\n<div class=\"arr--element-container story-element-card-m_element-container__1ZeJL story-element-card-m_dark__1AX15\">\n<div class=\"arrow-component arr--text-element text-m_textElement__e3QEt text-m_dark__1TC18 \" data-test-id=\"text\" data-darkreader-inline-color=\"\">\n<p style=\"text-align: justify;\"><img loading=\"lazy\" decoding=\"async\" class=\"alignleft size-full wp-image-1269\" src=\"https:\/\/inforgomes.pt\/social\/wp-content\/uploads\/2026\/04\/LuisOsorio2.png\" alt=\"\" width=\"145\" height=\"150\" \/>O pa\u00eds medi\u00e1tico agitou-se e rasgou as vestes. Como era poss\u00edvel tal monstruosidade dita em directo por algu\u00e9m que tem a responsabilidade de falar para milh\u00f5es de pessoas? Como se pode desculpabilizar uma viola\u00e7\u00e3o feita a uma menor por quatro atrasados mentais? Como entender que a TVI n\u00e3o tivesse imediatamente retirado ila\u00e7\u00f5es?<\/p>\n<p style=\"text-align: justify;\">Podemos voltar ao tempo do pelourinho ou da salva\u00e7\u00e3o pela purifica\u00e7\u00e3o do fogo, mas a indigna\u00e7\u00e3o colectiva conseguiu pasmar-me. De repente, Cristina era o \u201cmal\u201d e n\u00e3o a consequ\u00eancia do que nos estamos a tornar.<\/p>\n<\/div>\n<\/div>\n<div class=\"arr--element-container story-element-card-m_element-container__1ZeJL story-element-card-m_dark__1AX15\" style=\"text-align: justify;\">\n<div class=\"arrow-component arr--bigfact-element big-fact-m_bigfact-element__3uAwv big-fact-m_dark__7a_KC \" data-test-id=\"bigfact\">\n<div class=\"big-fact-m_content__1u2Ul\">&#8220;Cristina Ferreira estar\u00e1 esta ter\u00e7a-feira no jornal da noite na TVI, entrevista em que se desculpar\u00e1 para que tudo possa voltar aos eixos. A audi\u00eancia ser\u00e1 medida e, como sempre, soberana. O resto \u00e9 folclore.&#8221;<\/div>\n<div class=\"big-fact-m_attribution__3XK_P big-fact-m_dark__7a_KC\" data-test-id=\"attribution\"><\/div>\n<\/div>\n<\/div>\n<div class=\"arr--element-container story-element-card-m_element-container__1ZeJL story-element-card-m_dark__1AX15\">\n<div class=\"arrow-component arr--text-element text-m_textElement__e3QEt text-m_dark__1TC18 \" data-test-id=\"text\" data-darkreader-inline-color=\"\">\n<p style=\"text-align: justify;\">Os programas com mais audi\u00eancia t\u00eam como protagonistas gente ordin\u00e1ria, amoral, abjecta e violenta. Temos programas em que agricultores procuram mulheres como se a televis\u00e3o se tivesse transformado num lugar de alterne. Temos muitas das nossas crian\u00e7as a dan\u00e7ar m\u00fasicas com letras em que os homens maltratam as mulheres e as rebaixam. Temos o Parlamento transformado numa tasca de vinho barato por culpa de deputados cujo partido n\u00e3o para de crescer. Temos tudo isso e mais o resto que aqui n\u00e3o cabe.<\/p>\n<p style=\"text-align: justify;\">Cristina Ferreira estar\u00e1 esta ter\u00e7a-feira no jornal da noite na TVI, entrevista em que se desculpar\u00e1 para que tudo possa voltar aos eixos. A audi\u00eancia ser\u00e1 medida e, como sempre, soberana. O resto \u00e9 folclore. At\u00e9 ao dia em que a indigna\u00e7\u00e3o seja em nome de um mundo novo que possa salvar-nos da bestialidade e do esgoto.<\/p>\n<p style=\"text-align: justify;\"><a href=\"https:\/\/www.dn.pt\/opiniao-dn\/a-figura-do-dia-cristina-ferreira\" target=\"_blank\" rel=\"noopener\">Di\u00e1rio de Not\u00edcias<\/a><br \/>\nLu\u00eds Os\u00f3rio<br \/>\nEscritor, jornalista e cronista<br \/>\n21.04.2026<\/p>\n<p><img loading=\"lazy\" decoding=\"async\" class=\"alignnone size-full wp-image-323\" src=\"https:\/\/inforgomes.pt\/social\/wp-content\/uploads\/2025\/11\/palmas.gif\" alt=\"\" width=\"152\" height=\"160\" \/><\/p>\n<p>Visita: <a href=\"https:\/\/www.counter12.com\"><img decoding=\"async\" src=\"https:\/\/www.counter12.com\/img-Yaz9z3w9B8wb1z0A-22.gif\" alt=\"conter12\" border=\"0\" \/><\/a><\/p>\n<p style=\"text-align: justify;\"><div class=\"note\"><div class=\"notewarning\">- Neste Blogue, escreve-se em Portugu\u00eas \ud83c\uddf5\ud83c\uddf9 de Portugal (n\u00e3o adulterado pela coloniza\u00e7\u00e3o do AO).<\/div><\/div><\/p>\n<p><img loading=\"lazy\" decoding=\"async\" class=\"alignnone wp-image-1223\" src=\"https:\/\/inforgomes.pt\/cozinha\/wp-content\/uploads\/2023\/11\/0-coracao_transp.png\" alt=\"\" width=\"136\" height=\"122\" \/><img loading=\"lazy\" decoding=\"async\" class=\"alignnone wp-image-1758\" src=\"https:\/\/inforgomes.pt\/cozinha\/wp-content\/uploads\/2024\/03\/nao-AO.png\" alt=\"\" width=\"128\" height=\"128\" \/><img loading=\"lazy\" decoding=\"async\" class=\"alignnone wp-image-1791\" src=\"https:\/\/inforgomes.pt\/cozinha\/wp-content\/uploads\/2024\/03\/meio-ambiente.png\" alt=\"\" width=\"127\" height=\"130\" \/><\/p>\n<p>&nbsp;<\/p>\n<\/div>\n<\/div>\n<div class=\"pvc_clear\"><\/div>\n<p id=\"pvc_stats_1398\" class=\"pvc_stats all  \" data-element-id=\"1398\" style=\"\"><i class=\"pvc-stats-icon medium\" aria-hidden=\"true\"><svg aria-hidden=\"true\" focusable=\"false\" data-prefix=\"far\" data-icon=\"chart-bar\" role=\"img\" xmlns=\"http:\/\/www.w3.org\/2000\/svg\" viewBox=\"0 0 512 512\" class=\"svg-inline--fa fa-chart-bar fa-w-16 fa-2x\"><path fill=\"currentColor\" d=\"M396.8 352h22.4c6.4 0 12.8-6.4 12.8-12.8V108.8c0-6.4-6.4-12.8-12.8-12.8h-22.4c-6.4 0-12.8 6.4-12.8 12.8v230.4c0 6.4 6.4 12.8 12.8 12.8zm-192 0h22.4c6.4 0 12.8-6.4 12.8-12.8V140.8c0-6.4-6.4-12.8-12.8-12.8h-22.4c-6.4 0-12.8 6.4-12.8 12.8v198.4c0 6.4 6.4 12.8 12.8 12.8zm96 0h22.4c6.4 0 12.8-6.4 12.8-12.8V204.8c0-6.4-6.4-12.8-12.8-12.8h-22.4c-6.4 0-12.8 6.4-12.8 12.8v134.4c0 6.4 6.4 12.8 12.8 12.8zM496 400H48V80c0-8.84-7.16-16-16-16H16C7.16 64 0 71.16 0 80v336c0 17.67 14.33 32 32 32h464c8.84 0 16-7.16 16-16v-16c0-8.84-7.16-16-16-16zm-387.2-48h22.4c6.4 0 12.8-6.4 12.8-12.8v-70.4c0-6.4-6.4-12.8-12.8-12.8h-22.4c-6.4 0-12.8 6.4-12.8 12.8v70.4c0 6.4 6.4 12.8 12.8 12.8z\" class=\"\"><\/path><\/svg><\/i> <img loading=\"lazy\" decoding=\"async\" width=\"16\" height=\"16\" alt=\"Loading\" src=\"https:\/\/inforgomes.pt\/social\/wp-content\/plugins\/page-views-count\/ajax-loader-2x.gif\" border=0 \/><\/p>\n<div class=\"pvc_clear\"><\/div>\n","protected":false},"excerpt":{"rendered":"<p>1 0 &nbsp; \ud83c\uddf5\ud83c\uddf9\u00a0OPINI\u00c3O A irrespons\u00e1vel opini\u00e3o de Cristina Ferreira n\u00e3o tem defesa poss\u00edvel \u2013 e o seu comunicado apenas amplificou o embara\u00e7o \u2013, mas talvez seja altura de perdermos um pouco de tempo com o essencial. O pa\u00eds medi\u00e1tico &hellip; <a href=\"https:\/\/inforgomes.pt\/social\/a-figura-do-dia-cristina-ferreira\/\">Continue reading <span class=\"meta-nav\">&rarr;<\/span><\/a><\/p>\n<div class=\"pvc_clear\"><\/div>\n<p id=\"pvc_stats_1398\" class=\"pvc_stats all  \" data-element-id=\"1398\" style=\"\"><i class=\"pvc-stats-icon medium\" aria-hidden=\"true\"><svg aria-hidden=\"true\" focusable=\"false\" data-prefix=\"far\" data-icon=\"chart-bar\" role=\"img\" xmlns=\"http:\/\/www.w3.org\/2000\/svg\" viewBox=\"0 0 512 512\" class=\"svg-inline--fa fa-chart-bar fa-w-16 fa-2x\"><path fill=\"currentColor\" d=\"M396.8 352h22.4c6.4 0 12.8-6.4 12.8-12.8V108.8c0-6.4-6.4-12.8-12.8-12.8h-22.4c-6.4 0-12.8 6.4-12.8 12.8v230.4c0 6.4 6.4 12.8 12.8 12.8zm-192 0h22.4c6.4 0 12.8-6.4 12.8-12.8V140.8c0-6.4-6.4-12.8-12.8-12.8h-22.4c-6.4 0-12.8 6.4-12.8 12.8v198.4c0 6.4 6.4 12.8 12.8 12.8zm96 0h22.4c6.4 0 12.8-6.4 12.8-12.8V204.8c0-6.4-6.4-12.8-12.8-12.8h-22.4c-6.4 0-12.8 6.4-12.8 12.8v134.4c0 6.4 6.4 12.8 12.8 12.8zM496 400H48V80c0-8.84-7.16-16-16-16H16C7.16 64 0 71.16 0 80v336c0 17.67 14.33 32 32 32h464c8.84 0 16-7.16 16-16v-16c0-8.84-7.16-16-16-16zm-387.2-48h22.4c6.4 0 12.8-6.4 12.8-12.8v-70.4c0-6.4-6.4-12.8-12.8-12.8h-22.4c-6.4 0-12.8 6.4-12.8 12.8v70.4c0 6.4 6.4 12.8 12.8 12.8z\" class=\"\"><\/path><\/svg><\/i> <img loading=\"lazy\" decoding=\"async\" width=\"16\" height=\"16\" alt=\"Loading\" src=\"https:\/\/inforgomes.pt\/social\/wp-content\/plugins\/page-views-count\/ajax-loader-2x.gif\" border=0 \/><\/p>\n<div class=\"pvc_clear\"><\/div>\n","protected":false},"author":1,"featured_media":0,"comment_status":"open","ping_status":"open","sticky":false,"template":"","format":"standard","meta":{"footnotes":""},"categories":[332,3,247,4,14],"tags":[],"class_list":["post-1398","post","type-post","status-publish","format-standard","hentry","category-abril-2026","category-diario-de-noticias","category-luis-osorio","category-opiniao","category-portugal"],"a3_pvc":{"activated":true,"total_views":7,"today_views":1},"_links":{"self":[{"href":"https:\/\/inforgomes.pt\/social\/wp-json\/wp\/v2\/posts\/1398","targetHints":{"allow":["GET"]}}],"collection":[{"href":"https:\/\/inforgomes.pt\/social\/wp-json\/wp\/v2\/posts"}],"about":[{"href":"https:\/\/inforgomes.pt\/social\/wp-json\/wp\/v2\/types\/post"}],"author":[{"embeddable":true,"href":"https:\/\/inforgomes.pt\/social\/wp-json\/wp\/v2\/users\/1"}],"replies":[{"embeddable":true,"href":"https:\/\/inforgomes.pt\/social\/wp-json\/wp\/v2\/comments?post=1398"}],"version-history":[{"count":1,"href":"https:\/\/inforgomes.pt\/social\/wp-json\/wp\/v2\/posts\/1398\/revisions"}],"predecessor-version":[{"id":1399,"href":"https:\/\/inforgomes.pt\/social\/wp-json\/wp\/v2\/posts\/1398\/revisions\/1399"}],"wp:attachment":[{"href":"https:\/\/inforgomes.pt\/social\/wp-json\/wp\/v2\/media?parent=1398"}],"wp:term":[{"taxonomy":"category","embeddable":true,"href":"https:\/\/inforgomes.pt\/social\/wp-json\/wp\/v2\/categories?post=1398"},{"taxonomy":"post_tag","embeddable":true,"href":"https:\/\/inforgomes.pt\/social\/wp-json\/wp\/v2\/tags?post=1398"}],"curies":[{"name":"wp","href":"https:\/\/api.w.org\/{rel}","templated":true}]}}