{"id":1404,"date":"2026-04-23T14:56:00","date_gmt":"2026-04-23T13:56:00","guid":{"rendered":"https:\/\/inforgomes.pt\/social\/?p=1404"},"modified":"2026-04-23T14:56:00","modified_gmt":"2026-04-23T13:56:00","slug":"mau-tempo-esta-mesmo-de-volta-a-portugal-afinal-o-que-podemos-esperar","status":"publish","type":"post","link":"https:\/\/inforgomes.pt\/social\/mau-tempo-esta-mesmo-de-volta-a-portugal-afinal-o-que-podemos-esperar\/","title":{"rendered":"Mau tempo est\u00e1 mesmo de volta a Portugal? Afinal, o que podemos esperar?"},"content":{"rendered":"<div class=\"pld-like-dislike-wrap pld-template-1\">\r\n    <div class=\"pld-like-wrap  pld-common-wrap\">\r\n    <a href=\"javascript:void(0)\" class=\"pld-like-trigger pld-like-dislike-trigger  \" title=\"Gosto\" data-post-id=\"1404\" data-trigger-type=\"like\" data-restriction=\"no\" data-already-liked=\"0\">\r\n                        <i class=\"fas fa-thumbs-up\"><\/i>\r\n                <\/a>\r\n    <span class=\"pld-like-count-wrap pld-count-wrap\">1    <\/span>\r\n<\/div><div class=\"pld-dislike-wrap  pld-common-wrap\">\r\n    <a href=\"javascript:void(0)\" class=\"pld-dislike-trigger pld-like-dislike-trigger  \" title=\"N\u00e3o gosto\" data-post-id=\"1404\" data-trigger-type=\"dislike\" data-restriction=\"no\" data-already-liked=\"0\">\r\n                        <i class=\"fas fa-thumbs-down\"><\/i>\r\n                <\/a>\r\n    <span class=\"pld-dislike-count-wrap pld-count-wrap\">0<\/span>\r\n<\/div><\/div><p>&nbsp;<\/p>\n<p><span style=\"font-size: 20px; font-family: Aldrich; color: #ff0000; --darkreader-inline-color: var(--darkreader-text-ff0000, #ff1a1a);\" data-darkreader-inline-color=\"\"><span style=\"color: #00ff00;\" data-darkreader-inline-color=\"\"><span style=\"font-size: 36px;\">\ud83c\uddf5\ud83c\uddf9<\/span>\u00a0PORT<\/span>UGAL \/\/ METEOROLOGIA \/\/ MAU TEMPO<\/span><\/p>\n<p style=\"text-align: justify;\">Tem havido muitas oscila\u00e7\u00f5es no que toca \u00e0 meteorologia e parece que j\u00e1 n\u00e3o sabemos quando faz sol ou faz frio. E sempre que ouvimos falar em tempestade, o pensamento corre imediatamente para cen\u00e1rios mais graves, muito por culpa do que aconteceu h\u00e1 poucos meses em <a href=\"https:\/\/versa.iol.pt\/depressao-kristin\/mau-tempo\/queres-ajudar-as-pessoas-afetadas-pela-depressao-kristin-dizemos-te-como\/20260130\/697cab7bd34e92a3449838a9\" target=\"_blank\" rel=\"noopener\" data-t=\"{&quot;n&quot;:&quot;destination&quot;,&quot;t&quot;:13,&quot;a&quot;:&quot;click&quot;,&quot;b&quot;:1,&quot;c.t&quot;:7}\">cidades como Leiria<\/a>. Mas, felizmente, a depress\u00e3o que afectou Portugal esta ter\u00e7a-feira, 21 de Abril, vai j\u00e1 embora.<\/p>\n<div id=\"attachment_1405\" style=\"width: 778px\" class=\"wp-caption aligncenter\"><img loading=\"lazy\" decoding=\"async\" aria-describedby=\"caption-attachment-1405\" class=\"size-full wp-image-1405\" src=\"https:\/\/inforgomes.pt\/social\/wp-content\/uploads\/2026\/04\/versa22042026.png\" alt=\"\" width=\"768\" height=\"512\" srcset=\"https:\/\/inforgomes.pt\/social\/wp-content\/uploads\/2026\/04\/versa22042026.png 768w, https:\/\/inforgomes.pt\/social\/wp-content\/uploads\/2026\/04\/versa22042026-300x200.png 300w, https:\/\/inforgomes.pt\/social\/wp-content\/uploads\/2026\/04\/versa22042026-450x300.png 450w\" sizes=\"auto, (max-width: 768px) 100vw, 768px\" \/><p id=\"caption-attachment-1405\" class=\"wp-caption-text\">Meteorologia | Fotografia: Sebnem Coskun\/Anadolu via Getty Images<br \/>\u00a9 VERSA<\/p><\/div>\n<p style=\"text-align: justify;\">Ora a partir desta\u00a0quarta-feira, 22,\u00a0a massa de ar muito quente que passou em Portugal nos \u00faltimos dias ser\u00e1 substitu\u00edda por uma massa de ar mais frio vinda do Atl\u00e2ntico, o que resultar\u00e1 numa descida das temperaturas para n\u00edveis mais t\u00edpicos da esta\u00e7\u00e3o,\u00a0de acordo com o\u00a0<a href=\"https:\/\/www.tempo.pt\/noticias\/previsao\/mudancas-em-portugal-na-proxima-semana-emergem-nos-mapas-uma-tempestade-e-um-anticiclone-anomalos.html\" target=\"_blank\" rel=\"noreferrer noopener nofollow\" data-t=\"{&quot;n&quot;:&quot;destination&quot;,&quot;t&quot;:13,&quot;a&quot;:&quot;click&quot;,&quot;b&quot;:1,&quot;c.t&quot;:7}\">Meteored<\/a>.<\/p>\n<p style=\"text-align: justify;\">Este cen\u00e1rio deve-se\u00a0\u00e0 intensidade dos centros de press\u00e3o que ir\u00e3o dominar o Atl\u00e2ntico Norte: por um lado, um anticiclone nas proximidades da Isl\u00e2ndia apresentar\u00e1 valores de press\u00e3o muito elevados; por outro, uma depress\u00e3o a norte dos A\u00e7ores atingir\u00e1 n\u00edveis de press\u00e3o bastante baixos.<\/p>\n<p style=\"text-align: justify;\">J\u00e1 na\u00a0quinta-feira, 23, o tempo dever\u00e1 manter-se maioritariamente seco, embora com aumento de nebulosidade e possibilidade de chuvisco em algumas zonas do interior alentejano e do sotavento algarvio.<\/p>\n<p style=\"text-align: justify;\">Contudo, a instabilidade poder\u00e1 regressar com mais for\u00e7a na sexta-feira, 24, dia em que se prev\u00ea um aumento da frequ\u00eancia e intensidade dos aguaceiros e trovoadas, podendo abranger uma \u00e1rea mais vasta do territ\u00f3rio. Existe ainda alguma incerteza quanto ao fim de semana prolongado do 25 de Abril, mas n\u00e3o se exclui a continuidade deste padr\u00e3o inst\u00e1vel.<\/p>\n<p style=\"text-align: justify;\"><a href=\"https:\/\/www.msn.com\/pt-pt\/noticias\/other\/mau-tempo-est%C3%A1-mesmo-de-volta-a-portugal-afinal-o-que-podemos-esperar\/ar-AA21toNW\" target=\"_blank\" rel=\"noopener\">Versa<\/a><br \/>\nRafaela Sim\u00f5es<br \/>\n22.04.2026<\/p>\n<p>Visita: <a href=\"https:\/\/www.counter12.com\"><img decoding=\"async\" src=\"https:\/\/www.counter12.com\/img-Yaz9z3w9B8wb1z0A-22.gif\" alt=\"conter12\" border=\"0\" \/><\/a><\/p>\n<p style=\"text-align: justify;\"><div class=\"note\"><div class=\"notewarning\">- Neste Blogue, escreve-se em Portugu\u00eas \ud83c\uddf5\ud83c\uddf9 de Portugal (n\u00e3o adulterado pela coloniza\u00e7\u00e3o do AO).<\/div><\/div><\/p>\n<p><img loading=\"lazy\" decoding=\"async\" class=\"alignnone wp-image-1223\" src=\"https:\/\/inforgomes.pt\/cozinha\/wp-content\/uploads\/2023\/11\/0-coracao_transp.png\" alt=\"\" width=\"136\" height=\"122\" \/><img loading=\"lazy\" decoding=\"async\" class=\"alignnone wp-image-1758\" src=\"https:\/\/inforgomes.pt\/cozinha\/wp-content\/uploads\/2024\/03\/nao-AO.png\" alt=\"\" width=\"128\" height=\"128\" \/><img loading=\"lazy\" decoding=\"async\" class=\"alignnone wp-image-1791\" src=\"https:\/\/inforgomes.pt\/cozinha\/wp-content\/uploads\/2024\/03\/meio-ambiente.png\" alt=\"\" width=\"127\" height=\"130\" \/><\/p>\n<p>&nbsp;<\/p>\n<div class=\"pvc_clear\"><\/div>\n<p id=\"pvc_stats_1404\" class=\"pvc_stats all  \" data-element-id=\"1404\" style=\"\"><i class=\"pvc-stats-icon medium\" aria-hidden=\"true\"><svg aria-hidden=\"true\" focusable=\"false\" data-prefix=\"far\" data-icon=\"chart-bar\" role=\"img\" xmlns=\"http:\/\/www.w3.org\/2000\/svg\" viewBox=\"0 0 512 512\" class=\"svg-inline--fa fa-chart-bar fa-w-16 fa-2x\"><path fill=\"currentColor\" d=\"M396.8 352h22.4c6.4 0 12.8-6.4 12.8-12.8V108.8c0-6.4-6.4-12.8-12.8-12.8h-22.4c-6.4 0-12.8 6.4-12.8 12.8v230.4c0 6.4 6.4 12.8 12.8 12.8zm-192 0h22.4c6.4 0 12.8-6.4 12.8-12.8V140.8c0-6.4-6.4-12.8-12.8-12.8h-22.4c-6.4 0-12.8 6.4-12.8 12.8v198.4c0 6.4 6.4 12.8 12.8 12.8zm96 0h22.4c6.4 0 12.8-6.4 12.8-12.8V204.8c0-6.4-6.4-12.8-12.8-12.8h-22.4c-6.4 0-12.8 6.4-12.8 12.8v134.4c0 6.4 6.4 12.8 12.8 12.8zM496 400H48V80c0-8.84-7.16-16-16-16H16C7.16 64 0 71.16 0 80v336c0 17.67 14.33 32 32 32h464c8.84 0 16-7.16 16-16v-16c0-8.84-7.16-16-16-16zm-387.2-48h22.4c6.4 0 12.8-6.4 12.8-12.8v-70.4c0-6.4-6.4-12.8-12.8-12.8h-22.4c-6.4 0-12.8 6.4-12.8 12.8v70.4c0 6.4 6.4 12.8 12.8 12.8z\" class=\"\"><\/path><\/svg><\/i> <img loading=\"lazy\" decoding=\"async\" width=\"16\" height=\"16\" alt=\"Loading\" src=\"https:\/\/inforgomes.pt\/social\/wp-content\/plugins\/page-views-count\/ajax-loader-2x.gif\" border=0 \/><\/p>\n<div class=\"pvc_clear\"><\/div>\n","protected":false},"excerpt":{"rendered":"<p>1 0 &nbsp; \ud83c\uddf5\ud83c\uddf9\u00a0PORTUGAL \/\/ METEOROLOGIA \/\/ MAU TEMPO Tem havido muitas oscila\u00e7\u00f5es no que toca \u00e0 meteorologia e parece que j\u00e1 n\u00e3o sabemos quando faz sol ou faz frio. E sempre que ouvimos falar em tempestade, o pensamento corre &hellip; <a href=\"https:\/\/inforgomes.pt\/social\/mau-tempo-esta-mesmo-de-volta-a-portugal-afinal-o-que-podemos-esperar\/\">Continue reading <span class=\"meta-nav\">&rarr;<\/span><\/a><\/p>\n<div class=\"pvc_clear\"><\/div>\n<p id=\"pvc_stats_1404\" class=\"pvc_stats all  \" data-element-id=\"1404\" style=\"\"><i class=\"pvc-stats-icon medium\" aria-hidden=\"true\"><svg aria-hidden=\"true\" focusable=\"false\" data-prefix=\"far\" data-icon=\"chart-bar\" role=\"img\" xmlns=\"http:\/\/www.w3.org\/2000\/svg\" viewBox=\"0 0 512 512\" class=\"svg-inline--fa fa-chart-bar fa-w-16 fa-2x\"><path fill=\"currentColor\" d=\"M396.8 352h22.4c6.4 0 12.8-6.4 12.8-12.8V108.8c0-6.4-6.4-12.8-12.8-12.8h-22.4c-6.4 0-12.8 6.4-12.8 12.8v230.4c0 6.4 6.4 12.8 12.8 12.8zm-192 0h22.4c6.4 0 12.8-6.4 12.8-12.8V140.8c0-6.4-6.4-12.8-12.8-12.8h-22.4c-6.4 0-12.8 6.4-12.8 12.8v198.4c0 6.4 6.4 12.8 12.8 12.8zm96 0h22.4c6.4 0 12.8-6.4 12.8-12.8V204.8c0-6.4-6.4-12.8-12.8-12.8h-22.4c-6.4 0-12.8 6.4-12.8 12.8v134.4c0 6.4 6.4 12.8 12.8 12.8zM496 400H48V80c0-8.84-7.16-16-16-16H16C7.16 64 0 71.16 0 80v336c0 17.67 14.33 32 32 32h464c8.84 0 16-7.16 16-16v-16c0-8.84-7.16-16-16-16zm-387.2-48h22.4c6.4 0 12.8-6.4 12.8-12.8v-70.4c0-6.4-6.4-12.8-12.8-12.8h-22.4c-6.4 0-12.8 6.4-12.8 12.8v70.4c0 6.4 6.4 12.8 12.8 12.8z\" class=\"\"><\/path><\/svg><\/i> <img loading=\"lazy\" decoding=\"async\" width=\"16\" height=\"16\" alt=\"Loading\" src=\"https:\/\/inforgomes.pt\/social\/wp-content\/plugins\/page-views-count\/ajax-loader-2x.gif\" border=0 \/><\/p>\n<div class=\"pvc_clear\"><\/div>\n","protected":false},"author":1,"featured_media":0,"comment_status":"open","ping_status":"open","sticky":false,"template":"","format":"standard","meta":{"footnotes":""},"categories":[332,51,52,14,145],"tags":[],"class_list":["post-1404","post","type-post","status-publish","format-standard","hentry","category-abril-2026","category-mau-tempo","category-meteorologia","category-portugal","category-versa"],"a3_pvc":{"activated":true,"total_views":5,"today_views":0},"_links":{"self":[{"href":"https:\/\/inforgomes.pt\/social\/wp-json\/wp\/v2\/posts\/1404","targetHints":{"allow":["GET"]}}],"collection":[{"href":"https:\/\/inforgomes.pt\/social\/wp-json\/wp\/v2\/posts"}],"about":[{"href":"https:\/\/inforgomes.pt\/social\/wp-json\/wp\/v2\/types\/post"}],"author":[{"embeddable":true,"href":"https:\/\/inforgomes.pt\/social\/wp-json\/wp\/v2\/users\/1"}],"replies":[{"embeddable":true,"href":"https:\/\/inforgomes.pt\/social\/wp-json\/wp\/v2\/comments?post=1404"}],"version-history":[{"count":1,"href":"https:\/\/inforgomes.pt\/social\/wp-json\/wp\/v2\/posts\/1404\/revisions"}],"predecessor-version":[{"id":1407,"href":"https:\/\/inforgomes.pt\/social\/wp-json\/wp\/v2\/posts\/1404\/revisions\/1407"}],"wp:attachment":[{"href":"https:\/\/inforgomes.pt\/social\/wp-json\/wp\/v2\/media?parent=1404"}],"wp:term":[{"taxonomy":"category","embeddable":true,"href":"https:\/\/inforgomes.pt\/social\/wp-json\/wp\/v2\/categories?post=1404"},{"taxonomy":"post_tag","embeddable":true,"href":"https:\/\/inforgomes.pt\/social\/wp-json\/wp\/v2\/tags?post=1404"}],"curies":[{"name":"wp","href":"https:\/\/api.w.org\/{rel}","templated":true}]}}