{"id":1415,"date":"2026-04-24T09:12:55","date_gmt":"2026-04-24T08:12:55","guid":{"rendered":"https:\/\/inforgomes.pt\/social\/?p=1415"},"modified":"2026-04-24T09:13:19","modified_gmt":"2026-04-24T08:13:19","slug":"vem-ai-um-mes-de-chuva-a-menos-e-calor-a-mais-o-que-esperar","status":"publish","type":"post","link":"https:\/\/inforgomes.pt\/social\/vem-ai-um-mes-de-chuva-a-menos-e-calor-a-mais-o-que-esperar\/","title":{"rendered":"Vem a\u00ed um m\u00eas de chuva a menos e calor a mais: O que esperar?"},"content":{"rendered":"<div class=\"pld-like-dislike-wrap pld-template-1\">\r\n    <div class=\"pld-like-wrap  pld-common-wrap\">\r\n    <a href=\"javascript:void(0)\" class=\"pld-like-trigger pld-like-dislike-trigger  \" title=\"Gosto\" data-post-id=\"1415\" data-trigger-type=\"like\" data-restriction=\"no\" data-already-liked=\"0\">\r\n                        <i class=\"fas fa-thumbs-up\"><\/i>\r\n                <\/a>\r\n    <span class=\"pld-like-count-wrap pld-count-wrap\">0    <\/span>\r\n<\/div><div class=\"pld-dislike-wrap  pld-common-wrap\">\r\n    <a href=\"javascript:void(0)\" class=\"pld-dislike-trigger pld-like-dislike-trigger  \" title=\"N\u00e3o gosto\" data-post-id=\"1415\" data-trigger-type=\"dislike\" data-restriction=\"no\" data-already-liked=\"0\">\r\n                        <i class=\"fas fa-thumbs-down\"><\/i>\r\n                <\/a>\r\n    <span class=\"pld-dislike-count-wrap pld-count-wrap\">0<\/span>\r\n<\/div><\/div><p>&nbsp;<\/p>\n<p><span style=\"font-size: 20px; font-family: Aldrich; color: #ff0000; --darkreader-inline-color: var(--darkreader-text-ff0000, #ff1a1a);\" data-darkreader-inline-color=\"\"><span style=\"color: #00ff00;\" data-darkreader-inline-color=\"\"><span style=\"font-size: 36px;\">\ud83c\uddf5\ud83c\uddf9<\/span>\u00a0PORT<\/span>UGAL \/\/ METEOROLOGIA<\/span><\/p>\n<p style=\"text-align: justify;\"><em><span style=\"font-size: 20px;\">Boletim de previs\u00e3o mensal do IPMA para o per\u00edodo entre 20 de abril e 17 de Maio d\u00e1 conta de que Portugal continental ir\u00e1 ter valores de precipita\u00e7\u00e3o total semanal abaixo do normal e valores de temperatura m\u00e9dia semanal acima do normal.<\/span><\/em><\/p>\n<div id=\"attachment_1416\" style=\"width: 778px\" class=\"wp-caption aligncenter\"><img loading=\"lazy\" decoding=\"async\" aria-describedby=\"caption-attachment-1416\" class=\"size-full wp-image-1416\" src=\"https:\/\/inforgomes.pt\/social\/wp-content\/uploads\/2026\/04\/nm24042026.png\" alt=\"\" width=\"768\" height=\"432\" srcset=\"https:\/\/inforgomes.pt\/social\/wp-content\/uploads\/2026\/04\/nm24042026.png 768w, https:\/\/inforgomes.pt\/social\/wp-content\/uploads\/2026\/04\/nm24042026-300x169.png 300w, https:\/\/inforgomes.pt\/social\/wp-content\/uploads\/2026\/04\/nm24042026-500x281.png 500w\" sizes=\"auto, (max-width: 768px) 100vw, 768px\" \/><p id=\"caption-attachment-1416\" class=\"wp-caption-text\">Lisboa, Bom tempo, Calor,<br \/>\u00a9 Luis Boza\/NurPhoto via Getty Images<\/p><\/div>\n<p style=\"text-align: justify;\">As pr\u00f3ximas quatro semanas trar\u00e3o valores de precipita\u00e7\u00e3o total semanal abaixo do normal e valores de temperatura m\u00e9dia semanal acima do normal, anunciou o Instituto Portugu\u00eas do Mar e da Atmosfera (IPMA).<\/p>\n<p style=\"text-align: justify;\">De acordo com o boletim de previs\u00e3o mensal para o per\u00edodo entre 20 de Abril e 17 de Maio deste ano, espera-se, at\u00e9 ao pr\u00f3ximo domingo, valores de precipita\u00e7\u00e3o abaixo do normal para todo o territ\u00f3rio continental (-30 mm a -1 mm). J\u00e1 quanto a temperaturas, prev\u00eaem-se valores acima do normal em todo o territ\u00f3rio (+0.5\u00b0C e +3\u00b0C), principalmente no interior (+1.5\u00b0C e +3\u00b0C).<\/p>\n<p style=\"text-align: justify;\">A partir de domingo e at\u00e9 ao pr\u00f3ximo dia 3 de Maio, n\u00e3o se esperam anomalias significativas no que toca \u00e0 chuva, mas esperam-se valores de temperatura acima do normal para quase todo o territ\u00f3rio, excepto no Algarve (+0.5\u00b0C e +3\u00b0C).<\/p>\n<p style=\"text-align: justify;\">J\u00e1 na semana entre os dias 4 e 10 de Maio, conte com valores de precipita\u00e7\u00e3o abaixo do normal no Alentejo e Algarve (-10 mm a -1 mm) e valores de temperatura acima do normal no interior (+0.5\u00b0C e +1.5\u00b0C).<\/p>\n<p style=\"text-align: justify;\">Por fim, na \u00faltima semana analisada, entre os dias 11 e 17 de Maio, o IPMA n\u00e3o prev\u00ea anomalias estatisticamente significativas no que diz respeito \u00e0 chuva, mas prev\u00ea valores de temperatura acima do normal no interior (+0.5\u00b0C e +1.5\u00b0C).<\/p>\n<p style=\"text-align: justify;\">&#8220;A previs\u00e3o alargada apresenta cen\u00e1rios em termos probabil\u00edsticos&#8221;, refere o IPMA, no boletim. &#8220;A sua utiliza\u00e7\u00e3o deve ser feita com reservas, para a segunda e em especial para as terceira e quarta semanas.&#8221;<\/p>\n<p style=\"text-align: justify;\"><a href=\"https:\/\/www.msn.com\/pt-pt\/noticias\/ultimas\/vem-a%C3%AD-um-m%C3%AAs-de-chuva-a-menos-e-calor-a-mais-o-que-esperar\/ar-AA21Aw6y\" target=\"_blank\" rel=\"noopener\">Not\u00edcias ao Minuto<\/a><br \/>\n24.04.2026<\/p>\n<p>Visita: <a href=\"https:\/\/www.counter12.com\"><img decoding=\"async\" src=\"https:\/\/www.counter12.com\/img-Yaz9z3w9B8wb1z0A-22.gif\" alt=\"conter12\" border=\"0\" \/><\/a><\/p>\n<p style=\"text-align: justify;\"><div class=\"note\"><div class=\"notewarning\">- Neste Blogue, escreve-se em Portugu\u00eas \ud83c\uddf5\ud83c\uddf9 de Portugal (n\u00e3o adulterado pela coloniza\u00e7\u00e3o do AO).<\/div><\/div><\/p>\n<p><img loading=\"lazy\" decoding=\"async\" class=\"alignnone wp-image-1223\" src=\"https:\/\/inforgomes.pt\/cozinha\/wp-content\/uploads\/2023\/11\/0-coracao_transp.png\" alt=\"\" width=\"136\" height=\"122\" \/><img loading=\"lazy\" decoding=\"async\" class=\"alignnone wp-image-1758\" src=\"https:\/\/inforgomes.pt\/cozinha\/wp-content\/uploads\/2024\/03\/nao-AO.png\" alt=\"\" width=\"128\" height=\"128\" \/><img loading=\"lazy\" decoding=\"async\" class=\"alignnone wp-image-1791\" src=\"https:\/\/inforgomes.pt\/cozinha\/wp-content\/uploads\/2024\/03\/meio-ambiente.png\" alt=\"\" width=\"127\" height=\"130\" \/><\/p>\n<p>&nbsp;<\/p>\n<div class=\"pvc_clear\"><\/div>\n<p id=\"pvc_stats_1415\" class=\"pvc_stats all  \" data-element-id=\"1415\" style=\"\"><i class=\"pvc-stats-icon medium\" aria-hidden=\"true\"><svg aria-hidden=\"true\" focusable=\"false\" data-prefix=\"far\" data-icon=\"chart-bar\" role=\"img\" xmlns=\"http:\/\/www.w3.org\/2000\/svg\" viewBox=\"0 0 512 512\" class=\"svg-inline--fa fa-chart-bar fa-w-16 fa-2x\"><path fill=\"currentColor\" d=\"M396.8 352h22.4c6.4 0 12.8-6.4 12.8-12.8V108.8c0-6.4-6.4-12.8-12.8-12.8h-22.4c-6.4 0-12.8 6.4-12.8 12.8v230.4c0 6.4 6.4 12.8 12.8 12.8zm-192 0h22.4c6.4 0 12.8-6.4 12.8-12.8V140.8c0-6.4-6.4-12.8-12.8-12.8h-22.4c-6.4 0-12.8 6.4-12.8 12.8v198.4c0 6.4 6.4 12.8 12.8 12.8zm96 0h22.4c6.4 0 12.8-6.4 12.8-12.8V204.8c0-6.4-6.4-12.8-12.8-12.8h-22.4c-6.4 0-12.8 6.4-12.8 12.8v134.4c0 6.4 6.4 12.8 12.8 12.8zM496 400H48V80c0-8.84-7.16-16-16-16H16C7.16 64 0 71.16 0 80v336c0 17.67 14.33 32 32 32h464c8.84 0 16-7.16 16-16v-16c0-8.84-7.16-16-16-16zm-387.2-48h22.4c6.4 0 12.8-6.4 12.8-12.8v-70.4c0-6.4-6.4-12.8-12.8-12.8h-22.4c-6.4 0-12.8 6.4-12.8 12.8v70.4c0 6.4 6.4 12.8 12.8 12.8z\" class=\"\"><\/path><\/svg><\/i> <img loading=\"lazy\" decoding=\"async\" width=\"16\" height=\"16\" alt=\"Loading\" src=\"https:\/\/inforgomes.pt\/social\/wp-content\/plugins\/page-views-count\/ajax-loader-2x.gif\" border=0 \/><\/p>\n<div class=\"pvc_clear\"><\/div>\n","protected":false},"excerpt":{"rendered":"<p>0 0 &nbsp; \ud83c\uddf5\ud83c\uddf9\u00a0PORTUGAL \/\/ METEOROLOGIA Boletim de previs\u00e3o mensal do IPMA para o per\u00edodo entre 20 de abril e 17 de Maio d\u00e1 conta de que Portugal continental ir\u00e1 ter valores de precipita\u00e7\u00e3o total semanal abaixo do normal e &hellip; <a href=\"https:\/\/inforgomes.pt\/social\/vem-ai-um-mes-de-chuva-a-menos-e-calor-a-mais-o-que-esperar\/\">Continue reading <span class=\"meta-nav\">&rarr;<\/span><\/a><\/p>\n<div class=\"pvc_clear\"><\/div>\n<p id=\"pvc_stats_1415\" class=\"pvc_stats all  \" data-element-id=\"1415\" style=\"\"><i class=\"pvc-stats-icon medium\" aria-hidden=\"true\"><svg aria-hidden=\"true\" focusable=\"false\" data-prefix=\"far\" data-icon=\"chart-bar\" role=\"img\" xmlns=\"http:\/\/www.w3.org\/2000\/svg\" viewBox=\"0 0 512 512\" class=\"svg-inline--fa fa-chart-bar fa-w-16 fa-2x\"><path fill=\"currentColor\" d=\"M396.8 352h22.4c6.4 0 12.8-6.4 12.8-12.8V108.8c0-6.4-6.4-12.8-12.8-12.8h-22.4c-6.4 0-12.8 6.4-12.8 12.8v230.4c0 6.4 6.4 12.8 12.8 12.8zm-192 0h22.4c6.4 0 12.8-6.4 12.8-12.8V140.8c0-6.4-6.4-12.8-12.8-12.8h-22.4c-6.4 0-12.8 6.4-12.8 12.8v198.4c0 6.4 6.4 12.8 12.8 12.8zm96 0h22.4c6.4 0 12.8-6.4 12.8-12.8V204.8c0-6.4-6.4-12.8-12.8-12.8h-22.4c-6.4 0-12.8 6.4-12.8 12.8v134.4c0 6.4 6.4 12.8 12.8 12.8zM496 400H48V80c0-8.84-7.16-16-16-16H16C7.16 64 0 71.16 0 80v336c0 17.67 14.33 32 32 32h464c8.84 0 16-7.16 16-16v-16c0-8.84-7.16-16-16-16zm-387.2-48h22.4c6.4 0 12.8-6.4 12.8-12.8v-70.4c0-6.4-6.4-12.8-12.8-12.8h-22.4c-6.4 0-12.8 6.4-12.8 12.8v70.4c0 6.4 6.4 12.8 12.8 12.8z\" class=\"\"><\/path><\/svg><\/i> <img loading=\"lazy\" decoding=\"async\" width=\"16\" height=\"16\" alt=\"Loading\" src=\"https:\/\/inforgomes.pt\/social\/wp-content\/plugins\/page-views-count\/ajax-loader-2x.gif\" border=0 \/><\/p>\n<div class=\"pvc_clear\"><\/div>\n","protected":false},"author":1,"featured_media":0,"comment_status":"open","ping_status":"open","sticky":false,"template":"","format":"standard","meta":{"footnotes":""},"categories":[50,52,92,14],"tags":[],"class_list":["post-1415","post","type-post","status-publish","format-standard","hentry","category-ipma","category-meteorologia","category-noticias-ao-minuto","category-portugal"],"a3_pvc":{"activated":true,"total_views":4,"today_views":0},"_links":{"self":[{"href":"https:\/\/inforgomes.pt\/social\/wp-json\/wp\/v2\/posts\/1415","targetHints":{"allow":["GET"]}}],"collection":[{"href":"https:\/\/inforgomes.pt\/social\/wp-json\/wp\/v2\/posts"}],"about":[{"href":"https:\/\/inforgomes.pt\/social\/wp-json\/wp\/v2\/types\/post"}],"author":[{"embeddable":true,"href":"https:\/\/inforgomes.pt\/social\/wp-json\/wp\/v2\/users\/1"}],"replies":[{"embeddable":true,"href":"https:\/\/inforgomes.pt\/social\/wp-json\/wp\/v2\/comments?post=1415"}],"version-history":[{"count":2,"href":"https:\/\/inforgomes.pt\/social\/wp-json\/wp\/v2\/posts\/1415\/revisions"}],"predecessor-version":[{"id":1418,"href":"https:\/\/inforgomes.pt\/social\/wp-json\/wp\/v2\/posts\/1415\/revisions\/1418"}],"wp:attachment":[{"href":"https:\/\/inforgomes.pt\/social\/wp-json\/wp\/v2\/media?parent=1415"}],"wp:term":[{"taxonomy":"category","embeddable":true,"href":"https:\/\/inforgomes.pt\/social\/wp-json\/wp\/v2\/categories?post=1415"},{"taxonomy":"post_tag","embeddable":true,"href":"https:\/\/inforgomes.pt\/social\/wp-json\/wp\/v2\/tags?post=1415"}],"curies":[{"name":"wp","href":"https:\/\/api.w.org\/{rel}","templated":true}]}}