{"id":1436,"date":"2026-04-27T19:48:38","date_gmt":"2026-04-27T18:48:38","guid":{"rendered":"https:\/\/inforgomes.pt\/social\/?p=1436"},"modified":"2026-04-27T19:48:38","modified_gmt":"2026-04-27T18:48:38","slug":"a-figura-do-dia-o-cravo-de-seguro","status":"publish","type":"post","link":"https:\/\/inforgomes.pt\/social\/a-figura-do-dia-o-cravo-de-seguro\/","title":{"rendered":"A Figura do Dia. O cravo de Seguro"},"content":{"rendered":"<div class=\"pld-like-dislike-wrap pld-template-1\">\r\n    <div class=\"pld-like-wrap  pld-common-wrap\">\r\n    <a href=\"javascript:void(0)\" class=\"pld-like-trigger pld-like-dislike-trigger  \" title=\"Gosto\" data-post-id=\"1436\" data-trigger-type=\"like\" data-restriction=\"no\" data-already-liked=\"0\">\r\n                        <i class=\"fas fa-thumbs-up\"><\/i>\r\n                <\/a>\r\n    <span class=\"pld-like-count-wrap pld-count-wrap\">1    <\/span>\r\n<\/div><div class=\"pld-dislike-wrap  pld-common-wrap\">\r\n    <a href=\"javascript:void(0)\" class=\"pld-dislike-trigger pld-like-dislike-trigger  \" title=\"N\u00e3o gosto\" data-post-id=\"1436\" data-trigger-type=\"dislike\" data-restriction=\"no\" data-already-liked=\"0\">\r\n                        <i class=\"fas fa-thumbs-down\"><\/i>\r\n                <\/a>\r\n    <span class=\"pld-dislike-count-wrap pld-count-wrap\">0<\/span>\r\n<\/div><\/div><p>&nbsp;<\/p>\n<p><span style=\"font-size: 20px; font-family: Aldrich; color: #ff0000;\" data-darkreader-inline-color=\"\">OPINI\u00c3O <span style=\"font-size: 24px;\">\ud83c\uddf5\ud83c\uddf9\ud83d\udd4a<\/span><\/span><\/p>\n<p style=\"text-align: justify;\"><em><span style=\"font-size: 20px;\">H\u00e1 20 anos que um Presidente da Rep\u00fablica n\u00e3o entrava na Assembleia da Rep\u00fablica com um cravo na lapela.<\/span><\/em><\/p>\n<p style=\"text-align: justify;\">Parece dif\u00edcil de acreditar que muitos de n\u00f3s n\u00e3o tenham orgulho num dos momentos mais bonitos e identit\u00e1rios de ser portugu\u00eas \u2013 enquanto na Guerra Civil espanhola morreram mais de meio milh\u00e3o de pessoas, n\u00e3o contabilizando os 100 mil que desapareceram, em Portugal preferimos armar as espingardas com cravos a matar-nos uns aos outros.<\/p>\n<div id=\"attachment_1437\" style=\"width: 1210px\" class=\"wp-caption aligncenter\"><img loading=\"lazy\" decoding=\"async\" aria-describedby=\"caption-attachment-1437\" class=\"size-full wp-image-1437\" src=\"https:\/\/inforgomes.pt\/social\/wp-content\/uploads\/2026\/04\/dn27042026-02.avif\" alt=\"\" width=\"1200\" height=\"756\" srcset=\"https:\/\/inforgomes.pt\/social\/wp-content\/uploads\/2026\/04\/dn27042026-02.avif 1200w, https:\/\/inforgomes.pt\/social\/wp-content\/uploads\/2026\/04\/dn27042026-02-300x189.avif 300w, https:\/\/inforgomes.pt\/social\/wp-content\/uploads\/2026\/04\/dn27042026-02-1024x645.avif 1024w, https:\/\/inforgomes.pt\/social\/wp-content\/uploads\/2026\/04\/dn27042026-02-768x484.avif 768w, https:\/\/inforgomes.pt\/social\/wp-content\/uploads\/2026\/04\/dn27042026-02-476x300.avif 476w\" sizes=\"auto, (max-width: 1200px) 100vw, 1200px\" \/><p id=\"caption-attachment-1437\" class=\"wp-caption-text\">&#8220;Ant\u00f3nio Jos\u00e9 Seguro n\u00e3o usou o cravo na lapela por ser socialista ou de esquerda. Usou-o por ser democrata, por acreditar mais no que nos une do que naquilo que nos separa (&#8230;).&#8221;<br \/>FOTO: Leonardo Negr\u00e3o<\/p><\/div>\n<p style=\"text-align: justify;\">Os cravos s\u00e3o um s\u00edmbolo da democracia, n\u00e3o necessariamente um patrim\u00f3nio exclusivo da esquerda. Representam a vida em oposi\u00e7\u00e3o \u00e0 morte, a esperan\u00e7a em oposi\u00e7\u00e3o ao medo, o optimismo em oposi\u00e7\u00e3o ao fatalismo. \u00c9 o s\u00edmbolo da nossa inoc\u00eancia, de uma ingenuidade po\u00e9tica que me emociona e orgulha.<\/p>\n<p style=\"text-align: justify;\">\u00c9 tamb\u00e9m um abra\u00e7o \u00e0 mem\u00f3ria de uma mulher, a dona Celeste, que come\u00e7ou a distribuir, por puro instinto, cravos aos soldados revoltosos, entusiasmando vendedoras de v\u00e1rias pra\u00e7as de Lisboa a fazerem o mesmo.<\/p>\n<p style=\"text-align: justify;\">N\u00e3o \u00e9 bonito? N\u00e3o \u00e9 extraordin\u00e1rio? N\u00e3o foi um verdadeiro milagre?<\/p>\n<p style=\"text-align: justify;\">&#8220;H\u00e1 20 anos que um Presidente da Rep\u00fablica n\u00e3o entrava na Assembleia da Rep\u00fablica com um cravo na lapela.&#8221;<\/p>\n<p style=\"text-align: justify;\">Renegar os cravos \u00e9 virar as costas ao que temos de melhor, ao s\u00edmbolo mais poderoso da toler\u00e2ncia democr\u00e1tica, da liberdade colectiva e individual.<\/p>\n<p style=\"text-align: justify;\">Vamos l\u00e1 a ver, Ant\u00f3nio Jos\u00e9 Seguro n\u00e3o usou o cravo na lapela por ser socialista ou de esquerda. Usou-o por ser democrata, por acreditar mais no que nos une do que naquilo que nos separa, por ser intolerante com o ressentimento dos que prefeririam que os cravos n\u00e3o existissem\u2026 ou a democracia.<\/p>\n<p style=\"text-align: justify;\"><a href=\"https:\/\/www.dn.pt\/opiniao-dn\/a-figura-do-dia-o-cravo-de-seguro\" target=\"_blank\" rel=\"noopener\">Di\u00e1rio de Not\u00edcias<\/a><br \/>\nLu\u00eds Os\u00f3rio<br \/>\nEscritor, jornalista e cronista<br \/>\n27.04.2026<\/p>\n<p><img loading=\"lazy\" decoding=\"async\" class=\"alignnone size-full wp-image-323\" src=\"https:\/\/inforgomes.pt\/social\/wp-content\/uploads\/2025\/11\/palmas.gif\" alt=\"\" width=\"152\" height=\"160\" \/><\/p>\n<p>Visita: <a href=\"https:\/\/www.counter12.com\"><img decoding=\"async\" src=\"https:\/\/www.counter12.com\/img-8ZD2bZxyDcz7WyWa-22.gif\" alt=\"counter\" border=\"0\" \/><\/a><\/p>\n<p style=\"text-align: justify;\"><div class=\"note\"><div class=\"notewarning\">- Neste Blogue, escreve-se em Portugu\u00eas \ud83c\uddf5\ud83c\uddf9 de Portugal (n\u00e3o adulterado pela coloniza\u00e7\u00e3o do AO).<\/div><\/div><\/p>\n<p><img loading=\"lazy\" decoding=\"async\" class=\"alignnone wp-image-1223\" src=\"https:\/\/inforgomes.pt\/cozinha\/wp-content\/uploads\/2023\/11\/0-coracao_transp.png\" alt=\"\" width=\"136\" height=\"122\" \/><img loading=\"lazy\" decoding=\"async\" class=\"alignnone wp-image-1758\" src=\"https:\/\/inforgomes.pt\/cozinha\/wp-content\/uploads\/2024\/03\/nao-AO.png\" alt=\"\" width=\"128\" height=\"128\" \/><img loading=\"lazy\" decoding=\"async\" class=\"alignnone wp-image-1791\" src=\"https:\/\/inforgomes.pt\/cozinha\/wp-content\/uploads\/2024\/03\/meio-ambiente.png\" alt=\"\" width=\"127\" height=\"130\" \/><\/p>\n<p>&nbsp;<\/p>\n<div class=\"pvc_clear\"><\/div>\n<p id=\"pvc_stats_1436\" class=\"pvc_stats all  \" data-element-id=\"1436\" style=\"\"><i class=\"pvc-stats-icon medium\" aria-hidden=\"true\"><svg aria-hidden=\"true\" focusable=\"false\" data-prefix=\"far\" data-icon=\"chart-bar\" role=\"img\" xmlns=\"http:\/\/www.w3.org\/2000\/svg\" viewBox=\"0 0 512 512\" class=\"svg-inline--fa fa-chart-bar fa-w-16 fa-2x\"><path fill=\"currentColor\" d=\"M396.8 352h22.4c6.4 0 12.8-6.4 12.8-12.8V108.8c0-6.4-6.4-12.8-12.8-12.8h-22.4c-6.4 0-12.8 6.4-12.8 12.8v230.4c0 6.4 6.4 12.8 12.8 12.8zm-192 0h22.4c6.4 0 12.8-6.4 12.8-12.8V140.8c0-6.4-6.4-12.8-12.8-12.8h-22.4c-6.4 0-12.8 6.4-12.8 12.8v198.4c0 6.4 6.4 12.8 12.8 12.8zm96 0h22.4c6.4 0 12.8-6.4 12.8-12.8V204.8c0-6.4-6.4-12.8-12.8-12.8h-22.4c-6.4 0-12.8 6.4-12.8 12.8v134.4c0 6.4 6.4 12.8 12.8 12.8zM496 400H48V80c0-8.84-7.16-16-16-16H16C7.16 64 0 71.16 0 80v336c0 17.67 14.33 32 32 32h464c8.84 0 16-7.16 16-16v-16c0-8.84-7.16-16-16-16zm-387.2-48h22.4c6.4 0 12.8-6.4 12.8-12.8v-70.4c0-6.4-6.4-12.8-12.8-12.8h-22.4c-6.4 0-12.8 6.4-12.8 12.8v70.4c0 6.4 6.4 12.8 12.8 12.8z\" class=\"\"><\/path><\/svg><\/i> <img loading=\"lazy\" decoding=\"async\" width=\"16\" height=\"16\" alt=\"Loading\" src=\"https:\/\/inforgomes.pt\/social\/wp-content\/plugins\/page-views-count\/ajax-loader-2x.gif\" border=0 \/><\/p>\n<div class=\"pvc_clear\"><\/div>\n","protected":false},"excerpt":{"rendered":"<p>1 0 &nbsp; OPINI\u00c3O \ud83c\uddf5\ud83c\uddf9\ud83d\udd4a H\u00e1 20 anos que um Presidente da Rep\u00fablica n\u00e3o entrava na Assembleia da Rep\u00fablica com um cravo na lapela. Parece dif\u00edcil de acreditar que muitos de n\u00f3s n\u00e3o tenham orgulho num dos momentos mais bonitos &hellip; <a href=\"https:\/\/inforgomes.pt\/social\/a-figura-do-dia-o-cravo-de-seguro\/\">Continue reading <span class=\"meta-nav\">&rarr;<\/span><\/a><\/p>\n<div class=\"pvc_clear\"><\/div>\n<p id=\"pvc_stats_1436\" class=\"pvc_stats all  \" data-element-id=\"1436\" style=\"\"><i class=\"pvc-stats-icon medium\" aria-hidden=\"true\"><svg aria-hidden=\"true\" focusable=\"false\" data-prefix=\"far\" data-icon=\"chart-bar\" role=\"img\" xmlns=\"http:\/\/www.w3.org\/2000\/svg\" viewBox=\"0 0 512 512\" class=\"svg-inline--fa fa-chart-bar fa-w-16 fa-2x\"><path fill=\"currentColor\" d=\"M396.8 352h22.4c6.4 0 12.8-6.4 12.8-12.8V108.8c0-6.4-6.4-12.8-12.8-12.8h-22.4c-6.4 0-12.8 6.4-12.8 12.8v230.4c0 6.4 6.4 12.8 12.8 12.8zm-192 0h22.4c6.4 0 12.8-6.4 12.8-12.8V140.8c0-6.4-6.4-12.8-12.8-12.8h-22.4c-6.4 0-12.8 6.4-12.8 12.8v198.4c0 6.4 6.4 12.8 12.8 12.8zm96 0h22.4c6.4 0 12.8-6.4 12.8-12.8V204.8c0-6.4-6.4-12.8-12.8-12.8h-22.4c-6.4 0-12.8 6.4-12.8 12.8v134.4c0 6.4 6.4 12.8 12.8 12.8zM496 400H48V80c0-8.84-7.16-16-16-16H16C7.16 64 0 71.16 0 80v336c0 17.67 14.33 32 32 32h464c8.84 0 16-7.16 16-16v-16c0-8.84-7.16-16-16-16zm-387.2-48h22.4c6.4 0 12.8-6.4 12.8-12.8v-70.4c0-6.4-6.4-12.8-12.8-12.8h-22.4c-6.4 0-12.8 6.4-12.8 12.8v70.4c0 6.4 6.4 12.8 12.8 12.8z\" class=\"\"><\/path><\/svg><\/i> <img loading=\"lazy\" decoding=\"async\" width=\"16\" height=\"16\" alt=\"Loading\" src=\"https:\/\/inforgomes.pt\/social\/wp-content\/plugins\/page-views-count\/ajax-loader-2x.gif\" border=0 \/><\/p>\n<div class=\"pvc_clear\"><\/div>\n","protected":false},"author":1,"featured_media":0,"comment_status":"open","ping_status":"open","sticky":false,"template":"","format":"standard","meta":{"footnotes":""},"categories":[359,3,247,4,14],"tags":[],"class_list":["post-1436","post","type-post","status-publish","format-standard","hentry","category-25-de-abril-de-2026","category-diario-de-noticias","category-luis-osorio","category-opiniao","category-portugal"],"a3_pvc":{"activated":true,"total_views":4,"today_views":1},"_links":{"self":[{"href":"https:\/\/inforgomes.pt\/social\/wp-json\/wp\/v2\/posts\/1436","targetHints":{"allow":["GET"]}}],"collection":[{"href":"https:\/\/inforgomes.pt\/social\/wp-json\/wp\/v2\/posts"}],"about":[{"href":"https:\/\/inforgomes.pt\/social\/wp-json\/wp\/v2\/types\/post"}],"author":[{"embeddable":true,"href":"https:\/\/inforgomes.pt\/social\/wp-json\/wp\/v2\/users\/1"}],"replies":[{"embeddable":true,"href":"https:\/\/inforgomes.pt\/social\/wp-json\/wp\/v2\/comments?post=1436"}],"version-history":[{"count":1,"href":"https:\/\/inforgomes.pt\/social\/wp-json\/wp\/v2\/posts\/1436\/revisions"}],"predecessor-version":[{"id":1438,"href":"https:\/\/inforgomes.pt\/social\/wp-json\/wp\/v2\/posts\/1436\/revisions\/1438"}],"wp:attachment":[{"href":"https:\/\/inforgomes.pt\/social\/wp-json\/wp\/v2\/media?parent=1436"}],"wp:term":[{"taxonomy":"category","embeddable":true,"href":"https:\/\/inforgomes.pt\/social\/wp-json\/wp\/v2\/categories?post=1436"},{"taxonomy":"post_tag","embeddable":true,"href":"https:\/\/inforgomes.pt\/social\/wp-json\/wp\/v2\/tags?post=1436"}],"curies":[{"name":"wp","href":"https:\/\/api.w.org\/{rel}","templated":true}]}}