{"id":1439,"date":"2026-04-28T07:03:13","date_gmt":"2026-04-28T06:03:13","guid":{"rendered":"https:\/\/inforgomes.pt\/social\/?p=1439"},"modified":"2026-04-28T07:03:13","modified_gmt":"2026-04-28T06:03:13","slug":"dois-pesos-e-duas-medidas","status":"publish","type":"post","link":"https:\/\/inforgomes.pt\/social\/dois-pesos-e-duas-medidas\/","title":{"rendered":"Dois pesos e duas medidas"},"content":{"rendered":"<div class=\"pld-like-dislike-wrap pld-template-1\">\r\n    <div class=\"pld-like-wrap  pld-common-wrap\">\r\n    <a href=\"javascript:void(0)\" class=\"pld-like-trigger pld-like-dislike-trigger  \" title=\"Gosto\" data-post-id=\"1439\" data-trigger-type=\"like\" data-restriction=\"no\" data-already-liked=\"0\">\r\n                        <i class=\"fas fa-thumbs-up\"><\/i>\r\n                <\/a>\r\n    <span class=\"pld-like-count-wrap pld-count-wrap\">1    <\/span>\r\n<\/div><div class=\"pld-dislike-wrap  pld-common-wrap\">\r\n    <a href=\"javascript:void(0)\" class=\"pld-dislike-trigger pld-like-dislike-trigger  \" title=\"N\u00e3o gosto\" data-post-id=\"1439\" data-trigger-type=\"dislike\" data-restriction=\"no\" data-already-liked=\"0\">\r\n                        <i class=\"fas fa-thumbs-down\"><\/i>\r\n                <\/a>\r\n    <span class=\"pld-dislike-count-wrap pld-count-wrap\">0<\/span>\r\n<\/div><\/div><p>&nbsp;<\/p>\n<p><span style=\"font-size: 20px; font-family: Aldrich; color: #ff0000; --darkreader-inline-color: var(--darkreader-text-ff0000, #ff1a1a);\" data-darkreader-inline-color=\"\"><span style=\"color: #00ff00; --darkreader-inline-color: var(--darkreader-text-00ff00, #1aff1a);\" data-darkreader-inline-color=\"\"><span style=\"font-size: 36px;\">\ud83c\uddf5\ud83c\uddf9<\/span> <span style=\"color: #ff0000;\" data-darkreader-inline-color=\"\">OPINI\u00c3O<\/span><\/span><\/span><\/p>\n<p style=\"text-align: justify;\"><img loading=\"lazy\" decoding=\"async\" class=\"alignleft size-full wp-image-1325\" src=\"https:\/\/inforgomes.pt\/social\/wp-content\/uploads\/2026\/04\/MargaridaVaqueiroLopes.png\" alt=\"\" width=\"128\" height=\"145\" \/>Come\u00e7ou no in\u00edcio deste m\u00eas o per\u00edodo de entrega do IRS, e quase dois milh\u00f5es de pessoas j\u00e1 submeteram as suas declara\u00e7\u00f5es de rendimentos relativos ao ano passado ao Estado. O Executivo comprometeu-se a pagar num prazo m\u00e9dio de duas semanas, o que tem sido cumprido, sobretudo quando se fala de entrega autom\u00e1tica de declara\u00e7\u00f5es \u2013 de qualquer forma, tenha especial aten\u00e7\u00e3o se fizer parte do grupo de pessoas que entrega a declara\u00e7\u00e3o autom\u00e1tica, porque t\u00eam sido relatados v\u00e1rios erros na declara\u00e7\u00e3o das contribui\u00e7\u00f5es, o que pode ser penalizador na hora do acerto de contas.<\/p>\n<p style=\"text-align: justify;\">Ora, algo que sabemos este ano \u00e9 que os valores dos reembolsos dever\u00e3o ser significativamente menores, uma vez que o Governo de Lu\u00eds Montenegro decidiu reduzir o montante das contribui\u00e7\u00f5es mensais, para aliviar a carteira dos cidad\u00e3os no curto prazo, o que ainda poder\u00e1 causar surpresa a quem tenha andado mais desatento. Pode at\u00e9 dar-se o caso de ter de liquidar alguma conta com o Estado, mesmo que nos \u00faltimos anos tenha sempre sido reembolsado \u2013 da\u00ed ser ainda mais importante confirmar que declarou todas as suas despesas e que as tem devidamente identificadas para conseguir ter os benef\u00edcios fiscais devidos.<\/p>\n<p style=\"text-align: justify;\">Mas o que n\u00e3o deixa de ser surpreendente nesta \u00e9poca, \u00e9 que o Estado continue \u2013 e que n\u00f3s n\u00e3o nos insurjamos contra isso \u2013 a usar dois pesos e duas medidas na hora deste acerto de contas anual a que somos todos obrigados. \u00c9 que se eu for obrigada a liquidar algum montante ao Estado, porque n\u00e3o descontei o suficiente durante os 12 meses de 2025, tenho de o fazer at\u00e9 dia 31 de Julho de 2026. Precisamente um m\u00eas depois de ter terminado o prazo para a entrega das declara\u00e7\u00f5es de IRS. Mas se, por acaso, for o Estado a ter de me reembolsar porque, afinal, descontei mais do que me seria devido, pode faz\u00ea-lo at\u00e9 dia 31 de Agosto.<\/p>\n<p style=\"text-align: justify;\">No mesmo sentido, o Fisco tamb\u00e9m avisa logo que se houver lugar a reembolsos de valores inferiores a dez euros, estes n\u00e3o s\u00e3o transferidos para a conta do contribuinte. \u201cN\u00e3o h\u00e1 lugar a reembolso quando em virtude de liquida\u00e7\u00e3o, ainda que adicional, reforma ou liquida\u00e7\u00e3o, a import\u00e2ncia a restituir seja inferior a dez euros\u201d, diz o Portal das Finan\u00e7as. O mesmo n\u00e3o acontece se eu tiver de pagar 10 euros ao Estado \u2013 e \u00e9 s\u00f3 fazer as contas: se dois milh\u00f5es de contribuintes tiverem cinco euros, por exemplo, para receber do Estado, o Fisco embolsa 10 milh\u00f5es de euros sem o m\u00ednimo esfor\u00e7o (ou direito).<\/p>\n<p style=\"text-align: justify;\">O facto de haver dois pesos e duas medidas no tratamento de cidad\u00e3os e Executivo \u00e9 algo que n\u00e3o se restringe \u00e0s Finan\u00e7as, e que nos devia deixar a todos em alerta. Porque, afinal, este dinheiro todo de que falamos quando falamos de IRS, \u00e9 nosso: pagamo-lo porque trabalhamos, e entregamo-lo a quem escolhemos para o administrar, para que tenhamos direito a bens e servi\u00e7os. Ser mais exigentes com a transpar\u00eancia e a justi\u00e7a \u00e9, pois, o m\u00ednimo que devemos fazer.<\/p>\n<p style=\"text-align: justify;\"><a href=\"https:\/\/www.dn.pt\/opiniao-dn\/dois-pesos-e-duas-medidas\" target=\"_blank\" rel=\"noopener\">Di\u00e1rio de Not\u00edcias<\/a><br \/>\nMargarida Vaqueiro Lopes<br \/>\nEditora-Executiva do Di\u00e1rio de Not\u00edcias<br \/>\n28.04.2026<\/p>\n<p>Visita: <a href=\"https:\/\/www.counter12.com\"><img decoding=\"async\" src=\"https:\/\/www.counter12.com\/img-8ZD2bZxyDcz7WyWa-22.gif\" alt=\"counter\" border=\"0\" \/><\/a><\/p>\n<p style=\"text-align: justify;\"><div class=\"note\"><div class=\"notewarning\">- Neste Blogue, escreve-se em Portugu\u00eas \ud83c\uddf5\ud83c\uddf9 de Portugal (n\u00e3o adulterado pela coloniza\u00e7\u00e3o do AO).<\/div><\/div><\/p>\n<p><img loading=\"lazy\" decoding=\"async\" class=\"alignnone wp-image-1223\" src=\"https:\/\/inforgomes.pt\/cozinha\/wp-content\/uploads\/2023\/11\/0-coracao_transp.png\" alt=\"\" width=\"136\" height=\"122\" \/><img loading=\"lazy\" decoding=\"async\" class=\"alignnone wp-image-1758\" src=\"https:\/\/inforgomes.pt\/cozinha\/wp-content\/uploads\/2024\/03\/nao-AO.png\" alt=\"\" width=\"128\" height=\"128\" \/><img loading=\"lazy\" decoding=\"async\" class=\"alignnone wp-image-1791\" src=\"https:\/\/inforgomes.pt\/cozinha\/wp-content\/uploads\/2024\/03\/meio-ambiente.png\" alt=\"\" width=\"127\" height=\"130\" \/><\/p>\n<p>&nbsp;<\/p>\n<div class=\"pvc_clear\"><\/div>\n<p id=\"pvc_stats_1439\" class=\"pvc_stats all  \" data-element-id=\"1439\" style=\"\"><i class=\"pvc-stats-icon medium\" aria-hidden=\"true\"><svg aria-hidden=\"true\" focusable=\"false\" data-prefix=\"far\" data-icon=\"chart-bar\" role=\"img\" xmlns=\"http:\/\/www.w3.org\/2000\/svg\" viewBox=\"0 0 512 512\" class=\"svg-inline--fa fa-chart-bar fa-w-16 fa-2x\"><path fill=\"currentColor\" d=\"M396.8 352h22.4c6.4 0 12.8-6.4 12.8-12.8V108.8c0-6.4-6.4-12.8-12.8-12.8h-22.4c-6.4 0-12.8 6.4-12.8 12.8v230.4c0 6.4 6.4 12.8 12.8 12.8zm-192 0h22.4c6.4 0 12.8-6.4 12.8-12.8V140.8c0-6.4-6.4-12.8-12.8-12.8h-22.4c-6.4 0-12.8 6.4-12.8 12.8v198.4c0 6.4 6.4 12.8 12.8 12.8zm96 0h22.4c6.4 0 12.8-6.4 12.8-12.8V204.8c0-6.4-6.4-12.8-12.8-12.8h-22.4c-6.4 0-12.8 6.4-12.8 12.8v134.4c0 6.4 6.4 12.8 12.8 12.8zM496 400H48V80c0-8.84-7.16-16-16-16H16C7.16 64 0 71.16 0 80v336c0 17.67 14.33 32 32 32h464c8.84 0 16-7.16 16-16v-16c0-8.84-7.16-16-16-16zm-387.2-48h22.4c6.4 0 12.8-6.4 12.8-12.8v-70.4c0-6.4-6.4-12.8-12.8-12.8h-22.4c-6.4 0-12.8 6.4-12.8 12.8v70.4c0 6.4 6.4 12.8 12.8 12.8z\" class=\"\"><\/path><\/svg><\/i> <img loading=\"lazy\" decoding=\"async\" width=\"16\" height=\"16\" alt=\"Loading\" src=\"https:\/\/inforgomes.pt\/social\/wp-content\/plugins\/page-views-count\/ajax-loader-2x.gif\" border=0 \/><\/p>\n<div class=\"pvc_clear\"><\/div>\n","protected":false},"excerpt":{"rendered":"<p>1 0 &nbsp; \ud83c\uddf5\ud83c\uddf9 OPINI\u00c3O Come\u00e7ou no in\u00edcio deste m\u00eas o per\u00edodo de entrega do IRS, e quase dois milh\u00f5es de pessoas j\u00e1 submeteram as suas declara\u00e7\u00f5es de rendimentos relativos ao ano passado ao Estado. O Executivo comprometeu-se a pagar &hellip; <a href=\"https:\/\/inforgomes.pt\/social\/dois-pesos-e-duas-medidas\/\">Continue reading <span class=\"meta-nav\">&rarr;<\/span><\/a><\/p>\n<div class=\"pvc_clear\"><\/div>\n<p id=\"pvc_stats_1439\" class=\"pvc_stats all  \" data-element-id=\"1439\" style=\"\"><i class=\"pvc-stats-icon medium\" aria-hidden=\"true\"><svg aria-hidden=\"true\" focusable=\"false\" data-prefix=\"far\" data-icon=\"chart-bar\" role=\"img\" xmlns=\"http:\/\/www.w3.org\/2000\/svg\" viewBox=\"0 0 512 512\" class=\"svg-inline--fa fa-chart-bar fa-w-16 fa-2x\"><path fill=\"currentColor\" d=\"M396.8 352h22.4c6.4 0 12.8-6.4 12.8-12.8V108.8c0-6.4-6.4-12.8-12.8-12.8h-22.4c-6.4 0-12.8 6.4-12.8 12.8v230.4c0 6.4 6.4 12.8 12.8 12.8zm-192 0h22.4c6.4 0 12.8-6.4 12.8-12.8V140.8c0-6.4-6.4-12.8-12.8-12.8h-22.4c-6.4 0-12.8 6.4-12.8 12.8v198.4c0 6.4 6.4 12.8 12.8 12.8zm96 0h22.4c6.4 0 12.8-6.4 12.8-12.8V204.8c0-6.4-6.4-12.8-12.8-12.8h-22.4c-6.4 0-12.8 6.4-12.8 12.8v134.4c0 6.4 6.4 12.8 12.8 12.8zM496 400H48V80c0-8.84-7.16-16-16-16H16C7.16 64 0 71.16 0 80v336c0 17.67 14.33 32 32 32h464c8.84 0 16-7.16 16-16v-16c0-8.84-7.16-16-16-16zm-387.2-48h22.4c6.4 0 12.8-6.4 12.8-12.8v-70.4c0-6.4-6.4-12.8-12.8-12.8h-22.4c-6.4 0-12.8 6.4-12.8 12.8v70.4c0 6.4 6.4 12.8 12.8 12.8z\" class=\"\"><\/path><\/svg><\/i> <img loading=\"lazy\" decoding=\"async\" width=\"16\" height=\"16\" alt=\"Loading\" src=\"https:\/\/inforgomes.pt\/social\/wp-content\/plugins\/page-views-count\/ajax-loader-2x.gif\" border=0 \/><\/p>\n<div class=\"pvc_clear\"><\/div>\n","protected":false},"author":1,"featured_media":0,"comment_status":"open","ping_status":"open","sticky":false,"template":"","format":"standard","meta":{"footnotes":""},"categories":[3,101,4,14],"tags":[],"class_list":["post-1439","post","type-post","status-publish","format-standard","hentry","category-diario-de-noticias","category-margarida-vaqueiro-lopes","category-opiniao","category-portugal"],"a3_pvc":{"activated":true,"total_views":4,"today_views":2},"_links":{"self":[{"href":"https:\/\/inforgomes.pt\/social\/wp-json\/wp\/v2\/posts\/1439","targetHints":{"allow":["GET"]}}],"collection":[{"href":"https:\/\/inforgomes.pt\/social\/wp-json\/wp\/v2\/posts"}],"about":[{"href":"https:\/\/inforgomes.pt\/social\/wp-json\/wp\/v2\/types\/post"}],"author":[{"embeddable":true,"href":"https:\/\/inforgomes.pt\/social\/wp-json\/wp\/v2\/users\/1"}],"replies":[{"embeddable":true,"href":"https:\/\/inforgomes.pt\/social\/wp-json\/wp\/v2\/comments?post=1439"}],"version-history":[{"count":1,"href":"https:\/\/inforgomes.pt\/social\/wp-json\/wp\/v2\/posts\/1439\/revisions"}],"predecessor-version":[{"id":1440,"href":"https:\/\/inforgomes.pt\/social\/wp-json\/wp\/v2\/posts\/1439\/revisions\/1440"}],"wp:attachment":[{"href":"https:\/\/inforgomes.pt\/social\/wp-json\/wp\/v2\/media?parent=1439"}],"wp:term":[{"taxonomy":"category","embeddable":true,"href":"https:\/\/inforgomes.pt\/social\/wp-json\/wp\/v2\/categories?post=1439"},{"taxonomy":"post_tag","embeddable":true,"href":"https:\/\/inforgomes.pt\/social\/wp-json\/wp\/v2\/tags?post=1439"}],"curies":[{"name":"wp","href":"https:\/\/api.w.org\/{rel}","templated":true}]}}