{"id":1443,"date":"2026-04-29T08:13:03","date_gmt":"2026-04-29T07:13:03","guid":{"rendered":"https:\/\/inforgomes.pt\/social\/?p=1443"},"modified":"2026-04-29T08:13:03","modified_gmt":"2026-04-29T07:13:03","slug":"o-nosso-25-de-abril","status":"publish","type":"post","link":"https:\/\/inforgomes.pt\/social\/o-nosso-25-de-abril\/","title":{"rendered":"O nosso 25 de Abril"},"content":{"rendered":"<div class=\"pld-like-dislike-wrap pld-template-1\">\r\n    <div class=\"pld-like-wrap  pld-common-wrap\">\r\n    <a href=\"javascript:void(0)\" class=\"pld-like-trigger pld-like-dislike-trigger  \" title=\"Gosto\" data-post-id=\"1443\" data-trigger-type=\"like\" data-restriction=\"no\" data-already-liked=\"0\">\r\n                        <i class=\"fas fa-thumbs-up\"><\/i>\r\n                <\/a>\r\n    <span class=\"pld-like-count-wrap pld-count-wrap\">1    <\/span>\r\n<\/div><div class=\"pld-dislike-wrap  pld-common-wrap\">\r\n    <a href=\"javascript:void(0)\" class=\"pld-dislike-trigger pld-like-dislike-trigger  \" title=\"N\u00e3o gosto\" data-post-id=\"1443\" data-trigger-type=\"dislike\" data-restriction=\"no\" data-already-liked=\"0\">\r\n                        <i class=\"fas fa-thumbs-down\"><\/i>\r\n                <\/a>\r\n    <span class=\"pld-dislike-count-wrap pld-count-wrap\">0<\/span>\r\n<\/div><\/div><p>&nbsp;<\/p>\n<p><span style=\"font-size: 20px; font-family: Aldrich; color: #ff0000;\" data-darkreader-inline-color=\"\"><span style=\"font-size: 36px;\">\ud83c\uddf5\ud83c\uddf9<\/span>\u00a0OPINI\u00c3O<\/span><\/p>\n<p style=\"text-align: justify;\"><img loading=\"lazy\" decoding=\"async\" class=\"alignleft size-full wp-image-1203\" src=\"https:\/\/inforgomes.pt\/social\/wp-content\/uploads\/2026\/03\/LuisCastroMendes150-transp.png\" alt=\"\" width=\"150\" height=\"149\" \/>Todos os anos vamos para a rua p\u00f4r \u00e0 vista uma realidade que contraria as ilus\u00f5es instiladas pela extrema-direita na opini\u00e3o p\u00fablica \u2013 que a maioria o da popula\u00e7\u00e3o se reconhece no 25 de Abril, que os jovens n\u00e3o viraram as costas ao 25 de Abril e que a cr\u00edtica a determinadas pol\u00edticas p\u00fablicas do Estado, seja de que \u00e1rea pol\u00edtica elas venham, n\u00e3o quer dizer que rejeitemos a forma democr\u00e1tica de governo.<\/p>\n<p style=\"text-align: justify;\">Este consenso transcende esquerda e direita e n\u00e3o \u00e9 exclusivo de velhinhos a tremer pelas suas reformas, pois vimos muitos jovens na rua, com os cravos bem vermelhos a brilhar nas m\u00e3os.<\/p>\n<p style=\"text-align: justify;\">Quer isto dizer que n\u00e3o existem problemas com as gera\u00e7\u00f5es que n\u00e3o viveram a Revolu\u00e7\u00e3o e n\u00e3o conheceram o regime que nos foi imposto pela extrema-direita? N\u00e3o, esse problema existe, essa dist\u00e2ncia \u00e9 real, e, como disse o nosso Presidente da Rep\u00fablica, n\u00e3o podemos pedir aos mais jovens que amem o 25 de Abril por imposi\u00e7\u00e3o, pois \u201cningu\u00e9m ama por decreto ou procura\u00e7\u00e3o aquilo que n\u00e3o viveu\u201d.<\/p>\n<p style=\"text-align: justify;\">Por isso teremos de repetir sem quebras o que significou para n\u00f3s essa data e, sobretudo, o que \u00e9 viver num pa\u00eds democr\u00e1tico. Teremos de contrariar, com um discurso simples e sem chav\u00f5es, as falsidades da extrema-direita, de onde surgiu agora a mentira da \u201cfacada nas costas\u201d que teria sido dada pelo 25 de Abril a uma Guerra Colonial justa, ganha e aplaudida internacionalmente.<\/p>\n<p style=\"text-align: justify;\">A mentira tem de ser desmentida com clareza, em vez de ser difundida acriticamente por uma comunica\u00e7\u00e3o social fascinada com as falsidades, quando as verdades n\u00e3o vendem.<\/p>\n<p style=\"text-align: justify;\">H\u00e1 uma desilus\u00e3o com a pol\u00edtica, quando a pol\u00edtica falha nas promessas que faz aos eleitores. E \u00e9 f\u00e1cil, demasiado f\u00e1cil, atribuir \u00e0 maldade dos partidos e dos eleitos os fracassos havidos, em lugar de debater as solu\u00e7\u00f5es que cada for\u00e7a pol\u00edtica prop\u00f5e (ou n\u00e3o prop\u00f5e) para os problemas. \u00c9 que resolver problemas \u00e9 mais complicado do que gritar \u201cvergonha\u201d no Parlamento e insinuar que um chefe todo-poderoso daria num \u00e1pice a felicidade a todos.<\/p>\n<p style=\"text-align: justify;\">Acabar com a corrup\u00e7\u00e3o \u00e9 f\u00e1cil, quando se disp\u00f5e de uma censura eficaz, pois o que n\u00e3o vem a p\u00fablico deixa de existir. Minimizar as falhas dos servi\u00e7os do Estado \u00e9 f\u00e1cil, desde que elimine, por via autorit\u00e1ria, qualquer escrut\u00ednio p\u00fablico. N\u00f3s lembramo-nos disso. Lembramo-nos da guerra e da mis\u00e9ria, dos interditos e das pris\u00f5es. Lembramo-nos dos coron\u00e9is da censura e dos informadores da PIDE. Lembramo-nos da tortura nas pris\u00f5es, dos Tribunais Plen\u00e1rios, das medidas de seguran\u00e7a, que permitiam manter um cidad\u00e3o ou uma cidad\u00e3 na pris\u00e3o por tempo indefinido, mesmo sem acusa\u00e7\u00e3o processual, mesmo com senten\u00e7a de absolvi\u00e7\u00e3o lavrada.<\/p>\n<p style=\"text-align: justify;\">Hoje a prioridade pol\u00edtica \u00e9 defendermo-nos dos falsos salvadores.<\/p>\n<p style=\"text-align: justify;\">Viva o 25 de Abril!<\/p>\n<p style=\"text-align: justify;\"><a href=\"https:\/\/www.dn.pt\/opiniao-dn\/o-nosso-25-de-abril\" target=\"_blank\" rel=\"noopener\">Di\u00e1rio de Not\u00edcias<\/a><br \/>\nLu\u00eds Castro Mendes<br \/>\nDiplomata e escritor<br \/>\n29.04.2026<\/p>\n<p>Visita: <a href=\"https:\/\/www.counter12.com\"><img decoding=\"async\" src=\"https:\/\/www.counter12.com\/img-8ZD2bZxyDcz7WyWa-22.gif\" alt=\"counter\" border=\"0\" \/><\/a><\/p>\n<p style=\"text-align: justify;\"><div class=\"note\"><div class=\"notewarning\">- Neste Blogue, escreve-se em Portugu\u00eas \ud83c\uddf5\ud83c\uddf9 de Portugal (n\u00e3o adulterado pela coloniza\u00e7\u00e3o do AO).<\/div><\/div><\/p>\n<p><img loading=\"lazy\" decoding=\"async\" class=\"alignnone wp-image-1223\" src=\"https:\/\/inforgomes.pt\/cozinha\/wp-content\/uploads\/2023\/11\/0-coracao_transp.png\" alt=\"\" width=\"136\" height=\"122\" \/><img loading=\"lazy\" decoding=\"async\" class=\"alignnone wp-image-1758\" src=\"https:\/\/inforgomes.pt\/cozinha\/wp-content\/uploads\/2024\/03\/nao-AO.png\" alt=\"\" width=\"128\" height=\"128\" \/><img loading=\"lazy\" decoding=\"async\" class=\"alignnone wp-image-1791\" src=\"https:\/\/inforgomes.pt\/cozinha\/wp-content\/uploads\/2024\/03\/meio-ambiente.png\" alt=\"\" width=\"127\" height=\"130\" \/><\/p>\n<p>&nbsp;<\/p>\n<div class=\"pvc_clear\"><\/div>\n<p id=\"pvc_stats_1443\" class=\"pvc_stats all  \" data-element-id=\"1443\" style=\"\"><i class=\"pvc-stats-icon medium\" aria-hidden=\"true\"><svg aria-hidden=\"true\" focusable=\"false\" data-prefix=\"far\" data-icon=\"chart-bar\" role=\"img\" xmlns=\"http:\/\/www.w3.org\/2000\/svg\" viewBox=\"0 0 512 512\" class=\"svg-inline--fa fa-chart-bar fa-w-16 fa-2x\"><path fill=\"currentColor\" d=\"M396.8 352h22.4c6.4 0 12.8-6.4 12.8-12.8V108.8c0-6.4-6.4-12.8-12.8-12.8h-22.4c-6.4 0-12.8 6.4-12.8 12.8v230.4c0 6.4 6.4 12.8 12.8 12.8zm-192 0h22.4c6.4 0 12.8-6.4 12.8-12.8V140.8c0-6.4-6.4-12.8-12.8-12.8h-22.4c-6.4 0-12.8 6.4-12.8 12.8v198.4c0 6.4 6.4 12.8 12.8 12.8zm96 0h22.4c6.4 0 12.8-6.4 12.8-12.8V204.8c0-6.4-6.4-12.8-12.8-12.8h-22.4c-6.4 0-12.8 6.4-12.8 12.8v134.4c0 6.4 6.4 12.8 12.8 12.8zM496 400H48V80c0-8.84-7.16-16-16-16H16C7.16 64 0 71.16 0 80v336c0 17.67 14.33 32 32 32h464c8.84 0 16-7.16 16-16v-16c0-8.84-7.16-16-16-16zm-387.2-48h22.4c6.4 0 12.8-6.4 12.8-12.8v-70.4c0-6.4-6.4-12.8-12.8-12.8h-22.4c-6.4 0-12.8 6.4-12.8 12.8v70.4c0 6.4 6.4 12.8 12.8 12.8z\" class=\"\"><\/path><\/svg><\/i> <img loading=\"lazy\" decoding=\"async\" width=\"16\" height=\"16\" alt=\"Loading\" src=\"https:\/\/inforgomes.pt\/social\/wp-content\/plugins\/page-views-count\/ajax-loader-2x.gif\" border=0 \/><\/p>\n<div class=\"pvc_clear\"><\/div>\n","protected":false},"excerpt":{"rendered":"<p>1 0 &nbsp; \ud83c\uddf5\ud83c\uddf9\u00a0OPINI\u00c3O Todos os anos vamos para a rua p\u00f4r \u00e0 vista uma realidade que contraria as ilus\u00f5es instiladas pela extrema-direita na opini\u00e3o p\u00fablica \u2013 que a maioria o da popula\u00e7\u00e3o se reconhece no 25 de Abril, que &hellip; <a href=\"https:\/\/inforgomes.pt\/social\/o-nosso-25-de-abril\/\">Continue reading <span class=\"meta-nav\">&rarr;<\/span><\/a><\/p>\n<div class=\"pvc_clear\"><\/div>\n<p id=\"pvc_stats_1443\" class=\"pvc_stats all  \" data-element-id=\"1443\" style=\"\"><i class=\"pvc-stats-icon medium\" aria-hidden=\"true\"><svg aria-hidden=\"true\" focusable=\"false\" data-prefix=\"far\" data-icon=\"chart-bar\" role=\"img\" xmlns=\"http:\/\/www.w3.org\/2000\/svg\" viewBox=\"0 0 512 512\" class=\"svg-inline--fa fa-chart-bar fa-w-16 fa-2x\"><path fill=\"currentColor\" d=\"M396.8 352h22.4c6.4 0 12.8-6.4 12.8-12.8V108.8c0-6.4-6.4-12.8-12.8-12.8h-22.4c-6.4 0-12.8 6.4-12.8 12.8v230.4c0 6.4 6.4 12.8 12.8 12.8zm-192 0h22.4c6.4 0 12.8-6.4 12.8-12.8V140.8c0-6.4-6.4-12.8-12.8-12.8h-22.4c-6.4 0-12.8 6.4-12.8 12.8v198.4c0 6.4 6.4 12.8 12.8 12.8zm96 0h22.4c6.4 0 12.8-6.4 12.8-12.8V204.8c0-6.4-6.4-12.8-12.8-12.8h-22.4c-6.4 0-12.8 6.4-12.8 12.8v134.4c0 6.4 6.4 12.8 12.8 12.8zM496 400H48V80c0-8.84-7.16-16-16-16H16C7.16 64 0 71.16 0 80v336c0 17.67 14.33 32 32 32h464c8.84 0 16-7.16 16-16v-16c0-8.84-7.16-16-16-16zm-387.2-48h22.4c6.4 0 12.8-6.4 12.8-12.8v-70.4c0-6.4-6.4-12.8-12.8-12.8h-22.4c-6.4 0-12.8 6.4-12.8 12.8v70.4c0 6.4 6.4 12.8 12.8 12.8z\" class=\"\"><\/path><\/svg><\/i> <img loading=\"lazy\" decoding=\"async\" width=\"16\" height=\"16\" alt=\"Loading\" src=\"https:\/\/inforgomes.pt\/social\/wp-content\/plugins\/page-views-count\/ajax-loader-2x.gif\" border=0 \/><\/p>\n<div class=\"pvc_clear\"><\/div>\n","protected":false},"author":1,"featured_media":0,"comment_status":"open","ping_status":"open","sticky":false,"template":"","format":"standard","meta":{"footnotes":""},"categories":[3,9,4,14],"tags":[],"class_list":["post-1443","post","type-post","status-publish","format-standard","hentry","category-diario-de-noticias","category-luis-castro-mendes","category-opiniao","category-portugal"],"a3_pvc":{"activated":true,"total_views":3,"today_views":3},"_links":{"self":[{"href":"https:\/\/inforgomes.pt\/social\/wp-json\/wp\/v2\/posts\/1443","targetHints":{"allow":["GET"]}}],"collection":[{"href":"https:\/\/inforgomes.pt\/social\/wp-json\/wp\/v2\/posts"}],"about":[{"href":"https:\/\/inforgomes.pt\/social\/wp-json\/wp\/v2\/types\/post"}],"author":[{"embeddable":true,"href":"https:\/\/inforgomes.pt\/social\/wp-json\/wp\/v2\/users\/1"}],"replies":[{"embeddable":true,"href":"https:\/\/inforgomes.pt\/social\/wp-json\/wp\/v2\/comments?post=1443"}],"version-history":[{"count":1,"href":"https:\/\/inforgomes.pt\/social\/wp-json\/wp\/v2\/posts\/1443\/revisions"}],"predecessor-version":[{"id":1444,"href":"https:\/\/inforgomes.pt\/social\/wp-json\/wp\/v2\/posts\/1443\/revisions\/1444"}],"wp:attachment":[{"href":"https:\/\/inforgomes.pt\/social\/wp-json\/wp\/v2\/media?parent=1443"}],"wp:term":[{"taxonomy":"category","embeddable":true,"href":"https:\/\/inforgomes.pt\/social\/wp-json\/wp\/v2\/categories?post=1443"},{"taxonomy":"post_tag","embeddable":true,"href":"https:\/\/inforgomes.pt\/social\/wp-json\/wp\/v2\/tags?post=1443"}],"curies":[{"name":"wp","href":"https:\/\/api.w.org\/{rel}","templated":true}]}}